{"id":4033,"date":"2023-06-14T16:21:43","date_gmt":"2023-06-14T14:21:43","guid":{"rendered":"https:\/\/eifeil.com\/?p=4033"},"modified":"2023-07-06T10:17:05","modified_gmt":"2023-07-06T08:17:05","slug":"cnm-sacem-scpp-sppf-qui-peut-vous-aider-dans-votre-projet-musical","status":"publish","type":"post","link":"https:\/\/eifeil.com\/index.php\/2023\/06\/14\/cnm-sacem-scpp-sppf-qui-peut-vous-aider-dans-votre-projet-musical\/","title":{"rendered":"CNM, SACEM, SCPP, SPPF\u00a0 \u2026 qui peut vous aider dans votre projet musical ?"},"content":{"rendered":"\t\t<div data-elementor-type=\"wp-post\" data-elementor-id=\"4033\" class=\"elementor elementor-4033\">\n\t\t\t\t\t\t<section class=\"elementor-section elementor-top-section elementor-element elementor-element-218bdbb elementor-section-boxed elementor-section-height-default elementor-section-height-default\" data-id=\"218bdbb\" data-element_type=\"section\" data-e-type=\"section\">\n\t\t\t\t\t\t<div class=\"elementor-container elementor-column-gap-default\">\n\t\t\t\t\t<div class=\"elementor-column elementor-col-100 elementor-top-column elementor-element elementor-element-28d264a\" data-id=\"28d264a\" data-element_type=\"column\" data-e-type=\"column\">\n\t\t\t<div class=\"elementor-widget-wrap elementor-element-populated\">\n\t\t\t\t\t\t<div class=\"elementor-element elementor-element-6ee8187 elementor-widget elementor-widget-spacer\" data-id=\"6ee8187\" data-element_type=\"widget\" data-e-type=\"widget\" data-widget_type=\"spacer.default\">\n\t\t\t\t<div class=\"elementor-widget-container\">\n\t\t\t\t\t\t\t<div class=\"elementor-spacer\">\n\t\t\t<div class=\"elementor-spacer-inner\"><\/div>\n\t\t<\/div>\n\t\t\t\t\t\t<\/div>\n\t\t\t\t<\/div>\n\t\t\t\t<div class=\"elementor-element elementor-element-7df2b90 elementor-widget elementor-widget-text-editor\" data-id=\"7df2b90\" data-element_type=\"widget\" data-e-type=\"widget\" data-widget_type=\"text-editor.default\">\n\t\t\t\t<div class=\"elementor-widget-container\">\n\t\t\t\t\t\t\t\t\t<p>Obtenir une aide financi\u00e8re pour un projet musical est souvent une \u00e9tape essentielle, en particulier pour les artistes, musiciens et professionnels ind\u00e9pendants. Cela peut soutenir la production d&rsquo;un album, d&rsquo;un clip vid\u00e9o ou m\u00eame d&rsquo;une tourn\u00e9e. Il existe divers dispositifs d&rsquo;aide propos\u00e9s par diff\u00e9rents organismes, accessibles en fonction de votre projet et de votre statut.<\/p><p>Dans cet article, nous avons choisi de vous pr\u00e9senter les soutiens offerts aux auteurs, compositeurs et \u00e9diteurs par quatre organismes diff\u00e9rents : le CNM, la Sacem, la SCPP et la SPPF.<\/p><p>Ces aides peuvent parfois \u00eatre cumulatives, vous permettant ainsi de d\u00e9velopper plus facilement vos projets et de stimuler votre carri\u00e8re !<\/p>\t\t\t\t\t\t\t\t<\/div>\n\t\t\t\t<\/div>\n\t\t\t\t<div class=\"elementor-element elementor-element-6f82a05 elementor-widget elementor-widget-spacer\" data-id=\"6f82a05\" data-element_type=\"widget\" data-e-type=\"widget\" data-widget_type=\"spacer.default\">\n\t\t\t\t<div class=\"elementor-widget-container\">\n\t\t\t\t\t\t\t<div class=\"elementor-spacer\">\n\t\t\t<div class=\"elementor-spacer-inner\"><\/div>\n\t\t<\/div>\n\t\t\t\t\t\t<\/div>\n\t\t\t\t<\/div>\n\t\t\t\t<div class=\"elementor-element elementor-element-9c56532 elementor-widget elementor-widget-image\" data-id=\"9c56532\" data-element_type=\"widget\" data-e-type=\"widget\" data-widget_type=\"image.default\">\n\t\t\t\t<div class=\"elementor-widget-container\">\n\t\t\t\t\t\t\t\t\t\t\t\t\t\t\t<img fetchpriority=\"high\" decoding=\"async\" width=\"1024\" height=\"683\" src=\"https:\/\/eifeil.com\/wp-content\/uploads\/2023\/06\/fabian-blank-pElSkGRA2NU-unsplash-1024x683.jpg\" class=\"attachment-large size-large wp-image-4063\" alt=\"\" srcset=\"https:\/\/eifeil.com\/wp-content\/uploads\/2023\/06\/fabian-blank-pElSkGRA2NU-unsplash-1024x683.jpg 1024w, https:\/\/eifeil.com\/wp-content\/uploads\/2023\/06\/fabian-blank-pElSkGRA2NU-unsplash-300x200.jpg 300w, https:\/\/eifeil.com\/wp-content\/uploads\/2023\/06\/fabian-blank-pElSkGRA2NU-unsplash-768x512.jpg 768w, https:\/\/eifeil.com\/wp-content\/uploads\/2023\/06\/fabian-blank-pElSkGRA2NU-unsplash-1536x1024.jpg 1536w, https:\/\/eifeil.com\/wp-content\/uploads\/2023\/06\/fabian-blank-pElSkGRA2NU-unsplash-2048x1365.jpg 2048w, https:\/\/eifeil.com\/wp-content\/uploads\/2023\/06\/fabian-blank-pElSkGRA2NU-unsplash-1000x667.jpg 1000w, https:\/\/eifeil.com\/wp-content\/uploads\/2023\/06\/fabian-blank-pElSkGRA2NU-unsplash-230x153.jpg 230w, https:\/\/eifeil.com\/wp-content\/uploads\/2023\/06\/fabian-blank-pElSkGRA2NU-unsplash-350x233.jpg 350w, https:\/\/eifeil.com\/wp-content\/uploads\/2023\/06\/fabian-blank-pElSkGRA2NU-unsplash-480x320.jpg 480w\" sizes=\"(max-width: 1024px) 100vw, 1024px\" \/>\t\t\t\t\t\t\t\t\t\t\t\t\t\t\t<\/div>\n\t\t\t\t<\/div>\n\t\t\t\t<div class=\"elementor-element elementor-element-42dac38 elementor-widget elementor-widget-spacer\" data-id=\"42dac38\" data-element_type=\"widget\" data-e-type=\"widget\" data-widget_type=\"spacer.default\">\n\t\t\t\t<div class=\"elementor-widget-container\">\n\t\t\t\t\t\t\t<div class=\"elementor-spacer\">\n\t\t\t<div class=\"elementor-spacer-inner\"><\/div>\n\t\t<\/div>\n\t\t\t\t\t\t<\/div>\n\t\t\t\t<\/div>\n\t\t\t\t\t<\/div>\n\t\t<\/div>\n\t\t\t\t\t<\/div>\n\t\t<\/section>\n\t\t\t\t<section class=\"elementor-section elementor-top-section elementor-element elementor-element-5d27ede elementor-section-boxed elementor-section-height-default elementor-section-height-default\" data-id=\"5d27ede\" data-element_type=\"section\" data-e-type=\"section\">\n\t\t\t\t\t\t<div class=\"elementor-container elementor-column-gap-default\">\n\t\t\t\t\t<div class=\"elementor-column elementor-col-100 elementor-top-column elementor-element elementor-element-7149514\" data-id=\"7149514\" data-element_type=\"column\" data-e-type=\"column\">\n\t\t\t<div class=\"elementor-widget-wrap elementor-element-populated\">\n\t\t\t\t\t\t<div class=\"elementor-element elementor-element-b5e50c3 elementor-widget elementor-widget-heading\" data-id=\"b5e50c3\" data-element_type=\"widget\" data-e-type=\"widget\" data-widget_type=\"heading.default\">\n\t\t\t\t<div class=\"elementor-widget-container\">\n\t\t\t\t\t<h2 class=\"elementor-heading-title elementor-size-default\">Le Centre National de la Musique (CNM)\n<\/h2>\t\t\t\t<\/div>\n\t\t\t\t<\/div>\n\t\t\t\t<div class=\"elementor-element elementor-element-b699044 elementor-widget elementor-widget-spacer\" data-id=\"b699044\" data-element_type=\"widget\" data-e-type=\"widget\" data-widget_type=\"spacer.default\">\n\t\t\t\t<div class=\"elementor-widget-container\">\n\t\t\t\t\t\t\t<div class=\"elementor-spacer\">\n\t\t\t<div class=\"elementor-spacer-inner\"><\/div>\n\t\t<\/div>\n\t\t\t\t\t\t<\/div>\n\t\t\t\t<\/div>\n\t\t\t\t<div class=\"elementor-element elementor-element-719b849 elementor-widget elementor-widget-text-editor\" data-id=\"719b849\" data-element_type=\"widget\" data-e-type=\"widget\" data-widget_type=\"text-editor.default\">\n\t\t\t\t<div class=\"elementor-widget-container\">\n\t\t\t\t\t\t\t\t\t<p>Depuis 2020, le\u00a0<a href=\"https:\/\/cnm.fr\/\" target=\"_blank\" rel=\"noopener\">CNM<\/a>\u00a0joue un r\u00f4le important dans le soutien de l&rsquo;industrie musicale en France, \u00e0 travers diverses missions, notamment en proposant une gamme de dispositifs d&rsquo;aide financi\u00e8re.<\/p><p>Depuis juillet 2022, le CNM a introduit\u00a0<a href=\"https:\/\/cnm.fr\/aides\/aides-auteurs-compositeurs\/\" target=\"_blank\" rel=\"noopener\"><b>la bourse pour les auteurs-compositeurs<\/b><\/a>. Cette aide est sp\u00e9cifiquement destin\u00e9e aux auteurs et compositeurs d&rsquo;\u0153uvres musicales, soutenant leurs activit\u00e9s d&rsquo;\u00e9criture, de composition et m\u00eame de r\u00e9flexion et de recherche. Elle peut \u00e9galement \u00eatre utilis\u00e9e pour l&rsquo;acquisition d&rsquo;outils d\u00e9di\u00e9s \u00e0 la cr\u00e9ation. Veuillez noter que cette bourse suit un calendrier strict, donc assurez-vous de bien v\u00e9rifier les dates de d\u00e9p\u00f4t.<\/p><p>Pour les \u00e9diteurs de musique, le CNM a mis en place\u00a0<a href=\"https:\/\/cnm.fr\/aides\/editeurs\/developpement-editorial\/\" target=\"_blank\" rel=\"noopener\"><b>l&rsquo;aide au d\u00e9veloppement \u00e9ditorial<\/b><\/a>, qui vise \u00e0 soutenir les projets de d\u00e9veloppement \u00e9ditorial centr\u00e9s sur un auteur ou un compositeur. L&rsquo;objectif est de favoriser l&rsquo;\u00e9mergence de nouveaux talents, de soutenir la cr\u00e9ation, de faciliter la prise de risque de l&rsquo;\u00e9diteur et de l&rsquo;encourager \u00e0 investir \u00e0 long terme dans les projets de d\u00e9veloppement de carri\u00e8re artistique.<\/p><p><b>Pour acc\u00e9der \u00e0 ces aides financi\u00e8res, certaines \u00e9tapes sont obligatoires :<\/b><\/p>\t\t\t\t\t\t\t\t<\/div>\n\t\t\t\t<\/div>\n\t\t\t\t<div class=\"elementor-element elementor-element-67b1803 elementor-widget elementor-widget-text-editor\" data-id=\"67b1803\" data-element_type=\"widget\" data-e-type=\"widget\" data-widget_type=\"text-editor.default\">\n\t\t\t\t<div class=\"elementor-widget-container\">\n\t\t\t\t\t\t\t\t\t<ol>\n<li><strong>S&rsquo;affilier au CNM :<\/strong> Pour \u00eatre \u00e9ligible, vous devez \u00eatre un acteur de la fili\u00e8re musicale en France, qu&rsquo;il s&rsquo;agisse d&rsquo;un artiste, d&rsquo;un producteur, d&rsquo;un \u00e9diteur, d&rsquo;un distributeur, etc. Vous devez vous affilier au CNM en remplissant chaque ann\u00e9e un court formulaire avec toutes les informations vous concernant ou concernant votre structure.<\/li>\n<li><strong>R\u00e9pondre aux crit\u00e8res d&rsquo;\u00e9ligibilit\u00e9 de l&rsquo;aide :<\/strong> Vous devez avoir un projet de cr\u00e9ation, de production, de promotion ou de diffusion de musique, et vous devez prendre connaissance des sp\u00e9cificit\u00e9s de chaque dispositif d&rsquo;aide afin de v\u00e9rifier si vous correspondez aux crit\u00e8res requis.<\/li>\n<li>\n<p><strong>Constituer un dossier de demande :<\/strong> Votre dossier de demande devra inclure un descriptif d\u00e9taill\u00e9 du projet, un budget pr\u00e9visionnel, une pr\u00e9sentation du porteur de projet ainsi que son parcours artistique, et d&rsquo;autres document n\u00e9cessaires selon les exigences sp\u00e9cifiques du dispositif d&rsquo;aide vis\u00e9.<\/p>\n<\/li>\n<\/ol>\n<p>En suivant ces \u00e9tapes, vous augmenterez vos chances de b\u00e9n\u00e9ficier des aides financi\u00e8res du CNM pour soutenir votre projet musical.<\/p>\t\t\t\t\t\t\t\t<\/div>\n\t\t\t\t<\/div>\n\t\t\t\t<div class=\"elementor-element elementor-element-b421cb7 elementor-widget elementor-widget-spacer\" data-id=\"b421cb7\" data-element_type=\"widget\" data-e-type=\"widget\" data-widget_type=\"spacer.default\">\n\t\t\t\t<div class=\"elementor-widget-container\">\n\t\t\t\t\t\t\t<div class=\"elementor-spacer\">\n\t\t\t<div class=\"elementor-spacer-inner\"><\/div>\n\t\t<\/div>\n\t\t\t\t\t\t<\/div>\n\t\t\t\t<\/div>\n\t\t\t\t\t<\/div>\n\t\t<\/div>\n\t\t\t\t\t<\/div>\n\t\t<\/section>\n\t\t\t\t<section class=\"elementor-section elementor-top-section elementor-element elementor-element-326ea3c elementor-section-boxed elementor-section-height-default elementor-section-height-default\" data-id=\"326ea3c\" data-element_type=\"section\" data-e-type=\"section\">\n\t\t\t\t\t\t<div class=\"elementor-container elementor-column-gap-default\">\n\t\t\t\t\t<div class=\"elementor-column elementor-col-100 elementor-top-column elementor-element elementor-element-1ea4e2d\" data-id=\"1ea4e2d\" data-element_type=\"column\" data-e-type=\"column\">\n\t\t\t<div class=\"elementor-widget-wrap elementor-element-populated\">\n\t\t\t\t\t\t<div class=\"elementor-element elementor-element-86fcf15 elementor-widget elementor-widget-heading\" data-id=\"86fcf15\" data-element_type=\"widget\" data-e-type=\"widget\" data-widget_type=\"heading.default\">\n\t\t\t\t<div class=\"elementor-widget-container\">\n\t\t\t\t\t<h2 class=\"elementor-heading-title elementor-size-default\">La Sacem : Soci\u00e9t\u00e9 des auteurs, compositeurs et \u00e9diteurs de musique<\/h2>\t\t\t\t<\/div>\n\t\t\t\t<\/div>\n\t\t\t\t<div class=\"elementor-element elementor-element-ba40e04 elementor-widget elementor-widget-spacer\" data-id=\"ba40e04\" data-element_type=\"widget\" data-e-type=\"widget\" data-widget_type=\"spacer.default\">\n\t\t\t\t<div class=\"elementor-widget-container\">\n\t\t\t\t\t\t\t<div class=\"elementor-spacer\">\n\t\t\t<div class=\"elementor-spacer-inner\"><\/div>\n\t\t<\/div>\n\t\t\t\t\t\t<\/div>\n\t\t\t\t<\/div>\n\t\t\t\t<div class=\"elementor-element elementor-element-02bb1b7 elementor-widget elementor-widget-text-editor\" data-id=\"02bb1b7\" data-element_type=\"widget\" data-e-type=\"widget\" data-widget_type=\"text-editor.default\">\n\t\t\t\t<div class=\"elementor-widget-container\">\n\t\t\t\t\t\t\t\t\t<p>La\u00a0<a href=\"https:\/\/www.sacem.fr\/\" target=\"_blank\" rel=\"noopener\">Sacem<\/a>, en tant qu&rsquo;organisme de gestion et de collecte des droits d&rsquo;auteur en France, offre \u00e9galement son soutien. En plus de ses activit\u00e9s principales, elle propose de nombreuses aides financi\u00e8res accessibles tout au long de l&rsquo;ann\u00e9e \u00e0 ses membres adh\u00e9rents.<\/p>\t\t\t\t\t\t\t\t<\/div>\n\t\t\t\t<\/div>\n\t\t\t\t<div class=\"elementor-element elementor-element-fa55679 elementor-widget elementor-widget-text-editor\" data-id=\"fa55679\" data-element_type=\"widget\" data-e-type=\"widget\" data-widget_type=\"text-editor.default\">\n\t\t\t\t<div class=\"elementor-widget-container\">\n\t\t\t\t\t\t\t\t\t<ul><li><strong>Les aides \u00e0 la cr\u00e9ation,<\/strong> qui soutiennent les projets de cr\u00e9ation musicale tels que la composition de nouvelles \u0153uvres ou la r\u00e9alisation d&rsquo;enregistrements sonores.<\/li><li><strong>Les aides \u00e0 la diffusion,<\/strong> qui soutiennent la promotion et la diffusion de la musique \u00e0 travers des concerts, des tourn\u00e9es, etc.<\/li><li><strong>Les aides aux projets innovants,<\/strong> qui soutiennent les initiatives novatrices dans le domaine de la musique.<\/li><\/ul><p>Ces aides offrent une opportunit\u00e9 pr\u00e9cieuse aux cr\u00e9ateurs musicaux pour d\u00e9velopper leurs projets et faire progresser leur carri\u00e8re.<\/p>\t\t\t\t\t\t\t\t<\/div>\n\t\t\t\t<\/div>\n\t\t\t\t<div class=\"elementor-element elementor-element-fa18d47 elementor-widget elementor-widget-text-editor\" data-id=\"fa18d47\" data-element_type=\"widget\" data-e-type=\"widget\" data-widget_type=\"text-editor.default\">\n\t\t\t\t<div class=\"elementor-widget-container\">\n\t\t\t\t\t\t\t\t\t<p><span style=\"font-weight: 400;\">Concernant les aides \u00e0 la cr\u00e9ation, la Sacem a mis en place une\u00a0<\/span><a href=\"https:\/\/aide-aux-projets.sacem.fr\/nos-programmes-aide\/aide-a-lautoproduction---physique-etou-dematerialisee\/consultation\" target=\"_blank\" rel=\"noopener\" data-wplink-edit=\"true\"><b>aide \u00e0 l&rsquo;autoproduction<\/b><\/a><span style=\"font-weight: 400;\">, destin\u00e9e aux auteur.e.s et\/ ou compositeur.trice.s. Celle-ci vous permettra alors de financer la sortie de votre premier projet (en ligne ou en sortie physique) !\u00a0<\/span><\/p><p><span style=\"font-weight: 400;\">La Sacem propose \u00e9galement une <\/span><b>aide au d\u00e9veloppement \u00e9ditorial<\/b><span style=\"font-weight: 400;\"> pour les \u00e9diteur.trice.s de musiques pour leurs projets de d\u00e9veloppement de leurs auteur.e.s et\/ou compositeur.trice.s et de la valorisation de leurs catalogues.<\/span><\/p><p><strong>Cette aide se compose de deux volets :\u00a0<\/strong><\/p>\t\t\t\t\t\t\t\t<\/div>\n\t\t\t\t<\/div>\n\t\t\t\t<div class=\"elementor-element elementor-element-2931981 elementor-widget elementor-widget-text-editor\" data-id=\"2931981\" data-element_type=\"widget\" data-e-type=\"widget\" data-widget_type=\"text-editor.default\">\n\t\t\t\t<div class=\"elementor-widget-container\">\n\t\t\t\t\t\t\t\t\t<p>La Sacem propose diff\u00e9rentes aides sp\u00e9cifiques :<\/p><ol><li><p><a style=\"background-color: #ffffff; font-family: -apple-system, BlinkMacSystemFont, 'Segoe UI', Roboto, Oxygen-Sans, Ubuntu, Cantarell, 'Helvetica Neue', sans-serif;\" href=\"https:\/\/aide-aux-projets.sacem.fr\/nos-programmes-aide\/aide-a-lautoproduction---physique-etou-dematerialisee\/consultation\" target=\"_blank\" rel=\"noopener\"><b>Aide \u00e0 l&rsquo;autoproduction :<\/b><\/a>\u00a0Destin\u00e9e aux auteurs et\/ou compositeurs, cette aide vise \u00e0 financer la sortie de leur premier projet musical, que ce soit en ligne ou en format physique.<\/p><\/li><li><p><a style=\"background-color: #ffffff; font-family: -apple-system, BlinkMacSystemFont, 'Segoe UI', Roboto, Oxygen-Sans, Ubuntu, Cantarell, 'Helvetica Neue', sans-serif;\" href=\"https:\/\/aide-aux-projets.sacem.fr\/nos-programmes-aide\/aide-au-developpement-editorial\/consultation\" target=\"_blank\" rel=\"noopener\"><b>Aide au d\u00e9veloppement \u00e9ditorial <\/b>:<\/a>\u00a0Cette aide est d\u00e9di\u00e9e aux \u00e9diteurs de musique pour soutenir leurs projets de d\u00e9veloppement des auteurs et\/ou compositeurs, ainsi que la valorisation de leurs catalogues. Elle comprend deux volets distincts :<\/p><ul><li><b>Volet 1 :<\/b> Soutien aux projets \u00e9ditoriaux pour encourager l&rsquo;\u00e9mergence de nouveaux talents et favoriser la cr\u00e9ation musicale.<\/li><li><b>Volet 2 :<\/b> Aide \u00e0 la promotion et \u00e0 la diffusion des \u0153uvres \u00e9ditoriales, permettant de mettre en avant les cr\u00e9ations et d&rsquo;\u00e9largir leur visibilit\u00e9.<\/li><\/ul><\/li><\/ol><p>Ces aides de la Sacem offrent des opportunit\u00e9s concr\u00e8tes pour les auteurs, compositeurs et \u00e9diteurs afin de d\u00e9velopper leurs projets et de promouvoir leur carri\u00e8re musicale.<\/p>\t\t\t\t\t\t\t\t<\/div>\n\t\t\t\t<\/div>\n\t\t\t\t<div class=\"elementor-element elementor-element-dbdf7d4 elementor-widget elementor-widget-text-editor\" data-id=\"dbdf7d4\" data-element_type=\"widget\" data-e-type=\"widget\" data-widget_type=\"text-editor.default\">\n\t\t\t\t<div class=\"elementor-widget-container\">\n\t\t\t\t\t\t\t\t\t<p>Pour b\u00e9n\u00e9ficier de ces aides, il est imp\u00e9ratif d&rsquo;\u00eatre membre adh\u00e9rent de la Sacem. <strong>Ne perdez pas de temps et rejoignez d\u00e8s maintenant cette organisation !<\/strong> Pour soumettre une demande, rendez-vous sur votre espace personnel en ligne et veillez \u00e0 pr\u00e9parer tous les documents n\u00e9cessaires : assurez-vous de remplir soigneusement le formulaire et le budget, et fournissez tous les justificatifs demand\u00e9s. La Sacem proc\u00e9dera ensuite \u00e0 l&rsquo;examen de votre demande afin de v\u00e9rifier si vous remplissez les crit\u00e8res d&rsquo;attribution de l&rsquo;aide financi\u00e8re.<\/p>\t\t\t\t\t\t\t\t<\/div>\n\t\t\t\t<\/div>\n\t\t\t\t<div class=\"elementor-element elementor-element-0c0a00b elementor-widget elementor-widget-text-editor\" data-id=\"0c0a00b\" data-element_type=\"widget\" data-e-type=\"widget\" data-widget_type=\"text-editor.default\">\n\t\t\t\t<div class=\"elementor-widget-container\">\n\t\t\t\t\t\t\t\t\t<p><strong>D\u00e9couvrez notre formation en ligne \u00ab\u00a0Comment financer son projet musical\u00a0\u00bb, sp\u00e9cialement con\u00e7ue pour vous aider \u00e0 monter un dossier de subvention et \u00e0 ma\u00eetriser les crit\u00e8res d&rsquo;\u00e9ligibilit\u00e9 aux aides du CNM et de la Sacem. Cette\u00a0<\/strong><a href=\"https:\/\/eifeil.com\/index.php\/e-learning\/\" target=\"_blank\" rel=\"noopener\"><b>formation en ligne<\/b><\/a><strong>\u00a0est accessible \u00e0 tous et vous permettra de rapidement comprendre les \u00e9tapes essentielles de la recherche de financement pour votre projet musical. Pour en savoir plus et y acc\u00e9der,\u00a0<\/strong><a style=\"font-weight: bold;\" href=\"https:\/\/federationeifeil.systeme.io\/financer-ses-projets-artistiques\" target=\"_blank\" rel=\"noopener\">cliquez ici<\/a>.<\/p>\t\t\t\t\t\t\t\t<\/div>\n\t\t\t\t<\/div>\n\t\t\t\t<div class=\"elementor-element elementor-element-be2d813 elementor-widget elementor-widget-spacer\" data-id=\"be2d813\" data-element_type=\"widget\" data-e-type=\"widget\" data-widget_type=\"spacer.default\">\n\t\t\t\t<div class=\"elementor-widget-container\">\n\t\t\t\t\t\t\t<div class=\"elementor-spacer\">\n\t\t\t<div class=\"elementor-spacer-inner\"><\/div>\n\t\t<\/div>\n\t\t\t\t\t\t<\/div>\n\t\t\t\t<\/div>\n\t\t\t\t\t<\/div>\n\t\t<\/div>\n\t\t\t\t\t<\/div>\n\t\t<\/section>\n\t\t\t\t<section class=\"elementor-section elementor-top-section elementor-element elementor-element-9d962aa elementor-section-boxed elementor-section-height-default elementor-section-height-default\" data-id=\"9d962aa\" data-element_type=\"section\" data-e-type=\"section\">\n\t\t\t\t\t\t<div class=\"elementor-container elementor-column-gap-default\">\n\t\t\t\t\t<div class=\"elementor-column elementor-col-100 elementor-top-column elementor-element elementor-element-5ee6bbf\" data-id=\"5ee6bbf\" data-element_type=\"column\" data-e-type=\"column\">\n\t\t\t<div class=\"elementor-widget-wrap elementor-element-populated\">\n\t\t\t\t\t\t<div class=\"elementor-element elementor-element-1ed14cd elementor-widget-divider--view-line elementor-widget elementor-widget-divider\" data-id=\"1ed14cd\" data-element_type=\"widget\" data-e-type=\"widget\" data-widget_type=\"divider.default\">\n\t\t\t\t<div class=\"elementor-widget-container\">\n\t\t\t\t\t\t\t<div class=\"elementor-divider\">\n\t\t\t<span class=\"elementor-divider-separator\">\n\t\t\t\t\t\t<\/span>\n\t\t<\/div>\n\t\t\t\t\t\t<\/div>\n\t\t\t\t<\/div>\n\t\t\t\t<div class=\"elementor-element elementor-element-146116d elementor-widget elementor-widget-spacer\" data-id=\"146116d\" data-element_type=\"widget\" data-e-type=\"widget\" data-widget_type=\"spacer.default\">\n\t\t\t\t<div class=\"elementor-widget-container\">\n\t\t\t\t\t\t\t<div class=\"elementor-spacer\">\n\t\t\t<div class=\"elementor-spacer-inner\"><\/div>\n\t\t<\/div>\n\t\t\t\t\t\t<\/div>\n\t\t\t\t<\/div>\n\t\t\t\t<div class=\"elementor-element elementor-element-31405d9 elementor-widget elementor-widget-text-editor\" data-id=\"31405d9\" data-element_type=\"widget\" data-e-type=\"widget\" data-widget_type=\"text-editor.default\">\n\t\t\t\t<div class=\"elementor-widget-container\">\n\t\t\t\t\t\t\t\t\t<p>Deux autres organismes, la <strong>SCPP<\/strong> et la<strong> SPPF<\/strong>, offrent \u00e9galement des dispositifs d&rsquo;aide pour soutenir vos projets musicaux. En tant qu&rsquo;organismes de gestion collective, ils collectent et redistribuent les droits voisins aux producteurs phonographiques. Cependant, ces deux structures peuvent \u00e9galement fournir un soutien financier pour vos projets musicaux.<\/p>\t\t\t\t\t\t\t\t<\/div>\n\t\t\t\t<\/div>\n\t\t\t\t<div class=\"elementor-element elementor-element-9a435bf elementor-widget elementor-widget-spacer\" data-id=\"9a435bf\" data-element_type=\"widget\" data-e-type=\"widget\" data-widget_type=\"spacer.default\">\n\t\t\t\t<div class=\"elementor-widget-container\">\n\t\t\t\t\t\t\t<div class=\"elementor-spacer\">\n\t\t\t<div class=\"elementor-spacer-inner\"><\/div>\n\t\t<\/div>\n\t\t\t\t\t\t<\/div>\n\t\t\t\t<\/div>\n\t\t\t\t\t<\/div>\n\t\t<\/div>\n\t\t\t\t\t<\/div>\n\t\t<\/section>\n\t\t\t\t<section class=\"elementor-section elementor-top-section elementor-element elementor-element-b3a602b elementor-section-boxed elementor-section-height-default elementor-section-height-default\" data-id=\"b3a602b\" data-element_type=\"section\" data-e-type=\"section\">\n\t\t\t\t\t\t<div class=\"elementor-container elementor-column-gap-default\">\n\t\t\t\t\t<div class=\"elementor-column elementor-col-100 elementor-top-column elementor-element elementor-element-21a0f73\" data-id=\"21a0f73\" data-element_type=\"column\" data-e-type=\"column\">\n\t\t\t<div class=\"elementor-widget-wrap elementor-element-populated\">\n\t\t\t\t\t\t<div class=\"elementor-element elementor-element-dce27e9 elementor-widget elementor-widget-heading\" data-id=\"dce27e9\" data-element_type=\"widget\" data-e-type=\"widget\" data-widget_type=\"heading.default\">\n\t\t\t\t<div class=\"elementor-widget-container\">\n\t\t\t\t\t<h2 class=\"elementor-heading-title elementor-size-default\">La SCPP : Soci\u00e9t\u00e9 civile des producteurs phonographiques\n<\/h2>\t\t\t\t<\/div>\n\t\t\t\t<\/div>\n\t\t\t\t<div class=\"elementor-element elementor-element-3693a79 elementor-widget elementor-widget-spacer\" data-id=\"3693a79\" data-element_type=\"widget\" data-e-type=\"widget\" data-widget_type=\"spacer.default\">\n\t\t\t\t<div class=\"elementor-widget-container\">\n\t\t\t\t\t\t\t<div class=\"elementor-spacer\">\n\t\t\t<div class=\"elementor-spacer-inner\"><\/div>\n\t\t<\/div>\n\t\t\t\t\t\t<\/div>\n\t\t\t\t<\/div>\n\t\t\t\t<div class=\"elementor-element elementor-element-66b16fe elementor-widget elementor-widget-text-editor\" data-id=\"66b16fe\" data-element_type=\"widget\" data-e-type=\"widget\" data-widget_type=\"text-editor.default\">\n\t\t\t\t<div class=\"elementor-widget-container\">\n\t\t\t\t\t\t\t\t\t<p>Afin de b\u00e9n\u00e9ficier des dispositifs d&rsquo;aide de la\u00a0<a href=\"https:\/\/www.scpp.fr\/fr\/Pages\/default.aspx\" target=\"_blank\" rel=\"noopener\"><b>SCPP<\/b><\/a>, il est imp\u00e9ratif d&rsquo;\u00eatre membre de cette soci\u00e9t\u00e9. Cela signifie \u00eatre un producteur phonographique adh\u00e9rent \u00e0 cet organisme et d\u00e9clarer ses \u0153uvres aupr\u00e8s de la SCPP. Cette adh\u00e9sion et la d\u00e9claration des \u0153uvres sont des pr\u00e9requis indispensables pour pouvoir profiter des aides offertes par la SCPP.<\/p>\t\t\t\t\t\t\t\t<\/div>\n\t\t\t\t<\/div>\n\t\t\t\t<div class=\"elementor-element elementor-element-69040ed elementor-widget elementor-widget-text-editor\" data-id=\"69040ed\" data-element_type=\"widget\" data-e-type=\"widget\" data-widget_type=\"text-editor.default\">\n\t\t\t\t<div class=\"elementor-widget-container\">\n\t\t\t\t\t\t\t\t\t<ul><li style=\"font-weight: 400;\" aria-level=\"1\"><span style=\"font-weight: 400;\">L\u2019aide \u00e0 la cr\u00e9ation d\u2019enregistrements<\/span><\/li><li style=\"font-weight: 400;\" aria-level=\"1\"><span style=\"font-weight: 400;\">L\u2019aide \u00e0 la diffusion de spectacle vivant<\/span><\/li><li style=\"font-weight: 400;\" aria-level=\"1\"><span style=\"font-weight: 400;\">L\u2019aide \u00e0 la cr\u00e9ation de vid\u00e9omusiques<\/span><\/li><li style=\"font-weight: 400;\" aria-level=\"1\"><span style=\"font-weight: 400;\">L&rsquo;aide aux concerts (convention SCPP \/ Salle de spectacles)<\/span><\/li><li style=\"font-weight: 400;\" aria-level=\"1\"><span style=\"font-weight: 400;\">L&rsquo;aide aux formations artistes<\/span><\/li><li style=\"font-weight: 400;\" aria-level=\"1\"><span style=\"font-weight: 400;\">Les projets sp\u00e9ciaux<\/span><\/li><\/ul>\t\t\t\t\t\t\t\t<\/div>\n\t\t\t\t<\/div>\n\t\t\t\t<div class=\"elementor-element elementor-element-d633ac5 elementor-widget elementor-widget-text-editor\" data-id=\"d633ac5\" data-element_type=\"widget\" data-e-type=\"widget\" data-widget_type=\"text-editor.default\">\n\t\t\t\t<div class=\"elementor-widget-container\">\n\t\t\t\t\t\t\t\t\t<p>Les demandes d&rsquo;<a href=\"https:\/\/www.scpp.fr\/fr\/Pages\/liste-subventions.aspx\" target=\"_blank\" rel=\"noopener\"><b>aide financi\u00e8re<\/b><\/a>\u00a0doivent \u00eatre soumises \u00e0 la SCPP. Une commission compos\u00e9e de professionnels, \u00e9lus par le Conseil d&rsquo;Administration de l&rsquo;organisme, examine ces demandes en tenant compte de divers crit\u00e8res tels que la qualit\u00e9 artistique, la viabilit\u00e9 \u00e9conomique et la participation financi\u00e8re d&rsquo;autres partenaires. Cette \u00e9valuation rigoureuse permet de prendre des d\u00e9cisions \u00e9quitables et d&rsquo;allouer les aides de mani\u00e8re avis\u00e9e.<\/p>\t\t\t\t\t\t\t\t<\/div>\n\t\t\t\t<\/div>\n\t\t\t\t<div class=\"elementor-element elementor-element-e0d1d3a elementor-widget elementor-widget-spacer\" data-id=\"e0d1d3a\" data-element_type=\"widget\" data-e-type=\"widget\" data-widget_type=\"spacer.default\">\n\t\t\t\t<div class=\"elementor-widget-container\">\n\t\t\t\t\t\t\t<div class=\"elementor-spacer\">\n\t\t\t<div class=\"elementor-spacer-inner\"><\/div>\n\t\t<\/div>\n\t\t\t\t\t\t<\/div>\n\t\t\t\t<\/div>\n\t\t\t\t\t<\/div>\n\t\t<\/div>\n\t\t\t\t\t<\/div>\n\t\t<\/section>\n\t\t\t\t<section class=\"elementor-section elementor-top-section elementor-element elementor-element-f1d8910 elementor-section-boxed elementor-section-height-default elementor-section-height-default\" data-id=\"f1d8910\" data-element_type=\"section\" data-e-type=\"section\">\n\t\t\t\t\t\t<div class=\"elementor-container elementor-column-gap-default\">\n\t\t\t\t\t<div class=\"elementor-column elementor-col-100 elementor-top-column elementor-element elementor-element-63ab625\" data-id=\"63ab625\" data-element_type=\"column\" data-e-type=\"column\">\n\t\t\t<div class=\"elementor-widget-wrap elementor-element-populated\">\n\t\t\t\t\t\t<div class=\"elementor-element elementor-element-4105f9a elementor-widget elementor-widget-heading\" data-id=\"4105f9a\" data-element_type=\"widget\" data-e-type=\"widget\" data-widget_type=\"heading.default\">\n\t\t\t\t<div class=\"elementor-widget-container\">\n\t\t\t\t\t<h2 class=\"elementor-heading-title elementor-size-default\">La SPPF : Soci\u00e9t\u00e9 des producteurs phonographiques en France\n<\/h2>\t\t\t\t<\/div>\n\t\t\t\t<\/div>\n\t\t\t\t<div class=\"elementor-element elementor-element-b7f38d2 elementor-widget elementor-widget-spacer\" data-id=\"b7f38d2\" data-element_type=\"widget\" data-e-type=\"widget\" data-widget_type=\"spacer.default\">\n\t\t\t\t<div class=\"elementor-widget-container\">\n\t\t\t\t\t\t\t<div class=\"elementor-spacer\">\n\t\t\t<div class=\"elementor-spacer-inner\"><\/div>\n\t\t<\/div>\n\t\t\t\t\t\t<\/div>\n\t\t\t\t<\/div>\n\t\t\t\t<div class=\"elementor-element elementor-element-56b03ce elementor-widget elementor-widget-text-editor\" data-id=\"56b03ce\" data-element_type=\"widget\" data-e-type=\"widget\" data-widget_type=\"text-editor.default\">\n\t\t\t\t<div class=\"elementor-widget-container\">\n\t\t\t\t\t\t\t\t\t<p>Si vous \u00eates un artiste ou un producteur musical ind\u00e9pendant et que vous recherchez un financement pour votre projet musical aupr\u00e8s de la\u00a0<a href=\"https:\/\/www.sppf.com\/\" target=\"_blank\" rel=\"noopener\"><b>SPPF<\/b><\/a>, sachez que diff\u00e9rentes aides sont disponibles :<\/p>\t\t\t\t\t\t\t\t<\/div>\n\t\t\t\t<\/div>\n\t\t\t\t<div class=\"elementor-element elementor-element-cf5eaf8 elementor-widget elementor-widget-text-editor\" data-id=\"cf5eaf8\" data-element_type=\"widget\" data-e-type=\"widget\" data-widget_type=\"text-editor.default\">\n\t\t\t\t<div class=\"elementor-widget-container\">\n\t\t\t\t\t\t\t\t\t<ul><li style=\"font-weight: 400;\" aria-level=\"1\"><span style=\"font-weight: 400;\">L\u2019aide \u00e0 la cr\u00e9ation et \u00e0 la production d\u2019un album<\/span><\/li><li style=\"font-weight: 400;\" aria-level=\"1\"><span style=\"font-weight: 400;\">L\u2019aide \u00e0 la diffusion et \u00e0 la promotion d\u2019un album<\/span><\/li><li style=\"font-weight: 400;\" aria-level=\"1\"><span style=\"font-weight: 400;\">L\u2019aide au Showcase<\/span><\/li><li style=\"font-weight: 400;\" aria-level=\"1\"><span style=\"font-weight: 400;\">L\u2019aide au soutien artistique : pour perfectionner techniquement ou artistiquement<\/span><\/li><\/ul>\t\t\t\t\t\t\t\t<\/div>\n\t\t\t\t<\/div>\n\t\t\t\t\t<\/div>\n\t\t<\/div>\n\t\t\t\t\t<\/div>\n\t\t<\/section>\n\t\t\t\t<section class=\"elementor-section elementor-top-section elementor-element elementor-element-b1f1f49 elementor-section-boxed elementor-section-height-default elementor-section-height-default\" data-id=\"b1f1f49\" data-element_type=\"section\" data-e-type=\"section\">\n\t\t\t\t\t\t<div class=\"elementor-container elementor-column-gap-default\">\n\t\t\t\t\t<div class=\"elementor-column elementor-col-100 elementor-top-column elementor-element elementor-element-d715e2e\" data-id=\"d715e2e\" data-element_type=\"column\" data-e-type=\"column\">\n\t\t\t<div class=\"elementor-widget-wrap elementor-element-populated\">\n\t\t\t\t\t\t<div class=\"elementor-element elementor-element-fad4d06 elementor-widget elementor-widget-text-editor\" data-id=\"fad4d06\" data-element_type=\"widget\" data-e-type=\"widget\" data-widget_type=\"text-editor.default\">\n\t\t\t\t<div class=\"elementor-widget-container\">\n\t\t\t\t\t\t\t\t\t<p>Pour b\u00e9n\u00e9ficier de ces financements, il est n\u00e9cessaire d&rsquo;\u00eatre adh\u00e9rent \u00e0 l&rsquo;organisme et de remplir certaines conditions sp\u00e9cifiques. Afin d&rsquo;obtenir tous les d\u00e9tails concernant les proc\u00e9dures et les crit\u00e8res de s\u00e9lection, il est essentiel de se renseigner directement aupr\u00e8s de la SPPF. Ils pourront vous fournir les informations pr\u00e9cises n\u00e9cessaires pour pr\u00e9senter une demande ad\u00e9quate et maximiser vos chances d&rsquo;obtenir le financement souhait\u00e9. N&rsquo;h\u00e9sitez pas \u00e0 contacter la SPPF pour obtenir les informations les plus \u00e0 jour et les instructions compl\u00e8tes pour soumettre votre demande.<\/p>\t\t\t\t\t\t\t\t<\/div>\n\t\t\t\t<\/div>\n\t\t\t\t<div class=\"elementor-element elementor-element-98faea0 elementor-widget elementor-widget-text-editor\" data-id=\"98faea0\" data-element_type=\"widget\" data-e-type=\"widget\" data-widget_type=\"text-editor.default\">\n\t\t\t\t<div class=\"elementor-widget-container\">\n\t\t\t\t\t\t\t\t\t<p style=\"text-align: center;\"><span style=\"color: #000000; font-weight: bold; text-align: justify;\">Il est important de noter que tous ces organismes <u>ne financent pas l&rsquo;int\u00e9gralit\u00e9<\/u> d&rsquo;un projet, ils contribuent \u00e0 son financement.\u00a0<\/span><\/p><p style=\"text-align: center;\"><span style=\"color: #000000; font-weight: bold; text-align: justify;\">Il est donc conseill\u00e9 de chercher d&rsquo;autres sources de financement compl\u00e9mentaires !\u00a0<\/span><\/p>\t\t\t\t\t\t\t\t<\/div>\n\t\t\t\t<\/div>\n\t\t\t\t<div class=\"elementor-element elementor-element-cd16461 elementor-widget elementor-widget-spacer\" data-id=\"cd16461\" data-element_type=\"widget\" data-e-type=\"widget\" data-widget_type=\"spacer.default\">\n\t\t\t\t<div class=\"elementor-widget-container\">\n\t\t\t\t\t\t\t<div class=\"elementor-spacer\">\n\t\t\t<div class=\"elementor-spacer-inner\"><\/div>\n\t\t<\/div>\n\t\t\t\t\t\t<\/div>\n\t\t\t\t<\/div>\n\t\t\t\t<div class=\"elementor-element elementor-element-4c12108 elementor-widget__width-initial elementor-widget elementor-widget-image\" data-id=\"4c12108\" data-element_type=\"widget\" data-e-type=\"widget\" data-widget_type=\"image.default\">\n\t\t\t\t<div class=\"elementor-widget-container\">\n\t\t\t\t\t\t\t\t\t\t\t\t\t\t\t\t<a href=\"https:\/\/federationeifeil.systeme.io\/financer-ses-projets-artistiques\" target=\"_blank\">\n\t\t\t\t\t\t\t<img decoding=\"async\" width=\"1024\" height=\"576\" src=\"https:\/\/eifeil.com\/wp-content\/uploads\/2023\/06\/Teaser-13-1024x576.png\" class=\"attachment-large size-large wp-image-4170\" alt=\"elearning eifeil\" srcset=\"https:\/\/eifeil.com\/wp-content\/uploads\/2023\/06\/Teaser-13-1024x576.png 1024w, https:\/\/eifeil.com\/wp-content\/uploads\/2023\/06\/Teaser-13-300x169.png 300w, https:\/\/eifeil.com\/wp-content\/uploads\/2023\/06\/Teaser-13-768x432.png 768w, https:\/\/eifeil.com\/wp-content\/uploads\/2023\/06\/Teaser-13-1536x864.png 1536w, https:\/\/eifeil.com\/wp-content\/uploads\/2023\/06\/Teaser-13-1000x563.png 1000w, https:\/\/eifeil.com\/wp-content\/uploads\/2023\/06\/Teaser-13-230x129.png 230w, https:\/\/eifeil.com\/wp-content\/uploads\/2023\/06\/Teaser-13-350x197.png 350w, https:\/\/eifeil.com\/wp-content\/uploads\/2023\/06\/Teaser-13-480x270.png 480w, https:\/\/eifeil.com\/wp-content\/uploads\/2023\/06\/Teaser-13.png 1920w\" sizes=\"(max-width: 1024px) 100vw, 1024px\" \/>\t\t\t\t\t\t\t\t<\/a>\n\t\t\t\t\t\t\t\t\t\t\t\t\t\t\t<\/div>\n\t\t\t\t<\/div>\n\t\t\t\t<div class=\"elementor-element elementor-element-c93fbb0 elementor-widget elementor-widget-spacer\" data-id=\"c93fbb0\" data-element_type=\"widget\" data-e-type=\"widget\" data-widget_type=\"spacer.default\">\n\t\t\t\t<div class=\"elementor-widget-container\">\n\t\t\t\t\t\t\t<div class=\"elementor-spacer\">\n\t\t\t<div class=\"elementor-spacer-inner\"><\/div>\n\t\t<\/div>\n\t\t\t\t\t\t<\/div>\n\t\t\t\t<\/div>\n\t\t\t\t<div class=\"elementor-element elementor-element-3502f7f elementor-widget elementor-widget-text-editor\" data-id=\"3502f7f\" data-element_type=\"widget\" data-e-type=\"widget\" data-widget_type=\"text-editor.default\">\n\t\t\t\t<div class=\"elementor-widget-container\">\n\t\t\t\t\t\t\t\t\t<p><strong>Lancez votre projet musical avec succ\u00e8s gr\u00e2ce \u00e0 nos formations en ligne <\/strong><\/p><p><strong>sur le financement dans l&rsquo;\u00e9dition musicale !<\/strong><\/p>\t\t\t\t\t\t\t\t<\/div>\n\t\t\t\t<\/div>\n\t\t\t\t<div class=\"elementor-element elementor-element-6c30052 elementor-widget elementor-widget-text-editor\" data-id=\"6c30052\" data-element_type=\"widget\" data-e-type=\"widget\" data-widget_type=\"text-editor.default\">\n\t\t\t\t<div class=\"elementor-widget-container\">\n\t\t\t\t\t\t\t\t\t<p>Vous avez du talent et une passion d\u00e9bordante pour la musique, mais vous vous demandez comment financer votre projet musical ? Nos formations en ligne sont faites pour vous !<\/p><p>\ud83d\udcb0 <strong>Apprenez \u00e0 financer votre projet musical<\/strong> : Avec nos formations, naviguez dans le monde complexe du financement musical devient un jeu d&rsquo;enfant. Nous vous guidons pas \u00e0 pas pour choisir la meilleure strat\u00e9gie pour votre projet. Nos expert.e.s de l&rsquo;industrie musicale partageront leurs conseils et leurs astuces pour vous aider \u00e0 atteindre vos objectifs financiers.<\/p><p>Profitez de notre plateforme d&rsquo;apprentissage en ligne interactive et flexible. Apprenez \u00e0 votre rythme, depuis le confort de votre foyer, sans compromettre la qualit\u00e9 de l&rsquo;enseignement.<\/p>\t\t\t\t\t\t\t\t<\/div>\n\t\t\t\t<\/div>\n\t\t\t\t<div class=\"elementor-element elementor-element-9bc9121 elementor-widget elementor-widget-text-editor\" data-id=\"9bc9121\" data-element_type=\"widget\" data-e-type=\"widget\" data-widget_type=\"text-editor.default\">\n\t\t\t\t<div class=\"elementor-widget-container\">\n\t\t\t\t\t\t\t\t\t<p><span style=\"font-family: -apple-system, BlinkMacSystemFont, 'Segoe UI', Roboto, Oxygen-Sans, Ubuntu, Cantarell, 'Helvetica Neue', sans-serif;\">Et ce n&rsquo;est pas tout ! <\/span><strong style=\"font-family: -apple-system, BlinkMacSystemFont, 'Segoe UI', Roboto, Oxygen-Sans, Ubuntu, Cantarell, 'Helvetica Neue', sans-serif;\">Pour vous souhaiter la bienvenue, nous vous offrons une r\u00e9duction de 30% sur votre premi\u00e8re formation !<\/strong><span style=\"font-family: -apple-system, BlinkMacSystemFont, 'Segoe UI', Roboto, Oxygen-Sans, Ubuntu, Cantarell, 'Helvetica Neue', sans-serif;\"> C&rsquo;est le moment id\u00e9al pour investir dans vos r\u00eaves musicaux.\u00a0<\/span><\/p>\t\t\t\t\t\t\t\t<\/div>\n\t\t\t\t<\/div>\n\t\t\t\t<div class=\"elementor-element elementor-element-a5143e0 elementor-widget elementor-widget-text-editor\" data-id=\"a5143e0\" data-element_type=\"widget\" data-e-type=\"widget\" data-widget_type=\"text-editor.default\">\n\t\t\t\t<div class=\"elementor-widget-container\">\n\t\t\t\t\t\t\t\t\t<p><span style=\"font-family: -apple-system, BlinkMacSystemFont, 'Segoe UI', Roboto, Oxygen-Sans, Ubuntu, Cantarell, 'Helvetica Neue', sans-serif;\">\ud83c\udfbc Que vous soyez auteur.e, compositeur.trice ou \u00e9diteur.trice de musique, cette formation vous fournira les outils n\u00e9cessaires pour transformer vos id\u00e9es en r\u00e9alit\u00e9.<\/span><\/p><p>Alors n&rsquo;h\u00e9sitez plus ! Rejoignez notre communaut\u00e9 d&rsquo;apprenant.e.s passionn\u00e9.e.s, apprenez des meilleur.e.s et transformez votre passion musicale en une carri\u00e8re r\u00e9ussie.<\/p>\t\t\t\t\t\t\t\t<\/div>\n\t\t\t\t<\/div>\n\t\t\t\t<div class=\"elementor-element elementor-element-051cb41 elementor-align-center elementor-widget elementor-widget-button\" data-id=\"051cb41\" data-element_type=\"widget\" data-e-type=\"widget\" data-widget_type=\"button.default\">\n\t\t\t\t<div class=\"elementor-widget-container\">\n\t\t\t\t\t\t\t\t\t<div class=\"elementor-button-wrapper\">\n\t\t\t\t\t<a class=\"elementor-button elementor-button-link elementor-size-lg\" href=\"https:\/\/federationeifeil.systeme.io\/e-learning-edition-musicale-eifeil\">\n\t\t\t\t\t\t<span class=\"elementor-button-content-wrapper\">\n\t\t\t\t\t\t\t\t\t<span class=\"elementor-button-text\">Formez-vous d\u00e8s aujourd'hui ! <\/span>\n\t\t\t\t\t<\/span>\n\t\t\t\t\t<\/a>\n\t\t\t\t<\/div>\n\t\t\t\t\t\t\t\t<\/div>\n\t\t\t\t<\/div>\n\t\t\t\t\t<\/div>\n\t\t<\/div>\n\t\t\t\t\t<\/div>\n\t\t<\/section>\n\t\t\t\t<\/div>\n\t\t","protected":false},"excerpt":{"rendered":"<p>Lorsque l&rsquo;on cherche \u00e0 faire financer un projet il est parfois assez difficile de se retrouver parmi tous les acteurs publics et priv\u00e9s de la musique et tous les dispositifs disponibles. On vous pr\u00e9sente les plus importants ! <\/p>\n","protected":false},"author":1,"featured_media":4047,"comment_status":"open","ping_status":"open","sticky":false,"template":"","format":"standard","meta":{"footnotes":""},"categories":[21,24,22],"tags":[],"class_list":["post-4033","post","type-post","status-publish","format-standard","has-post-thumbnail","hentry","category-edition-musicale","category-environnement-professionnel","category-financement"],"yoast_head":"<!-- This site is optimized with the Yoast SEO plugin v26.6 - https:\/\/yoast.com\/wordpress\/plugins\/seo\/ -->\n<title>Comment financer son projet musical (CNM, Sacem, SCPP, SPPF)<\/title>\n<meta name=\"description\" content=\"Quel organisme peut vous aider \u00e0 financer votre projet musical ? On vous pr\u00e9sente les 4 grands acteurs publics et priv\u00e9s qui vous aideront !\" \/>\n<meta name=\"robots\" content=\"index, follow, max-snippet:-1, max-image-preview:large, max-video-preview:-1\" \/>\n<link rel=\"canonical\" href=\"https:\/\/eifeil.com\/index.php\/2023\/06\/14\/cnm-sacem-scpp-sppf-qui-peut-vous-aider-dans-votre-projet-musical\/\" \/>\n<meta property=\"og:locale\" content=\"fr_FR\" \/>\n<meta property=\"og:type\" content=\"article\" \/>\n<meta property=\"og:title\" content=\"Comment financer son projet musical (CNM, Sacem, SCPP, SPPF)\" \/>\n<meta property=\"og:description\" content=\"Quel organisme peut vous aider \u00e0 financer votre projet musical ? On vous pr\u00e9sente les 4 grands acteurs publics et priv\u00e9s qui vous aideront !\" \/>\n<meta property=\"og:url\" content=\"https:\/\/eifeil.com\/index.php\/2023\/06\/14\/cnm-sacem-scpp-sppf-qui-peut-vous-aider-dans-votre-projet-musical\/\" \/>\n<meta property=\"og:site_name\" content=\"EIFEIL\" \/>\n<meta property=\"article:published_time\" content=\"2023-06-14T14:21:43+00:00\" \/>\n<meta property=\"article:modified_time\" content=\"2023-07-06T08:17:05+00:00\" \/>\n<meta property=\"og:image\" content=\"https:\/\/eifeil.com\/wp-content\/uploads\/2023\/06\/banniere-fb-6.png\" \/>\n\t<meta property=\"og:image:width\" content=\"1640\" \/>\n\t<meta property=\"og:image:height\" content=\"924\" \/>\n\t<meta property=\"og:image:type\" content=\"image\/png\" \/>\n<meta name=\"author\" content=\"admin6173\" \/>\n<meta name=\"twitter:card\" content=\"summary_large_image\" \/>\n<meta name=\"twitter:label1\" content=\"\u00c9crit par\" \/>\n\t<meta name=\"twitter:data1\" content=\"admin6173\" \/>\n\t<meta name=\"twitter:label2\" content=\"Dur\u00e9e de lecture estim\u00e9e\" \/>\n\t<meta name=\"twitter:data2\" content=\"9 minutes\" \/>\n<script type=\"application\/ld+json\" class=\"yoast-schema-graph\">{\"@context\":\"https:\/\/schema.org\",\"@graph\":[{\"@type\":\"WebPage\",\"@id\":\"https:\/\/eifeil.com\/index.php\/2023\/06\/14\/cnm-sacem-scpp-sppf-qui-peut-vous-aider-dans-votre-projet-musical\/\",\"url\":\"https:\/\/eifeil.com\/index.php\/2023\/06\/14\/cnm-sacem-scpp-sppf-qui-peut-vous-aider-dans-votre-projet-musical\/\",\"name\":\"Comment financer son projet musical (CNM, Sacem, SCPP, SPPF)\",\"isPartOf\":{\"@id\":\"https:\/\/eifeil.com\/#website\"},\"primaryImageOfPage\":{\"@id\":\"https:\/\/eifeil.com\/index.php\/2023\/06\/14\/cnm-sacem-scpp-sppf-qui-peut-vous-aider-dans-votre-projet-musical\/#primaryimage\"},\"image\":{\"@id\":\"https:\/\/eifeil.com\/index.php\/2023\/06\/14\/cnm-sacem-scpp-sppf-qui-peut-vous-aider-dans-votre-projet-musical\/#primaryimage\"},\"thumbnailUrl\":\"https:\/\/eifeil.com\/wp-content\/uploads\/2023\/06\/banniere-fb-6.png\",\"datePublished\":\"2023-06-14T14:21:43+00:00\",\"dateModified\":\"2023-07-06T08:17:05+00:00\",\"author\":{\"@id\":\"https:\/\/eifeil.com\/#\/schema\/person\/d3398e3af494abb571fb142b5ef074d2\"},\"description\":\"Quel organisme peut vous aider \u00e0 financer votre projet musical ? On vous pr\u00e9sente les 4 grands acteurs publics et priv\u00e9s qui vous aideront !\",\"breadcrumb\":{\"@id\":\"https:\/\/eifeil.com\/index.php\/2023\/06\/14\/cnm-sacem-scpp-sppf-qui-peut-vous-aider-dans-votre-projet-musical\/#breadcrumb\"},\"inLanguage\":\"fr-FR\",\"potentialAction\":[{\"@type\":\"ReadAction\",\"target\":[\"https:\/\/eifeil.com\/index.php\/2023\/06\/14\/cnm-sacem-scpp-sppf-qui-peut-vous-aider-dans-votre-projet-musical\/\"]}]},{\"@type\":\"ImageObject\",\"inLanguage\":\"fr-FR\",\"@id\":\"https:\/\/eifeil.com\/index.php\/2023\/06\/14\/cnm-sacem-scpp-sppf-qui-peut-vous-aider-dans-votre-projet-musical\/#primaryimage\",\"url\":\"https:\/\/eifeil.com\/wp-content\/uploads\/2023\/06\/banniere-fb-6.png\",\"contentUrl\":\"https:\/\/eifeil.com\/wp-content\/uploads\/2023\/06\/banniere-fb-6.png\",\"width\":1640,\"height\":924,\"caption\":\"Financer ses projets musicaux\"},{\"@type\":\"BreadcrumbList\",\"@id\":\"https:\/\/eifeil.com\/index.php\/2023\/06\/14\/cnm-sacem-scpp-sppf-qui-peut-vous-aider-dans-votre-projet-musical\/#breadcrumb\",\"itemListElement\":[{\"@type\":\"ListItem\",\"position\":1,\"name\":\"Accueil\",\"item\":\"https:\/\/eifeil.com\/\"},{\"@type\":\"ListItem\",\"position\":2,\"name\":\"CNM, SACEM, SCPP, SPPF\u00a0 \u2026 qui peut vous aider dans votre projet musical ?\"}]},{\"@type\":\"WebSite\",\"@id\":\"https:\/\/eifeil.com\/#website\",\"url\":\"https:\/\/eifeil.com\/\",\"name\":\"EIFEIL\",\"description\":\"\u00c9diteurs Ind\u00e9pendants F\u00e9d\u00e9r\u00e9s en France\",\"potentialAction\":[{\"@type\":\"SearchAction\",\"target\":{\"@type\":\"EntryPoint\",\"urlTemplate\":\"https:\/\/eifeil.com\/?s={search_term_string}\"},\"query-input\":{\"@type\":\"PropertyValueSpecification\",\"valueRequired\":true,\"valueName\":\"search_term_string\"}}],\"inLanguage\":\"fr-FR\"},{\"@type\":\"Person\",\"@id\":\"https:\/\/eifeil.com\/#\/schema\/person\/d3398e3af494abb571fb142b5ef074d2\",\"name\":\"admin6173\",\"image\":{\"@type\":\"ImageObject\",\"inLanguage\":\"fr-FR\",\"@id\":\"https:\/\/eifeil.com\/#\/schema\/person\/image\/\",\"url\":\"https:\/\/secure.gravatar.com\/avatar\/af326bdf008db93c146414fceef6a0c32555518597f72f45b2400acfce1c7224?s=96&d=mm&r=g\",\"contentUrl\":\"https:\/\/secure.gravatar.com\/avatar\/af326bdf008db93c146414fceef6a0c32555518597f72f45b2400acfce1c7224?s=96&d=mm&r=g\",\"caption\":\"admin6173\"},\"sameAs\":[\"http:\/\/eifeil.com\/di13089-ovh\"],\"url\":\"https:\/\/eifeil.com\/index.php\/author\/admin6173\/\"}]}<\/script>\n<!-- \/ Yoast SEO plugin. -->","yoast_head_json":{"title":"Comment financer son projet musical (CNM, Sacem, SCPP, SPPF)","description":"Quel organisme peut vous aider \u00e0 financer votre projet musical ? On vous pr\u00e9sente les 4 grands acteurs publics et priv\u00e9s qui vous aideront !","robots":{"index":"index","follow":"follow","max-snippet":"max-snippet:-1","max-image-preview":"max-image-preview:large","max-video-preview":"max-video-preview:-1"},"canonical":"https:\/\/eifeil.com\/index.php\/2023\/06\/14\/cnm-sacem-scpp-sppf-qui-peut-vous-aider-dans-votre-projet-musical\/","og_locale":"fr_FR","og_type":"article","og_title":"Comment financer son projet musical (CNM, Sacem, SCPP, SPPF)","og_description":"Quel organisme peut vous aider \u00e0 financer votre projet musical ? On vous pr\u00e9sente les 4 grands acteurs publics et priv\u00e9s qui vous aideront !","og_url":"https:\/\/eifeil.com\/index.php\/2023\/06\/14\/cnm-sacem-scpp-sppf-qui-peut-vous-aider-dans-votre-projet-musical\/","og_site_name":"EIFEIL","article_published_time":"2023-06-14T14:21:43+00:00","article_modified_time":"2023-07-06T08:17:05+00:00","og_image":[{"width":1640,"height":924,"url":"https:\/\/eifeil.com\/wp-content\/uploads\/2023\/06\/banniere-fb-6.png","type":"image\/png"}],"author":"admin6173","twitter_card":"summary_large_image","twitter_misc":{"\u00c9crit par":"admin6173","Dur\u00e9e de lecture estim\u00e9e":"9 minutes"},"schema":{"@context":"https:\/\/schema.org","@graph":[{"@type":"WebPage","@id":"https:\/\/eifeil.com\/index.php\/2023\/06\/14\/cnm-sacem-scpp-sppf-qui-peut-vous-aider-dans-votre-projet-musical\/","url":"https:\/\/eifeil.com\/index.php\/2023\/06\/14\/cnm-sacem-scpp-sppf-qui-peut-vous-aider-dans-votre-projet-musical\/","name":"Comment financer son projet musical (CNM, Sacem, SCPP, SPPF)","isPartOf":{"@id":"https:\/\/eifeil.com\/#website"},"primaryImageOfPage":{"@id":"https:\/\/eifeil.com\/index.php\/2023\/06\/14\/cnm-sacem-scpp-sppf-qui-peut-vous-aider-dans-votre-projet-musical\/#primaryimage"},"image":{"@id":"https:\/\/eifeil.com\/index.php\/2023\/06\/14\/cnm-sacem-scpp-sppf-qui-peut-vous-aider-dans-votre-projet-musical\/#primaryimage"},"thumbnailUrl":"https:\/\/eifeil.com\/wp-content\/uploads\/2023\/06\/banniere-fb-6.png","datePublished":"2023-06-14T14:21:43+00:00","dateModified":"2023-07-06T08:17:05+00:00","author":{"@id":"https:\/\/eifeil.com\/#\/schema\/person\/d3398e3af494abb571fb142b5ef074d2"},"description":"Quel organisme peut vous aider \u00e0 financer votre projet musical ? On vous pr\u00e9sente les 4 grands acteurs publics et priv\u00e9s qui vous aideront !","breadcrumb":{"@id":"https:\/\/eifeil.com\/index.php\/2023\/06\/14\/cnm-sacem-scpp-sppf-qui-peut-vous-aider-dans-votre-projet-musical\/#breadcrumb"},"inLanguage":"fr-FR","potentialAction":[{"@type":"ReadAction","target":["https:\/\/eifeil.com\/index.php\/2023\/06\/14\/cnm-sacem-scpp-sppf-qui-peut-vous-aider-dans-votre-projet-musical\/"]}]},{"@type":"ImageObject","inLanguage":"fr-FR","@id":"https:\/\/eifeil.com\/index.php\/2023\/06\/14\/cnm-sacem-scpp-sppf-qui-peut-vous-aider-dans-votre-projet-musical\/#primaryimage","url":"https:\/\/eifeil.com\/wp-content\/uploads\/2023\/06\/banniere-fb-6.png","contentUrl":"https:\/\/eifeil.com\/wp-content\/uploads\/2023\/06\/banniere-fb-6.png","width":1640,"height":924,"caption":"Financer ses projets musicaux"},{"@type":"BreadcrumbList","@id":"https:\/\/eifeil.com\/index.php\/2023\/06\/14\/cnm-sacem-scpp-sppf-qui-peut-vous-aider-dans-votre-projet-musical\/#breadcrumb","itemListElement":[{"@type":"ListItem","position":1,"name":"Accueil","item":"https:\/\/eifeil.com\/"},{"@type":"ListItem","position":2,"name":"CNM, SACEM, SCPP, SPPF\u00a0 \u2026 qui peut vous aider dans votre projet musical ?"}]},{"@type":"WebSite","@id":"https:\/\/eifeil.com\/#website","url":"https:\/\/eifeil.com\/","name":"EIFEIL","description":"\u00c9diteurs Ind\u00e9pendants F\u00e9d\u00e9r\u00e9s en France","potentialAction":[{"@type":"SearchAction","target":{"@type":"EntryPoint","urlTemplate":"https:\/\/eifeil.com\/?s={search_term_string}"},"query-input":{"@type":"PropertyValueSpecification","valueRequired":true,"valueName":"search_term_string"}}],"inLanguage":"fr-FR"},{"@type":"Person","@id":"https:\/\/eifeil.com\/#\/schema\/person\/d3398e3af494abb571fb142b5ef074d2","name":"admin6173","image":{"@type":"ImageObject","inLanguage":"fr-FR","@id":"https:\/\/eifeil.com\/#\/schema\/person\/image\/","url":"https:\/\/secure.gravatar.com\/avatar\/af326bdf008db93c146414fceef6a0c32555518597f72f45b2400acfce1c7224?s=96&d=mm&r=g","contentUrl":"https:\/\/secure.gravatar.com\/avatar\/af326bdf008db93c146414fceef6a0c32555518597f72f45b2400acfce1c7224?s=96&d=mm&r=g","caption":"admin6173"},"sameAs":["http:\/\/eifeil.com\/di13089-ovh"],"url":"https:\/\/eifeil.com\/index.php\/author\/admin6173\/"}]}},"_links":{"self":[{"href":"https:\/\/eifeil.com\/index.php\/wp-json\/wp\/v2\/posts\/4033","targetHints":{"allow":["GET"]}}],"collection":[{"href":"https:\/\/eifeil.com\/index.php\/wp-json\/wp\/v2\/posts"}],"about":[{"href":"https:\/\/eifeil.com\/index.php\/wp-json\/wp\/v2\/types\/post"}],"author":[{"embeddable":true,"href":"https:\/\/eifeil.com\/index.php\/wp-json\/wp\/v2\/users\/1"}],"replies":[{"embeddable":true,"href":"https:\/\/eifeil.com\/index.php\/wp-json\/wp\/v2\/comments?post=4033"}],"version-history":[{"count":117,"href":"https:\/\/eifeil.com\/index.php\/wp-json\/wp\/v2\/posts\/4033\/revisions"}],"predecessor-version":[{"id":4241,"href":"https:\/\/eifeil.com\/index.php\/wp-json\/wp\/v2\/posts\/4033\/revisions\/4241"}],"wp:featuredmedia":[{"embeddable":true,"href":"https:\/\/eifeil.com\/index.php\/wp-json\/wp\/v2\/media\/4047"}],"wp:attachment":[{"href":"https:\/\/eifeil.com\/index.php\/wp-json\/wp\/v2\/media?parent=4033"}],"wp:term":[{"taxonomy":"category","embeddable":true,"href":"https:\/\/eifeil.com\/index.php\/wp-json\/wp\/v2\/categories?post=4033"},{"taxonomy":"post_tag","embeddable":true,"href":"https:\/\/eifeil.com\/index.php\/wp-json\/wp\/v2\/tags?post=4033"}],"curies":[{"name":"wp","href":"https:\/\/api.w.org\/{rel}","templated":true}]}}