{"id":4144,"date":"2023-07-03T16:44:56","date_gmt":"2023-07-03T14:44:56","guid":{"rendered":"https:\/\/eifeil.com\/?p=4144"},"modified":"2023-07-06T10:19:18","modified_gmt":"2023-07-06T08:19:18","slug":"le-vocabulaire-a-maitriser-pour-devenir-incollable-sur-lindustrie-musicale-francaise","status":"publish","type":"post","link":"https:\/\/eifeil.com\/index.php\/2023\/07\/03\/le-vocabulaire-a-maitriser-pour-devenir-incollable-sur-lindustrie-musicale-francaise\/","title":{"rendered":"Le vocabulaire \u00e0 ma\u00eetriser pour devenir incollable sur l\u2019industrie musicale fran\u00e7aise !"},"content":{"rendered":"\t\t<div data-elementor-type=\"wp-post\" data-elementor-id=\"4144\" class=\"elementor elementor-4144\">\n\t\t\t\t\t\t<section class=\"elementor-section elementor-top-section elementor-element elementor-element-1779647 elementor-section-boxed elementor-section-height-default elementor-section-height-default\" data-id=\"1779647\" data-element_type=\"section\" data-e-type=\"section\">\n\t\t\t\t\t\t<div class=\"elementor-container elementor-column-gap-default\">\n\t\t\t\t\t<div class=\"elementor-column elementor-col-100 elementor-top-column elementor-element elementor-element-e3fd199\" data-id=\"e3fd199\" data-element_type=\"column\" data-e-type=\"column\">\n\t\t\t<div class=\"elementor-widget-wrap elementor-element-populated\">\n\t\t\t\t\t\t<div class=\"elementor-element elementor-element-632297e elementor-widget elementor-widget-spacer\" data-id=\"632297e\" data-element_type=\"widget\" data-e-type=\"widget\" data-widget_type=\"spacer.default\">\n\t\t\t\t<div class=\"elementor-widget-container\">\n\t\t\t\t\t\t\t<div class=\"elementor-spacer\">\n\t\t\t<div class=\"elementor-spacer-inner\"><\/div>\n\t\t<\/div>\n\t\t\t\t\t\t<\/div>\n\t\t\t\t<\/div>\n\t\t\t\t<div class=\"elementor-element elementor-element-302f0cc elementor-widget elementor-widget-text-editor\" data-id=\"302f0cc\" data-element_type=\"widget\" data-e-type=\"widget\" data-widget_type=\"text-editor.default\">\n\t\t\t\t<div class=\"elementor-widget-container\">\n\t\t\t\t\t\t\t\t\t<p>Lorsque l&rsquo;on d\u00e9bute dans l&rsquo;industrie musicale, on est souvent confront\u00e9 \u00e0 un flot de termes et d&rsquo;acronymes. Pour les non-initi\u00e9s, ce jargon peut rapidement sembler confus et rendre le d\u00e9veloppement de notre activit\u00e9 complexe.<\/p>\t\t\t\t\t\t\t\t<\/div>\n\t\t\t\t<\/div>\n\t\t\t\t<div class=\"elementor-element elementor-element-5a89b7b elementor-widget elementor-widget-text-editor\" data-id=\"5a89b7b\" data-element_type=\"widget\" data-e-type=\"widget\" data-widget_type=\"text-editor.default\">\n\t\t\t\t<div class=\"elementor-widget-container\">\n\t\t\t\t\t\t\t\t\t<p><strong>Pour vous faciliter la vie voici un petit lexique rien que pour vous !<\/strong><\/p>\t\t\t\t\t\t\t\t<\/div>\n\t\t\t\t<\/div>\n\t\t\t\t<div class=\"elementor-element elementor-element-df49aa9 elementor-widget elementor-widget-text-editor\" data-id=\"df49aa9\" data-element_type=\"widget\" data-e-type=\"widget\" data-widget_type=\"text-editor.default\">\n\t\t\t\t<div class=\"elementor-widget-container\">\n\t\t\t\t\t\t\t\t\t<p><span style=\"font-weight: 400;\">D\u00e9couvrez 23 termes et notions expliqu\u00e9s de mani\u00e8re simple pour vous permettre d&rsquo;aborder sereinement le monde de la musique et de comprendre les diff\u00e9rents acteurs qui y \u00e9voluent !\u00a0<\/span><span style=\"font-weight: 400;\"><br \/><\/span><\/p>\t\t\t\t\t\t\t\t<\/div>\n\t\t\t\t<\/div>\n\t\t\t\t\t<\/div>\n\t\t<\/div>\n\t\t\t\t\t<\/div>\n\t\t<\/section>\n\t\t\t\t<section class=\"elementor-section elementor-top-section elementor-element elementor-element-520d323 elementor-section-boxed elementor-section-height-default elementor-section-height-default\" data-id=\"520d323\" data-element_type=\"section\" data-e-type=\"section\">\n\t\t\t\t\t\t<div class=\"elementor-container elementor-column-gap-default\">\n\t\t\t\t\t<div class=\"elementor-column elementor-col-100 elementor-top-column elementor-element elementor-element-d8e046a\" data-id=\"d8e046a\" data-element_type=\"column\" data-e-type=\"column\">\n\t\t\t<div class=\"elementor-widget-wrap elementor-element-populated\">\n\t\t\t\t\t\t<div class=\"elementor-element elementor-element-9c0eb03 elementor-widget elementor-widget-toggle\" data-id=\"9c0eb03\" data-element_type=\"widget\" data-e-type=\"widget\" data-widget_type=\"toggle.default\">\n\t\t\t\t<div class=\"elementor-widget-container\">\n\t\t\t\t\t\t\t<div class=\"elementor-toggle\">\n\t\t\t\t\t\t\t<div class=\"elementor-toggle-item\">\n\t\t\t\t\t<div id=\"elementor-tab-title-1631\" class=\"elementor-tab-title\" data-tab=\"1\" role=\"button\" aria-controls=\"elementor-tab-content-1631\" aria-expanded=\"false\">\n\t\t\t\t\t\t\t\t\t\t\t\t<span class=\"elementor-toggle-icon elementor-toggle-icon-left\" aria-hidden=\"true\">\n\t\t\t\t\t\t\t\t\t\t\t\t\t\t\t<span class=\"elementor-toggle-icon-closed\"><i class=\"fas fa-caret-right\"><\/i><\/span>\n\t\t\t\t\t\t\t\t<span class=\"elementor-toggle-icon-opened\"><i class=\"elementor-toggle-icon-opened fas fa-caret-up\"><\/i><\/span>\n\t\t\t\t\t\t\t\t\t\t\t\t\t<\/span>\n\t\t\t\t\t\t\t\t\t\t\t\t<a class=\"elementor-toggle-title\" tabindex=\"0\">Ayant droit<\/a>\n\t\t\t\t\t<\/div>\n\n\t\t\t\t\t<div id=\"elementor-tab-content-1631\" class=\"elementor-tab-content elementor-clearfix\" data-tab=\"1\" role=\"region\" aria-labelledby=\"elementor-tab-title-1631\"><p>L&rsquo;ayant-droit est une personne ou une entit\u00e9 qui poss\u00e8de des droits l\u00e9gaux sur une \u0153uvre ou une cr\u00e9ation intellectuelle. Il peut s&rsquo;agir du titulaire initial des droits d&rsquo;auteur, mais aussi d&rsquo;une personne ou d&rsquo;une entit\u00e9 \u00e0 qui ces droits ont \u00e9t\u00e9 transf\u00e9r\u00e9s ou c\u00e9d\u00e9s.<\/p><\/div>\n\t\t\t\t<\/div>\n\t\t\t\t\t\t\t<div class=\"elementor-toggle-item\">\n\t\t\t\t\t<div id=\"elementor-tab-title-1632\" class=\"elementor-tab-title\" data-tab=\"2\" role=\"button\" aria-controls=\"elementor-tab-content-1632\" aria-expanded=\"false\">\n\t\t\t\t\t\t\t\t\t\t\t\t<span class=\"elementor-toggle-icon elementor-toggle-icon-left\" aria-hidden=\"true\">\n\t\t\t\t\t\t\t\t\t\t\t\t\t\t\t<span class=\"elementor-toggle-icon-closed\"><i class=\"fas fa-caret-right\"><\/i><\/span>\n\t\t\t\t\t\t\t\t<span class=\"elementor-toggle-icon-opened\"><i class=\"elementor-toggle-icon-opened fas fa-caret-up\"><\/i><\/span>\n\t\t\t\t\t\t\t\t\t\t\t\t\t<\/span>\n\t\t\t\t\t\t\t\t\t\t\t\t<a class=\"elementor-toggle-title\" tabindex=\"0\">Back Catalogue<\/a>\n\t\t\t\t\t<\/div>\n\n\t\t\t\t\t<div id=\"elementor-tab-content-1632\" class=\"elementor-tab-content elementor-clearfix\" data-tab=\"2\" role=\"region\" aria-labelledby=\"elementor-tab-title-1632\"><p>On utilise le terme \u00a0\u00bb Back Catalogue\u00a0\u00bb pour d\u00e9signer l&rsquo;ensemble des enregistrements pr\u00e9c\u00e9demment publi\u00e9s par un artiste, un label ou une maison de disque, qui n&rsquo;est plus destin\u00e9 \u00e0 \u00eatre modifi\u00e9 pour diverses raisons telles que l&rsquo;arr\u00eat de carri\u00e8re ou le d\u00e9c\u00e8s de l&rsquo;artiste. G\u00e9n\u00e9ralement, ce terme est associ\u00e9 \u00e0 un r\u00e9pertoire de musique plus ancien.<\/p><\/div>\n\t\t\t\t<\/div>\n\t\t\t\t\t\t\t<div class=\"elementor-toggle-item\">\n\t\t\t\t\t<div id=\"elementor-tab-title-1633\" class=\"elementor-tab-title\" data-tab=\"3\" role=\"button\" aria-controls=\"elementor-tab-content-1633\" aria-expanded=\"false\">\n\t\t\t\t\t\t\t\t\t\t\t\t<span class=\"elementor-toggle-icon elementor-toggle-icon-left\" aria-hidden=\"true\">\n\t\t\t\t\t\t\t\t\t\t\t\t\t\t\t<span class=\"elementor-toggle-icon-closed\"><i class=\"fas fa-caret-right\"><\/i><\/span>\n\t\t\t\t\t\t\t\t<span class=\"elementor-toggle-icon-opened\"><i class=\"elementor-toggle-icon-opened fas fa-caret-up\"><\/i><\/span>\n\t\t\t\t\t\t\t\t\t\t\t\t\t<\/span>\n\t\t\t\t\t\t\t\t\t\t\t\t<a class=\"elementor-toggle-title\" tabindex=\"0\">Catalogue<\/a>\n\t\t\t\t\t<\/div>\n\n\t\t\t\t\t<div id=\"elementor-tab-content-1633\" class=\"elementor-tab-content elementor-clearfix\" data-tab=\"3\" role=\"region\" aria-labelledby=\"elementor-tab-title-1633\"><p>Le catalogue d&rsquo;un \u00e9diteur ou d&rsquo;un producteur regroupe l&rsquo;ensemble des \u0153uvres qu&rsquo;ils ont \u00e9dit\u00e9es ou produites.<\/p><\/div>\n\t\t\t\t<\/div>\n\t\t\t\t\t\t\t<div class=\"elementor-toggle-item\">\n\t\t\t\t\t<div id=\"elementor-tab-title-1634\" class=\"elementor-tab-title\" data-tab=\"4\" role=\"button\" aria-controls=\"elementor-tab-content-1634\" aria-expanded=\"false\">\n\t\t\t\t\t\t\t\t\t\t\t\t<span class=\"elementor-toggle-icon elementor-toggle-icon-left\" aria-hidden=\"true\">\n\t\t\t\t\t\t\t\t\t\t\t\t\t\t\t<span class=\"elementor-toggle-icon-closed\"><i class=\"fas fa-caret-right\"><\/i><\/span>\n\t\t\t\t\t\t\t\t<span class=\"elementor-toggle-icon-opened\"><i class=\"elementor-toggle-icon-opened fas fa-caret-up\"><\/i><\/span>\n\t\t\t\t\t\t\t\t\t\t\t\t\t<\/span>\n\t\t\t\t\t\t\t\t\t\t\t\t<a class=\"elementor-toggle-title\" tabindex=\"0\">Clearance des droits <\/a>\n\t\t\t\t\t<\/div>\n\n\t\t\t\t\t<div id=\"elementor-tab-content-1634\" class=\"elementor-tab-content elementor-clearfix\" data-tab=\"4\" role=\"region\" aria-labelledby=\"elementor-tab-title-1634\"><p>La clearance des droits est le processus visant \u00e0 obtenir l&rsquo;accord de tous les d\u00e9tenteurs des droits d&rsquo;auteur d&rsquo;une \u0153uvre, afin de pouvoir l&rsquo;utiliser dans un film, la diffuser dans une \u00e9mission, ou la publier dans un livre, par exemple.<\/p><\/div>\n\t\t\t\t<\/div>\n\t\t\t\t\t\t\t<div class=\"elementor-toggle-item\">\n\t\t\t\t\t<div id=\"elementor-tab-title-1635\" class=\"elementor-tab-title\" data-tab=\"5\" role=\"button\" aria-controls=\"elementor-tab-content-1635\" aria-expanded=\"false\">\n\t\t\t\t\t\t\t\t\t\t\t\t<span class=\"elementor-toggle-icon elementor-toggle-icon-left\" aria-hidden=\"true\">\n\t\t\t\t\t\t\t\t\t\t\t\t\t\t\t<span class=\"elementor-toggle-icon-closed\"><i class=\"fas fa-caret-right\"><\/i><\/span>\n\t\t\t\t\t\t\t\t<span class=\"elementor-toggle-icon-opened\"><i class=\"elementor-toggle-icon-opened fas fa-caret-up\"><\/i><\/span>\n\t\t\t\t\t\t\t\t\t\t\t\t\t<\/span>\n\t\t\t\t\t\t\t\t\t\t\t\t<a class=\"elementor-toggle-title\" tabindex=\"0\">CNM<\/a>\n\t\t\t\t\t<\/div>\n\n\t\t\t\t\t<div id=\"elementor-tab-content-1635\" class=\"elementor-tab-content elementor-clearfix\" data-tab=\"5\" role=\"region\" aria-labelledby=\"elementor-tab-title-1635\"><p><span style=\"font-weight: 400;\">C\u2019est le Centre National de la Musique, la maison commune de la musique en France, cr\u00e9\u00e9 en 2020. C\u2019est un \u00e9tablissement public qui a de nombreuses missions dont :\u00a0<\/span><\/p><ul><li style=\"font-weight: 400;\" aria-level=\"1\"><span style=\"font-weight: 400;\">soutien financier \u00e0 la fili\u00e8re via de nombreux dispositifs d\u2019aide\u00a0<\/span><\/li><li style=\"font-weight: 400;\" aria-level=\"1\"><span style=\"font-weight: 400;\">centre de ressources et d\u2019information (formation, veille, \u00e9tude \u2026)<\/span><\/li><li style=\"font-weight: 400;\" aria-level=\"1\"><span style=\"font-weight: 400;\">perception et redistribution de la taxe parafiscale du spectacle vivant\u00a0<\/span><\/li><\/ul><div>\u00a0<\/div><div>Plus d&rsquo;informations sur le site du\u00a0<a style=\"background-color: #ffffff; font-family: -apple-system, BlinkMacSystemFont, 'Segoe UI', Roboto, Oxygen-Sans, Ubuntu, Cantarell, 'Helvetica Neue', sans-serif;\" href=\"https:\/\/cnm.fr\/\" target=\"_blank\" rel=\"noopener\"><b>CNM<\/b><\/a><\/div><\/div>\n\t\t\t\t<\/div>\n\t\t\t\t\t\t\t<div class=\"elementor-toggle-item\">\n\t\t\t\t\t<div id=\"elementor-tab-title-1636\" class=\"elementor-tab-title\" data-tab=\"6\" role=\"button\" aria-controls=\"elementor-tab-content-1636\" aria-expanded=\"false\">\n\t\t\t\t\t\t\t\t\t\t\t\t<span class=\"elementor-toggle-icon elementor-toggle-icon-left\" aria-hidden=\"true\">\n\t\t\t\t\t\t\t\t\t\t\t\t\t\t\t<span class=\"elementor-toggle-icon-closed\"><i class=\"fas fa-caret-right\"><\/i><\/span>\n\t\t\t\t\t\t\t\t<span class=\"elementor-toggle-icon-opened\"><i class=\"elementor-toggle-icon-opened fas fa-caret-up\"><\/i><\/span>\n\t\t\t\t\t\t\t\t\t\t\t\t\t<\/span>\n\t\t\t\t\t\t\t\t\t\t\t\t<a class=\"elementor-toggle-title\" tabindex=\"0\">COAD<\/a>\n\t\t\t\t\t<\/div>\n\n\t\t\t\t\t<div id=\"elementor-tab-content-1636\" class=\"elementor-tab-content elementor-clearfix\" data-tab=\"6\" role=\"region\" aria-labelledby=\"elementor-tab-title-1636\"><p><span style=\"font-weight: 400;\">C\u2019est un code d\u2019identification pour tous les membres de la SACEM. Chaque personne adh\u00e9rent \u00e0 la <a href=\"https:\/\/www.sacem.fr\/\">SACEM<\/a> re\u00e7oit un code unique qui le suivra durant tout sa vie d\u2019artiste (auteur\/compositeur) ou d\u2019\u00e9diteur.\u00a0<\/span><\/p><\/div>\n\t\t\t\t<\/div>\n\t\t\t\t\t\t\t<div class=\"elementor-toggle-item\">\n\t\t\t\t\t<div id=\"elementor-tab-title-1637\" class=\"elementor-tab-title\" data-tab=\"7\" role=\"button\" aria-controls=\"elementor-tab-content-1637\" aria-expanded=\"false\">\n\t\t\t\t\t\t\t\t\t\t\t\t<span class=\"elementor-toggle-icon elementor-toggle-icon-left\" aria-hidden=\"true\">\n\t\t\t\t\t\t\t\t\t\t\t\t\t\t\t<span class=\"elementor-toggle-icon-closed\"><i class=\"fas fa-caret-right\"><\/i><\/span>\n\t\t\t\t\t\t\t\t<span class=\"elementor-toggle-icon-opened\"><i class=\"elementor-toggle-icon-opened fas fa-caret-up\"><\/i><\/span>\n\t\t\t\t\t\t\t\t\t\t\t\t\t<\/span>\n\t\t\t\t\t\t\t\t\t\t\t\t<a class=\"elementor-toggle-title\" tabindex=\"0\">Co\u00e9dition (co-\u00e9diteur)<\/a>\n\t\t\t\t\t<\/div>\n\n\t\t\t\t\t<div id=\"elementor-tab-content-1637\" class=\"elementor-tab-content elementor-clearfix\" data-tab=\"7\" role=\"region\" aria-labelledby=\"elementor-tab-title-1637\"><div class=\"flex-shrink-0 flex flex-col relative items-end\"><div class=\"w-[30px]\">\u00a0<\/div><\/div><div class=\"relative flex w-[calc(100%-50px)] flex-col gap-1 md:gap-3 lg:w-[calc(100%-115px)]\"><div class=\"flex flex-grow flex-col gap-3\"><div class=\"min-h-[20px] flex items-start overflow-x-auto whitespace-pre-wrap break-words flex-col gap-4\"><div class=\"markdown prose w-full break-words dark:prose-invert light\"><p>La co\u00e9dition est une forme de collaboration o\u00f9 plusieurs personnes (\u00e9diteur, auteur, compositeur) s&rsquo;associent pour un projet et partagent ensemble les droits d&rsquo;une \u0153uvre.<\/p><\/div><\/div><\/div><\/div><\/div>\n\t\t\t\t<\/div>\n\t\t\t\t\t\t\t<div class=\"elementor-toggle-item\">\n\t\t\t\t\t<div id=\"elementor-tab-title-1638\" class=\"elementor-tab-title\" data-tab=\"8\" role=\"button\" aria-controls=\"elementor-tab-content-1638\" aria-expanded=\"false\">\n\t\t\t\t\t\t\t\t\t\t\t\t<span class=\"elementor-toggle-icon elementor-toggle-icon-left\" aria-hidden=\"true\">\n\t\t\t\t\t\t\t\t\t\t\t\t\t\t\t<span class=\"elementor-toggle-icon-closed\"><i class=\"fas fa-caret-right\"><\/i><\/span>\n\t\t\t\t\t\t\t\t<span class=\"elementor-toggle-icon-opened\"><i class=\"elementor-toggle-icon-opened fas fa-caret-up\"><\/i><\/span>\n\t\t\t\t\t\t\t\t\t\t\t\t\t<\/span>\n\t\t\t\t\t\t\t\t\t\t\t\t<a class=\"elementor-toggle-title\" tabindex=\"0\">Contrat de cession et d\u2019\u00e9dition<\/a>\n\t\t\t\t\t<\/div>\n\n\t\t\t\t\t<div id=\"elementor-tab-content-1638\" class=\"elementor-tab-content elementor-clearfix\" data-tab=\"8\" role=\"region\" aria-labelledby=\"elementor-tab-title-1638\"><p>Le contrat de cession est un accord juridique conclu entre un auteur\/compositeur et un \u00e9diteur. Dans ce contrat, l&rsquo;auteur\/compositeur c\u00e8de une partie de ses droits d&rsquo;auteur \u00e0 l&rsquo;\u00e9diteur en \u00e9change de certaines obligations d\u00e9finies dans le contrat.<\/p><\/div>\n\t\t\t\t<\/div>\n\t\t\t\t\t\t\t<div class=\"elementor-toggle-item\">\n\t\t\t\t\t<div id=\"elementor-tab-title-1639\" class=\"elementor-tab-title\" data-tab=\"9\" role=\"button\" aria-controls=\"elementor-tab-content-1639\" aria-expanded=\"false\">\n\t\t\t\t\t\t\t\t\t\t\t\t<span class=\"elementor-toggle-icon elementor-toggle-icon-left\" aria-hidden=\"true\">\n\t\t\t\t\t\t\t\t\t\t\t\t\t\t\t<span class=\"elementor-toggle-icon-closed\"><i class=\"fas fa-caret-right\"><\/i><\/span>\n\t\t\t\t\t\t\t\t<span class=\"elementor-toggle-icon-opened\"><i class=\"elementor-toggle-icon-opened fas fa-caret-up\"><\/i><\/span>\n\t\t\t\t\t\t\t\t\t\t\t\t\t<\/span>\n\t\t\t\t\t\t\t\t\t\t\t\t<a class=\"elementor-toggle-title\" tabindex=\"0\">DEP (ou droit d\u2019ex\u00e9cution publique)<\/a>\n\t\t\t\t\t<\/div>\n\n\t\t\t\t\t<div id=\"elementor-tab-content-1639\" class=\"elementor-tab-content elementor-clearfix\" data-tab=\"9\" role=\"region\" aria-labelledby=\"elementor-tab-title-1639\"><p>Les droits de repr\u00e9sentation publique sont les droits accord\u00e9s aux titulaires de droits d&rsquo;auteur lorsque leurs \u0153uvres sont jou\u00e9es, interpr\u00e9t\u00e9es ou diffus\u00e9es en public. En France, toute personne diffusant de la musique en public est tenue de payer ces droits \u00e0 la <a href=\"https:\/\/www.sacem.fr\/\" target=\"_blank\" rel=\"noopener\">SACEM<\/a>, qui les collecte puis les redistribue aux auteurs, compositeurs et \u00e9diteurs concern\u00e9s.<\/p><\/div>\n\t\t\t\t<\/div>\n\t\t\t\t\t\t\t<div class=\"elementor-toggle-item\">\n\t\t\t\t\t<div id=\"elementor-tab-title-16310\" class=\"elementor-tab-title\" data-tab=\"10\" role=\"button\" aria-controls=\"elementor-tab-content-16310\" aria-expanded=\"false\">\n\t\t\t\t\t\t\t\t\t\t\t\t<span class=\"elementor-toggle-icon elementor-toggle-icon-left\" aria-hidden=\"true\">\n\t\t\t\t\t\t\t\t\t\t\t\t\t\t\t<span class=\"elementor-toggle-icon-closed\"><i class=\"fas fa-caret-right\"><\/i><\/span>\n\t\t\t\t\t\t\t\t<span class=\"elementor-toggle-icon-opened\"><i class=\"elementor-toggle-icon-opened fas fa-caret-up\"><\/i><\/span>\n\t\t\t\t\t\t\t\t\t\t\t\t\t<\/span>\n\t\t\t\t\t\t\t\t\t\t\t\t<a class=\"elementor-toggle-title\" tabindex=\"0\">DRM (ou Droit de Reproduction m\u00e9canique)<\/a>\n\t\t\t\t\t<\/div>\n\n\t\t\t\t\t<div id=\"elementor-tab-content-16310\" class=\"elementor-tab-content elementor-clearfix\" data-tab=\"10\" role=\"region\" aria-labelledby=\"elementor-tab-title-16310\"><p>Les titulaires de droits d&rsquo;auteur, tels que les auteurs, compositeurs et \u00e9diteurs, ont le contr\u00f4le sur la reproduction et la distribution de leurs \u0153uvres. Chaque fois qu&rsquo;une \u0153uvre est reproduite sur un support tel qu&rsquo;un CD, un vinyle ou un appareil num\u00e9rique, un pourcentage est pr\u00e9lev\u00e9 sur le prix de vente. Cet argent est ensuite redistribu\u00e9 aux auteurs, compositeurs et \u00e9diteurs de l&rsquo;\u0153uvre par un organisme tel que la <a href=\"https:\/\/sdrm.sacem.fr\/\" target=\"_blank\" rel=\"noopener\">SDRM<\/a>. Ainsi, les cr\u00e9ateurs peuvent \u00eatre r\u00e9mun\u00e9r\u00e9s pour l&rsquo;utilisation de leurs \u0153uvres !<\/p><\/div>\n\t\t\t\t<\/div>\n\t\t\t\t\t\t\t<div class=\"elementor-toggle-item\">\n\t\t\t\t\t<div id=\"elementor-tab-title-16311\" class=\"elementor-tab-title\" data-tab=\"11\" role=\"button\" aria-controls=\"elementor-tab-content-16311\" aria-expanded=\"false\">\n\t\t\t\t\t\t\t\t\t\t\t\t<span class=\"elementor-toggle-icon elementor-toggle-icon-left\" aria-hidden=\"true\">\n\t\t\t\t\t\t\t\t\t\t\t\t\t\t\t<span class=\"elementor-toggle-icon-closed\"><i class=\"fas fa-caret-right\"><\/i><\/span>\n\t\t\t\t\t\t\t\t<span class=\"elementor-toggle-icon-opened\"><i class=\"elementor-toggle-icon-opened fas fa-caret-up\"><\/i><\/span>\n\t\t\t\t\t\t\t\t\t\t\t\t\t<\/span>\n\t\t\t\t\t\t\t\t\t\t\t\t<a class=\"elementor-toggle-title\" tabindex=\"0\">Droit d'auteur<\/a>\n\t\t\t\t\t<\/div>\n\n\t\t\t\t\t<div id=\"elementor-tab-content-16311\" class=\"elementor-tab-content elementor-clearfix\" data-tab=\"11\" role=\"region\" aria-labelledby=\"elementor-tab-title-16311\"><p>Les droits d&rsquo;auteur sont les droits exclusifs d\u00e9tenus par les auteurs, les compositeurs (et parfois les \u00e9diteurs de musique) sur leurs \u0153uvres musicales. Ces droits leur conf\u00e8rent un contr\u00f4le exclusif sur l&rsquo;utilisation et la distribution de leurs \u0153uvres.<\/p><\/div>\n\t\t\t\t<\/div>\n\t\t\t\t\t\t\t<div class=\"elementor-toggle-item\">\n\t\t\t\t\t<div id=\"elementor-tab-title-16312\" class=\"elementor-tab-title\" data-tab=\"12\" role=\"button\" aria-controls=\"elementor-tab-content-16312\" aria-expanded=\"false\">\n\t\t\t\t\t\t\t\t\t\t\t\t<span class=\"elementor-toggle-icon elementor-toggle-icon-left\" aria-hidden=\"true\">\n\t\t\t\t\t\t\t\t\t\t\t\t\t\t\t<span class=\"elementor-toggle-icon-closed\"><i class=\"fas fa-caret-right\"><\/i><\/span>\n\t\t\t\t\t\t\t\t<span class=\"elementor-toggle-icon-opened\"><i class=\"elementor-toggle-icon-opened fas fa-caret-up\"><\/i><\/span>\n\t\t\t\t\t\t\t\t\t\t\t\t\t<\/span>\n\t\t\t\t\t\t\t\t\t\t\t\t<a class=\"elementor-toggle-title\" tabindex=\"0\">Droit phonographique<\/a>\n\t\t\t\t\t<\/div>\n\n\t\t\t\t\t<div id=\"elementor-tab-content-16312\" class=\"elementor-tab-content elementor-clearfix\" data-tab=\"12\" role=\"region\" aria-labelledby=\"elementor-tab-title-16312\"><p>Les droits li\u00e9s \u00e0 la reproduction et \u00e0 l&rsquo;enregistrement sonore des \u0153uvres, \u00e9galement connus sous le nom de droits du master, sont les droits associ\u00e9s aux enregistrements sonores des \u0153uvres musicales. Ces droits sont g\u00e9n\u00e9ralement d\u00e9tenus par les labels (autrefois appel\u00e9s maisons de disque) qui ont les droits de commercialisation, de reproduction, etc. sur ces enregistrements.<\/p><\/div>\n\t\t\t\t<\/div>\n\t\t\t\t\t\t\t<div class=\"elementor-toggle-item\">\n\t\t\t\t\t<div id=\"elementor-tab-title-16313\" class=\"elementor-tab-title\" data-tab=\"13\" role=\"button\" aria-controls=\"elementor-tab-content-16313\" aria-expanded=\"false\">\n\t\t\t\t\t\t\t\t\t\t\t\t<span class=\"elementor-toggle-icon elementor-toggle-icon-left\" aria-hidden=\"true\">\n\t\t\t\t\t\t\t\t\t\t\t\t\t\t\t<span class=\"elementor-toggle-icon-closed\"><i class=\"fas fa-caret-right\"><\/i><\/span>\n\t\t\t\t\t\t\t\t<span class=\"elementor-toggle-icon-opened\"><i class=\"elementor-toggle-icon-opened fas fa-caret-up\"><\/i><\/span>\n\t\t\t\t\t\t\t\t\t\t\t\t\t<\/span>\n\t\t\t\t\t\t\t\t\t\t\t\t<a class=\"elementor-toggle-title\" tabindex=\"0\">Droit voisins<\/a>\n\t\t\t\t\t<\/div>\n\n\t\t\t\t\t<div id=\"elementor-tab-content-16313\" class=\"elementor-tab-content elementor-clearfix\" data-tab=\"13\" role=\"region\" aria-labelledby=\"elementor-tab-title-16313\"><p><span style=\"font-weight: 400;\">Le terme de \u201c<\/span><i><span style=\"font-weight: 400;\">droit voisin<\/span><\/i><span style=\"font-weight: 400;\">\u201d regroupe plusieurs notions qu\u2019on dit \u201cvoisine\u201d du droit d\u2019auteur, on parle alors des droits relatifs aux artistes interpr\u00e8tes et aux droits relatifs \u00e0 l\u2019enregistrement (<\/span><b><i>droit phonographique<\/i><\/b><span style=\"font-weight: 400;\">).\u00a0<\/span><\/p><p><span style=\"font-weight: 400;\">Les droits voisins regroupe alors :\u00a0<\/span><\/p><ul><li style=\"font-weight: 400;\" aria-level=\"1\"><span style=\"font-weight: 400;\">les droits sur leurs performances pour les artistes interpr\u00e8tes et musiciens<\/span><\/li><li style=\"font-weight: 400;\" aria-level=\"1\"><span style=\"font-weight: 400;\">les droits sur les reproductions \/ distributions des enregistrements des \u0153uvres musicales.<\/span><\/li><\/ul><\/div>\n\t\t\t\t<\/div>\n\t\t\t\t\t\t\t<div class=\"elementor-toggle-item\">\n\t\t\t\t\t<div id=\"elementor-tab-title-16314\" class=\"elementor-tab-title\" data-tab=\"14\" role=\"button\" aria-controls=\"elementor-tab-content-16314\" aria-expanded=\"false\">\n\t\t\t\t\t\t\t\t\t\t\t\t<span class=\"elementor-toggle-icon elementor-toggle-icon-left\" aria-hidden=\"true\">\n\t\t\t\t\t\t\t\t\t\t\t\t\t\t\t<span class=\"elementor-toggle-icon-closed\"><i class=\"fas fa-caret-right\"><\/i><\/span>\n\t\t\t\t\t\t\t\t<span class=\"elementor-toggle-icon-opened\"><i class=\"elementor-toggle-icon-opened fas fa-caret-up\"><\/i><\/span>\n\t\t\t\t\t\t\t\t\t\t\t\t\t<\/span>\n\t\t\t\t\t\t\t\t\t\t\t\t<a class=\"elementor-toggle-title\" tabindex=\"0\">Licence<\/a>\n\t\t\t\t\t<\/div>\n\n\t\t\t\t\t<div id=\"elementor-tab-content-16314\" class=\"elementor-tab-content elementor-clearfix\" data-tab=\"14\" role=\"region\" aria-labelledby=\"elementor-tab-title-16314\"><p>Une licence est un accord contractuel qui autorise l&rsquo;utilisation d&rsquo;une \u0153uvre musicale. Une licence peut couvrir diff\u00e9rents aspects tels que la synchronisation (utilisation dans un contexte audiovisuel), l&rsquo;enregistrement, la diffusion, etc.<\/p><\/div>\n\t\t\t\t<\/div>\n\t\t\t\t\t\t\t<div class=\"elementor-toggle-item\">\n\t\t\t\t\t<div id=\"elementor-tab-title-16315\" class=\"elementor-tab-title\" data-tab=\"15\" role=\"button\" aria-controls=\"elementor-tab-content-16315\" aria-expanded=\"false\">\n\t\t\t\t\t\t\t\t\t\t\t\t<span class=\"elementor-toggle-icon elementor-toggle-icon-left\" aria-hidden=\"true\">\n\t\t\t\t\t\t\t\t\t\t\t\t\t\t\t<span class=\"elementor-toggle-icon-closed\"><i class=\"fas fa-caret-right\"><\/i><\/span>\n\t\t\t\t\t\t\t\t<span class=\"elementor-toggle-icon-opened\"><i class=\"elementor-toggle-icon-opened fas fa-caret-up\"><\/i><\/span>\n\t\t\t\t\t\t\t\t\t\t\t\t\t<\/span>\n\t\t\t\t\t\t\t\t\t\t\t\t<a class=\"elementor-toggle-title\" tabindex=\"0\">Master<\/a>\n\t\t\t\t\t<\/div>\n\n\t\t\t\t\t<div id=\"elementor-tab-content-16315\" class=\"elementor-tab-content elementor-clearfix\" data-tab=\"15\" role=\"region\" aria-labelledby=\"elementor-tab-title-16315\"><p>Le master est l&rsquo;enregistrement sonore final d&rsquo;une \u0153uvre. Il est r\u00e9gi par le droit phonographique. G\u00e9n\u00e9ralement, les droits sur cet enregistrement sont d\u00e9tenus par le label (producteur) ou parfois directement par l&rsquo;artiste lui-m\u00eame.<\/p><\/div>\n\t\t\t\t<\/div>\n\t\t\t\t\t\t\t<div class=\"elementor-toggle-item\">\n\t\t\t\t\t<div id=\"elementor-tab-title-16316\" class=\"elementor-tab-title\" data-tab=\"16\" role=\"button\" aria-controls=\"elementor-tab-content-16316\" aria-expanded=\"false\">\n\t\t\t\t\t\t\t\t\t\t\t\t<span class=\"elementor-toggle-icon elementor-toggle-icon-left\" aria-hidden=\"true\">\n\t\t\t\t\t\t\t\t\t\t\t\t\t\t\t<span class=\"elementor-toggle-icon-closed\"><i class=\"fas fa-caret-right\"><\/i><\/span>\n\t\t\t\t\t\t\t\t<span class=\"elementor-toggle-icon-opened\"><i class=\"elementor-toggle-icon-opened fas fa-caret-up\"><\/i><\/span>\n\t\t\t\t\t\t\t\t\t\t\t\t\t<\/span>\n\t\t\t\t\t\t\t\t\t\t\t\t<a class=\"elementor-toggle-title\" tabindex=\"0\">M\u00e9tadonn\u00e9es<\/a>\n\t\t\t\t\t<\/div>\n\n\t\t\t\t\t<div id=\"elementor-tab-content-16316\" class=\"elementor-tab-content elementor-clearfix\" data-tab=\"16\" role=\"region\" aria-labelledby=\"elementor-tab-title-16316\"><p>Ce sont les informations essentielles li\u00e9es \u00e0 une \u0153uvre (sur un fichier num\u00e9rique) telles que l&rsquo;auteur.e, le compositeur.rice, le titre, l&rsquo;artiste, le genre, etc. Ces informations rev\u00eatent une grande importance afin d&rsquo;assurer une attribution et une r\u00e9mun\u00e9ration ad\u00e9quate \u00e0 tous les acteurs impliqu\u00e9s dans une \u0153uvre musicale.<\/p><\/div>\n\t\t\t\t<\/div>\n\t\t\t\t\t\t\t<div class=\"elementor-toggle-item\">\n\t\t\t\t\t<div id=\"elementor-tab-title-16317\" class=\"elementor-tab-title\" data-tab=\"17\" role=\"button\" aria-controls=\"elementor-tab-content-16317\" aria-expanded=\"false\">\n\t\t\t\t\t\t\t\t\t\t\t\t<span class=\"elementor-toggle-icon elementor-toggle-icon-left\" aria-hidden=\"true\">\n\t\t\t\t\t\t\t\t\t\t\t\t\t\t\t<span class=\"elementor-toggle-icon-closed\"><i class=\"fas fa-caret-right\"><\/i><\/span>\n\t\t\t\t\t\t\t\t<span class=\"elementor-toggle-icon-opened\"><i class=\"elementor-toggle-icon-opened fas fa-caret-up\"><\/i><\/span>\n\t\t\t\t\t\t\t\t\t\t\t\t\t<\/span>\n\t\t\t\t\t\t\t\t\t\t\t\t<a class=\"elementor-toggle-title\" tabindex=\"0\">OGC (Organisme de Gestion Collective)<\/a>\n\t\t\t\t\t<\/div>\n\n\t\t\t\t\t<div id=\"elementor-tab-content-16317\" class=\"elementor-tab-content elementor-clearfix\" data-tab=\"17\" role=\"region\" aria-labelledby=\"elementor-tab-title-16317\"><p><span style=\"font-weight: 400;\">C\u2019est une entit\u00e9 charg\u00e9e de g\u00e9rer les droits d&rsquo;auteur et les droits voisins au nom des titulaires de ces droits. Il collecte les redevances chaque fois qu&rsquo;une \u0153uvre est diffus\u00e9e ou utilis\u00e9e, puis r\u00e9partit les revenus issus de ces diffusions aux d\u00e9tenteurs des droits concern\u00e9s.<\/span><\/p><\/div>\n\t\t\t\t<\/div>\n\t\t\t\t\t\t\t<div class=\"elementor-toggle-item\">\n\t\t\t\t\t<div id=\"elementor-tab-title-16318\" class=\"elementor-tab-title\" data-tab=\"18\" role=\"button\" aria-controls=\"elementor-tab-content-16318\" aria-expanded=\"false\">\n\t\t\t\t\t\t\t\t\t\t\t\t<span class=\"elementor-toggle-icon elementor-toggle-icon-left\" aria-hidden=\"true\">\n\t\t\t\t\t\t\t\t\t\t\t\t\t\t\t<span class=\"elementor-toggle-icon-closed\"><i class=\"fas fa-caret-right\"><\/i><\/span>\n\t\t\t\t\t\t\t\t<span class=\"elementor-toggle-icon-opened\"><i class=\"elementor-toggle-icon-opened fas fa-caret-up\"><\/i><\/span>\n\t\t\t\t\t\t\t\t\t\t\t\t\t<\/span>\n\t\t\t\t\t\t\t\t\t\t\t\t<a class=\"elementor-toggle-title\" tabindex=\"0\">Royalties (ou redevances)<\/a>\n\t\t\t\t\t<\/div>\n\n\t\t\t\t\t<div id=\"elementor-tab-content-16318\" class=\"elementor-tab-content elementor-clearfix\" data-tab=\"18\" role=\"region\" aria-labelledby=\"elementor-tab-title-16318\"><p>Les redevances sont des paiements vers\u00e9s aux titulaires des droits d&rsquo;auteur pour l&rsquo;utilisation de leurs \u0153uvres. Ces sommes sont calcul\u00e9es en fonction des revenus g\u00e9n\u00e9r\u00e9 par l&rsquo;exploitation commerciale des \u0153uvres et sont redistribu\u00e9es selon les pourcentages convenus contractuellement.<\/p><\/div>\n\t\t\t\t<\/div>\n\t\t\t\t\t\t\t<div class=\"elementor-toggle-item\">\n\t\t\t\t\t<div id=\"elementor-tab-title-16319\" class=\"elementor-tab-title\" data-tab=\"19\" role=\"button\" aria-controls=\"elementor-tab-content-16319\" aria-expanded=\"false\">\n\t\t\t\t\t\t\t\t\t\t\t\t<span class=\"elementor-toggle-icon elementor-toggle-icon-left\" aria-hidden=\"true\">\n\t\t\t\t\t\t\t\t\t\t\t\t\t\t\t<span class=\"elementor-toggle-icon-closed\"><i class=\"fas fa-caret-right\"><\/i><\/span>\n\t\t\t\t\t\t\t\t<span class=\"elementor-toggle-icon-opened\"><i class=\"elementor-toggle-icon-opened fas fa-caret-up\"><\/i><\/span>\n\t\t\t\t\t\t\t\t\t\t\t\t\t<\/span>\n\t\t\t\t\t\t\t\t\t\t\t\t<a class=\"elementor-toggle-title\" tabindex=\"0\">Sacem<\/a>\n\t\t\t\t\t<\/div>\n\n\t\t\t\t\t<div id=\"elementor-tab-content-16319\" class=\"elementor-tab-content elementor-clearfix\" data-tab=\"19\" role=\"region\" aria-labelledby=\"elementor-tab-title-16319\"><p><span style=\"font-weight: 400;\">C\u2019est l\u2019<\/span><b><i>OGC<\/i><\/b><span style=\"font-weight: 400;\"> de r\u00e9f\u00e9rence en France pour les auteurs, compositeurs et \u00e9diteurs de musique.<\/span><\/p><p>Plus d&rsquo;informations sur le site de la\u00a0<a style=\"background-color: #ffffff; font-family: -apple-system, BlinkMacSystemFont, 'Segoe UI', Roboto, Oxygen-Sans, Ubuntu, Cantarell, 'Helvetica Neue', sans-serif;\" href=\"https:\/\/www.sacem.fr\/\" target=\"_blank\" rel=\"noopener\"><b>Sacem<\/b><\/a><\/p><\/div>\n\t\t\t\t<\/div>\n\t\t\t\t\t\t\t<div class=\"elementor-toggle-item\">\n\t\t\t\t\t<div id=\"elementor-tab-title-16320\" class=\"elementor-tab-title\" data-tab=\"20\" role=\"button\" aria-controls=\"elementor-tab-content-16320\" aria-expanded=\"false\">\n\t\t\t\t\t\t\t\t\t\t\t\t<span class=\"elementor-toggle-icon elementor-toggle-icon-left\" aria-hidden=\"true\">\n\t\t\t\t\t\t\t\t\t\t\t\t\t\t\t<span class=\"elementor-toggle-icon-closed\"><i class=\"fas fa-caret-right\"><\/i><\/span>\n\t\t\t\t\t\t\t\t<span class=\"elementor-toggle-icon-opened\"><i class=\"elementor-toggle-icon-opened fas fa-caret-up\"><\/i><\/span>\n\t\t\t\t\t\t\t\t\t\t\t\t\t<\/span>\n\t\t\t\t\t\t\t\t\t\t\t\t<a class=\"elementor-toggle-title\" tabindex=\"0\">SCPP<\/a>\n\t\t\t\t\t<\/div>\n\n\t\t\t\t\t<div id=\"elementor-tab-content-16320\" class=\"elementor-tab-content elementor-clearfix\" data-tab=\"20\" role=\"region\" aria-labelledby=\"elementor-tab-title-16320\"><p><span style=\"font-weight: 400;\">Soci\u00e9t\u00e9 civile des producteurs phonographiques. C\u2019est un <\/span><b><i>OGC<\/i><\/b><span style=\"font-weight: 400;\"> qui g\u00e8re les droits pour les producteurs phonographiques<\/span><\/p><p>Plus d&rsquo;informations sur le site de la\u00a0<a style=\"background-color: #ffffff; font-family: -apple-system, BlinkMacSystemFont, 'Segoe UI', Roboto, Oxygen-Sans, Ubuntu, Cantarell, 'Helvetica Neue', sans-serif;\" href=\"https:\/\/www.scpp.fr\/fr\/Pages\/default.aspx\" target=\"_blank\" rel=\"noopener\"><b>SCPP<\/b><\/a><\/p><\/div>\n\t\t\t\t<\/div>\n\t\t\t\t\t\t\t<div class=\"elementor-toggle-item\">\n\t\t\t\t\t<div id=\"elementor-tab-title-16321\" class=\"elementor-tab-title\" data-tab=\"21\" role=\"button\" aria-controls=\"elementor-tab-content-16321\" aria-expanded=\"false\">\n\t\t\t\t\t\t\t\t\t\t\t\t<span class=\"elementor-toggle-icon elementor-toggle-icon-left\" aria-hidden=\"true\">\n\t\t\t\t\t\t\t\t\t\t\t\t\t\t\t<span class=\"elementor-toggle-icon-closed\"><i class=\"fas fa-caret-right\"><\/i><\/span>\n\t\t\t\t\t\t\t\t<span class=\"elementor-toggle-icon-opened\"><i class=\"elementor-toggle-icon-opened fas fa-caret-up\"><\/i><\/span>\n\t\t\t\t\t\t\t\t\t\t\t\t\t<\/span>\n\t\t\t\t\t\t\t\t\t\t\t\t<a class=\"elementor-toggle-title\" tabindex=\"0\">SPPF<\/a>\n\t\t\t\t\t<\/div>\n\n\t\t\t\t\t<div id=\"elementor-tab-content-16321\" class=\"elementor-tab-content elementor-clearfix\" data-tab=\"21\" role=\"region\" aria-labelledby=\"elementor-tab-title-16321\"><p><span style=\"font-weight: 400;\">Soci\u00e9t\u00e9 des producteurs phonographique fran\u00e7ais. Comme la SCPP, c\u2019est un <\/span><b><i>OGC<\/i><\/b><span style=\"font-weight: 400;\"> qui g\u00e8re les droits phonographiques. <\/span><\/p><p><span style=\"font-weight: 400;\">Plus d&rsquo;informations sur le site de la\u00a0<\/span><a style=\"background-color: #ffffff; font-family: -apple-system, BlinkMacSystemFont, 'Segoe UI', Roboto, Oxygen-Sans, Ubuntu, Cantarell, 'Helvetica Neue', sans-serif;\" href=\"https:\/\/www.sppf.com\/\" target=\"_blank\" rel=\"noopener\"><b>SPPF<\/b><\/a><\/p><\/div>\n\t\t\t\t<\/div>\n\t\t\t\t\t\t\t<div class=\"elementor-toggle-item\">\n\t\t\t\t\t<div id=\"elementor-tab-title-16322\" class=\"elementor-tab-title\" data-tab=\"22\" role=\"button\" aria-controls=\"elementor-tab-content-16322\" aria-expanded=\"false\">\n\t\t\t\t\t\t\t\t\t\t\t\t<span class=\"elementor-toggle-icon elementor-toggle-icon-left\" aria-hidden=\"true\">\n\t\t\t\t\t\t\t\t\t\t\t\t\t\t\t<span class=\"elementor-toggle-icon-closed\"><i class=\"fas fa-caret-right\"><\/i><\/span>\n\t\t\t\t\t\t\t\t<span class=\"elementor-toggle-icon-opened\"><i class=\"elementor-toggle-icon-opened fas fa-caret-up\"><\/i><\/span>\n\t\t\t\t\t\t\t\t\t\t\t\t\t<\/span>\n\t\t\t\t\t\t\t\t\t\t\t\t<a class=\"elementor-toggle-title\" tabindex=\"0\">Sychronisation<\/a>\n\t\t\t\t\t<\/div>\n\n\t\t\t\t\t<div id=\"elementor-tab-content-16322\" class=\"elementor-tab-content elementor-clearfix\" data-tab=\"22\" role=\"region\" aria-labelledby=\"elementor-tab-title-16322\"><p><span style=\"font-weight: 400;\">C\u2019est\u00a0le terme utilis\u00e9 pour d\u00e9crire le processus d&rsquo;utilisation d&rsquo;une musique pr\u00e9existante sur un contenu audiovisuel.<\/span><\/p><\/div>\n\t\t\t\t<\/div>\n\t\t\t\t\t\t\t<div class=\"elementor-toggle-item\">\n\t\t\t\t\t<div id=\"elementor-tab-title-16323\" class=\"elementor-tab-title\" data-tab=\"23\" role=\"button\" aria-controls=\"elementor-tab-content-16323\" aria-expanded=\"false\">\n\t\t\t\t\t\t\t\t\t\t\t\t<span class=\"elementor-toggle-icon elementor-toggle-icon-left\" aria-hidden=\"true\">\n\t\t\t\t\t\t\t\t\t\t\t\t\t\t\t<span class=\"elementor-toggle-icon-closed\"><i class=\"fas fa-caret-right\"><\/i><\/span>\n\t\t\t\t\t\t\t\t<span class=\"elementor-toggle-icon-opened\"><i class=\"elementor-toggle-icon-opened fas fa-caret-up\"><\/i><\/span>\n\t\t\t\t\t\t\t\t\t\t\t\t\t<\/span>\n\t\t\t\t\t\t\t\t\t\t\t\t<a class=\"elementor-toggle-title\" tabindex=\"0\">Supervision musicale (superviseur musical)<\/a>\n\t\t\t\t\t<\/div>\n\n\t\t\t\t\t<div id=\"elementor-tab-content-16323\" class=\"elementor-tab-content elementor-clearfix\" data-tab=\"23\" role=\"region\" aria-labelledby=\"elementor-tab-title-16323\"><p>La supervision musicale d\u00e9signe le r\u00f4le de la personne charg\u00e9e de s\u00e9lectionner et d&rsquo;int\u00e9grer des \u0153uvres musicales dans des \u0153uvres audiovisuelles telles que des films, des s\u00e9ries, des publicit\u00e9s ou des documentaires. Ce m\u00e9tier implique non seulement la s\u00e9lection de musiques appropri\u00e9es, mais aussi la n\u00e9gociation des licences avec tous les ayants droit concern\u00e9s.<\/p><\/div>\n\t\t\t\t<\/div>\n\t\t\t\t\t\t\t\t<\/div>\n\t\t\t\t\t\t<\/div>\n\t\t\t\t<\/div>\n\t\t\t\t\t<\/div>\n\t\t<\/div>\n\t\t\t\t\t<\/div>\n\t\t<\/section>\n\t\t\t\t<section class=\"elementor-section elementor-top-section elementor-element elementor-element-858f080 elementor-section-boxed elementor-section-height-default elementor-section-height-default\" data-id=\"858f080\" data-element_type=\"section\" data-e-type=\"section\">\n\t\t\t\t\t\t<div class=\"elementor-container elementor-column-gap-default\">\n\t\t\t\t\t<div class=\"elementor-column elementor-col-100 elementor-top-column elementor-element elementor-element-cb3ce39\" data-id=\"cb3ce39\" data-element_type=\"column\" data-e-type=\"column\">\n\t\t\t<div class=\"elementor-widget-wrap elementor-element-populated\">\n\t\t\t\t\t\t<div class=\"elementor-element elementor-element-9607a40 elementor-widget elementor-widget-spacer\" data-id=\"9607a40\" data-element_type=\"widget\" data-e-type=\"widget\" data-widget_type=\"spacer.default\">\n\t\t\t\t<div class=\"elementor-widget-container\">\n\t\t\t\t\t\t\t<div class=\"elementor-spacer\">\n\t\t\t<div class=\"elementor-spacer-inner\"><\/div>\n\t\t<\/div>\n\t\t\t\t\t\t<\/div>\n\t\t\t\t<\/div>\n\t\t\t\t<div class=\"elementor-element elementor-element-4d43e14 elementor-widget elementor-widget-image\" data-id=\"4d43e14\" data-element_type=\"widget\" data-e-type=\"widget\" data-widget_type=\"image.default\">\n\t\t\t\t<div class=\"elementor-widget-container\">\n\t\t\t\t\t\t\t\t\t\t\t\t\t\t\t<img fetchpriority=\"high\" decoding=\"async\" width=\"768\" height=\"432\" src=\"https:\/\/eifeil.com\/wp-content\/uploads\/2023\/06\/Teaser-12-768x432.png\" class=\"attachment-medium_large size-medium_large wp-image-3852\" alt=\"\" srcset=\"https:\/\/eifeil.com\/wp-content\/uploads\/2023\/06\/Teaser-12-768x432.png 768w, https:\/\/eifeil.com\/wp-content\/uploads\/2023\/06\/Teaser-12-300x169.png 300w, https:\/\/eifeil.com\/wp-content\/uploads\/2023\/06\/Teaser-12-1024x576.png 1024w, https:\/\/eifeil.com\/wp-content\/uploads\/2023\/06\/Teaser-12-1536x864.png 1536w, https:\/\/eifeil.com\/wp-content\/uploads\/2023\/06\/Teaser-12-1000x563.png 1000w, https:\/\/eifeil.com\/wp-content\/uploads\/2023\/06\/Teaser-12-230x129.png 230w, https:\/\/eifeil.com\/wp-content\/uploads\/2023\/06\/Teaser-12-350x197.png 350w, https:\/\/eifeil.com\/wp-content\/uploads\/2023\/06\/Teaser-12-480x270.png 480w, https:\/\/eifeil.com\/wp-content\/uploads\/2023\/06\/Teaser-12.png 1920w\" sizes=\"(max-width: 768px) 100vw, 768px\" \/>\t\t\t\t\t\t\t\t\t\t\t\t\t\t\t<\/div>\n\t\t\t\t<\/div>\n\t\t\t\t<div class=\"elementor-element elementor-element-3a17755 elementor-widget elementor-widget-spacer\" data-id=\"3a17755\" data-element_type=\"widget\" data-e-type=\"widget\" data-widget_type=\"spacer.default\">\n\t\t\t\t<div class=\"elementor-widget-container\">\n\t\t\t\t\t\t\t<div class=\"elementor-spacer\">\n\t\t\t<div class=\"elementor-spacer-inner\"><\/div>\n\t\t<\/div>\n\t\t\t\t\t\t<\/div>\n\t\t\t\t<\/div>\n\t\t\t\t<div class=\"elementor-element elementor-element-c437d50 elementor-widget elementor-widget-text-editor\" data-id=\"c437d50\" data-element_type=\"widget\" data-e-type=\"widget\" data-widget_type=\"text-editor.default\">\n\t\t\t\t<div class=\"elementor-widget-container\">\n\t\t\t\t\t\t\t\t\t<p><strong>Transformez votre passion pour la musique en profession&nbsp;<\/strong><\/p><p><strong>avec nos formations en ligne sur l&rsquo;\u00e9dition musicale !<\/strong>&nbsp;<\/p>\n<div class=\"flex-1 overflow-hidden\">\n<div class=\"react-scroll-to-bottom--css-azufm-79elbk h-full dark:bg-gray-800\">\n<div class=\"react-scroll-to-bottom--css-azufm-1n7m0yu\">\n<div class=\"flex flex-col text-sm dark:bg-gray-800\">\n<div class=\"group w-full text-gray-800 dark:text-gray-100 border-b border-black\/10 dark:border-gray-900\/50 bg-gray-50 dark:bg-[#444654]\">\n<div class=\"flex p-4 gap-4 text-base md:gap-6 md:max-w-2xl lg:max-w-[38rem] xl:max-w-3xl md:py-6 lg:px-0 m-auto\">\n<div class=\"relative flex w-[calc(100%-50px)] flex-col gap-1 md:gap-3 lg:w-[calc(100%-115px)]\">\n<div class=\"flex flex-grow flex-col gap-3\">\n<div class=\"min-h-[20px] flex items-start overflow-x-auto whitespace-pre-wrap break-words flex-col gap-4\">\n<div class=\"markdown prose w-full break-words dark:prose-invert light\">\n<\/div>\n<\/div>\n<\/div>\n<\/div>\n<\/div>\n<\/div>\n<\/div>\n<\/div>\n<\/div>\n<\/div>\t\t\t\t\t\t\t\t<\/div>\n\t\t\t\t<\/div>\n\t\t\t\t<div class=\"elementor-element elementor-element-3ffbca5 elementor-widget elementor-widget-text-editor\" data-id=\"3ffbca5\" data-element_type=\"widget\" data-e-type=\"widget\" data-widget_type=\"text-editor.default\">\n\t\t\t\t<div class=\"elementor-widget-container\">\n\t\t\t\t\t\t\t\t\t<p><span style=\"font-family: -apple-system, BlinkMacSystemFont, 'Segoe UI', Roboto, Oxygen-Sans, Ubuntu, Cantarell, 'Helvetica Neue', sans-serif;\">D\u00e9couvrez le monde fascinant de l&rsquo;\u00e9dition musicale \u00e0 votre rythme, depuis le confort de votre domicile. Nos formations en ligne sont con\u00e7ues pour vous fournir les outils essentiels afin de comprendre les rouages du secteur musical, de la gestion des droits d&rsquo;auteur \u00e0 la cr\u00e9ation de votre propre structure d&rsquo;\u00e9dition musicale.&nbsp;<\/span><\/p>\t\t\t\t\t\t\t\t<\/div>\n\t\t\t\t<\/div>\n\t\t\t\t<div class=\"elementor-element elementor-element-149c961 elementor-widget elementor-widget-text-editor\" data-id=\"149c961\" data-element_type=\"widget\" data-e-type=\"widget\" data-widget_type=\"text-editor.default\">\n\t\t\t\t<div class=\"elementor-widget-container\">\n\t\t\t\t\t\t\t\t\t<p><strong><br><\/strong><\/p>\n<p><strong>AU PROGRAMME :&nbsp;<\/strong><\/p>\n<div class=\"flex-1 overflow-hidden\">\n<div class=\"react-scroll-to-bottom--css-azufm-79elbk h-full dark:bg-gray-800\">\n<div class=\"react-scroll-to-bottom--css-azufm-1n7m0yu\">\n<div class=\"flex flex-col text-sm dark:bg-gray-800\">\n<div class=\"group w-full text-gray-800 dark:text-gray-100 border-b border-black\/10 dark:border-gray-900\/50 bg-gray-50 dark:bg-[#444654]\">\n<div class=\"flex p-4 gap-4 text-base md:gap-6 md:max-w-2xl lg:max-w-[38rem] xl:max-w-3xl md:py-6 lg:px-0 m-auto\">\n<div class=\"relative flex w-[calc(100%-50px)] flex-col gap-1 md:gap-3 lg:w-[calc(100%-115px)]\">\n<div class=\"flex flex-grow flex-col gap-3\">\n<div class=\"min-h-[20px] flex items-start overflow-x-auto whitespace-pre-wrap break-words flex-col gap-4\">\n<div class=\"markdown prose w-full break-words dark:prose-invert light\">\n<p>\ud83d\udca1&nbsp;<strong>Enrichissez vos connaissances sur la Sacem<\/strong>&nbsp;<\/p>\n<p>\ud83d\ude80&nbsp;<strong>Cr\u00e9ez votre propre structure d&rsquo;\u00e9dition musicale<\/strong>&nbsp;<\/p>\n<p>\ud83d\udcb0&nbsp;<strong>Financez votre projet musical<\/strong>&nbsp;<\/p>\n<p><br><\/p>\n<\/div>\n<\/div>\n<\/div>\n<\/div>\n<\/div>\n<\/div>\n<\/div>\n<\/div>\n<\/div>\n<\/div>\t\t\t\t\t\t\t\t<\/div>\n\t\t\t\t<\/div>\n\t\t\t\t\t<\/div>\n\t\t<\/div>\n\t\t\t\t\t<\/div>\n\t\t<\/section>\n\t\t\t\t<section class=\"elementor-section elementor-top-section elementor-element elementor-element-5ce7786 elementor-section-boxed elementor-section-height-default elementor-section-height-default\" data-id=\"5ce7786\" data-element_type=\"section\" data-e-type=\"section\">\n\t\t\t\t\t\t<div class=\"elementor-container elementor-column-gap-default\">\n\t\t\t\t\t<div class=\"elementor-column elementor-col-100 elementor-top-column elementor-element elementor-element-7959db2\" data-id=\"7959db2\" data-element_type=\"column\" data-e-type=\"column\">\n\t\t\t<div class=\"elementor-widget-wrap elementor-element-populated\">\n\t\t\t\t\t\t<div class=\"elementor-element elementor-element-2e8e850 elementor-widget elementor-widget-text-editor\" data-id=\"2e8e850\" data-element_type=\"widget\" data-e-type=\"widget\" data-widget_type=\"text-editor.default\">\n\t\t\t\t<div class=\"elementor-widget-container\">\n\t\t\t\t\t\t\t\t\t<p><span style=\"color: #000000;\">Et ce n&rsquo;est pas tout !&nbsp;<\/span><span style=\"font-weight: 600; color: #000000;\">Pour votre premier achat, b\u00e9n\u00e9ficiez d&rsquo;une r\u00e9duction exceptionnelle de 30% !<\/span><span style=\"color: #000000;\">&nbsp;Une occasion en or pour d\u00e9marrer votre parcours d&rsquo;apprentissage dans l&rsquo;\u00e9dition musicale.<\/span><\/p>\t\t\t\t\t\t\t\t<\/div>\n\t\t\t\t<\/div>\n\t\t\t\t<div class=\"elementor-element elementor-element-476b1b8 elementor-widget elementor-widget-text-editor\" data-id=\"476b1b8\" data-element_type=\"widget\" data-e-type=\"widget\" data-widget_type=\"text-editor.default\">\n\t\t\t\t<div class=\"elementor-widget-container\">\n\t\t\t\t\t\t\t\t\t<p><span style=\"font-family: -apple-system, BlinkMacSystemFont, 'Segoe UI', Roboto, Oxygen-Sans, Ubuntu, Cantarell, 'Helvetica Neue', sans-serif;\">\ud83c\udfbc Que vous soyez un artiste en herbe ou un professionnel aguerri, nos formations vous offrent une opportunit\u00e9 unique de booster vos comp\u00e9tences et faire grandir votre carri\u00e8re musicale.<\/span><\/p><p>N&rsquo;attendez plus ! D\u00e9veloppez vos talents, explorez votre passion et faites de la musique votre m\u00e9tier. Rejoignez notre communaut\u00e9 d&rsquo;apprenants et d&rsquo;experts passionn\u00e9s et engagez-vous dans une aventure musicale extraordinaire.<\/p>\t\t\t\t\t\t\t\t<\/div>\n\t\t\t\t<\/div>\n\t\t\t\t<div class=\"elementor-element elementor-element-61392de elementor-align-center elementor-widget elementor-widget-button\" data-id=\"61392de\" data-element_type=\"widget\" data-e-type=\"widget\" data-widget_type=\"button.default\">\n\t\t\t\t<div class=\"elementor-widget-container\">\n\t\t\t\t\t\t\t\t\t<div class=\"elementor-button-wrapper\">\n\t\t\t\t\t<a class=\"elementor-button elementor-button-link elementor-size-lg\" href=\"https:\/\/federationeifeil.systeme.io\/e-learning-edition-musicale-eifeil\">\n\t\t\t\t\t\t<span class=\"elementor-button-content-wrapper\">\n\t\t\t\t\t\t\t\t\t<span class=\"elementor-button-text\">Formez-vous d\u00e8s aujourd'hui ! <\/span>\n\t\t\t\t\t<\/span>\n\t\t\t\t\t<\/a>\n\t\t\t\t<\/div>\n\t\t\t\t\t\t\t\t<\/div>\n\t\t\t\t<\/div>\n\t\t\t\t\t<\/div>\n\t\t<\/div>\n\t\t\t\t\t<\/div>\n\t\t<\/section>\n\t\t\t\t<\/div>\n\t\t","protected":false},"excerpt":{"rendered":"<p>23 termes et notions expliqu\u00e9s simplement, pour vous aider \u00e0  appr\u00e9hender sereinement le monde de la musique et les acteurs qui y gravitent ! <\/p>\n","protected":false},"author":1,"featured_media":4158,"comment_status":"open","ping_status":"open","sticky":false,"template":"","format":"standard","meta":{"footnotes":""},"categories":[19,21,24],"tags":[],"class_list":["post-4144","post","type-post","status-publish","format-standard","has-post-thumbnail","hentry","category-definition","category-edition-musicale","category-environnement-professionnel"],"yoast_head":"<!-- This site is optimized with the Yoast SEO plugin v26.6 - https:\/\/yoast.com\/wordpress\/plugins\/seo\/ -->\n<title>Le vocabulaire \u00e0 ma\u00eetriser pour devenir incollable sur l\u2019industrie musicale fran\u00e7aise ! - EIFEIL<\/title>\n<meta name=\"description\" content=\"23 termes et notions expliqu\u00e9s simplement, pour vous aider \u00e0 appr\u00e9hender sereinement le monde de la musique et les acteurs qui y gravitent !\" \/>\n<meta name=\"robots\" content=\"index, follow, max-snippet:-1, max-image-preview:large, max-video-preview:-1\" \/>\n<link rel=\"canonical\" href=\"https:\/\/eifeil.com\/index.php\/2023\/07\/03\/le-vocabulaire-a-maitriser-pour-devenir-incollable-sur-lindustrie-musicale-francaise\/\" \/>\n<meta property=\"og:locale\" content=\"fr_FR\" \/>\n<meta property=\"og:type\" content=\"article\" \/>\n<meta property=\"og:title\" content=\"Le vocabulaire \u00e0 ma\u00eetriser pour devenir incollable sur l\u2019industrie musicale fran\u00e7aise !\" \/>\n<meta property=\"og:description\" content=\"23 termes et notions expliqu\u00e9s simplement, pour vous aider \u00e0 appr\u00e9hender sereinement le monde de la musique et les acteurs qui y gravitent !\" \/>\n<meta property=\"og:url\" content=\"https:\/\/eifeil.com\/index.php\/2023\/07\/03\/le-vocabulaire-a-maitriser-pour-devenir-incollable-sur-lindustrie-musicale-francaise\/\" \/>\n<meta property=\"og:site_name\" content=\"EIFEIL\" \/>\n<meta property=\"article:published_time\" content=\"2023-07-03T14:44:56+00:00\" \/>\n<meta property=\"article:modified_time\" content=\"2023-07-06T08:19:18+00:00\" \/>\n<meta property=\"og:image\" content=\"https:\/\/eifeil.com\/wp-content\/uploads\/2023\/07\/banniere-fb-7.png\" \/>\n\t<meta property=\"og:image:width\" content=\"1640\" \/>\n\t<meta property=\"og:image:height\" content=\"924\" \/>\n\t<meta property=\"og:image:type\" content=\"image\/png\" \/>\n<meta name=\"author\" content=\"admin6173\" \/>\n<meta name=\"twitter:card\" content=\"summary_large_image\" \/>\n<meta name=\"twitter:title\" content=\"Le vocabulaire \u00e0 ma\u00eetriser pour devenir incollable sur l\u2019industrie musicale fran\u00e7aise !\" \/>\n<meta name=\"twitter:description\" content=\"23 termes et notions expliqu\u00e9s simplement, pour vous aider \u00e0 appr\u00e9hender sereinement le monde de la musique et les acteurs qui y gravitent !\" \/>\n<meta name=\"twitter:image\" content=\"https:\/\/eifeil.com\/wp-content\/uploads\/2023\/07\/banniere-fb-7.png\" \/>\n<meta name=\"twitter:label1\" content=\"\u00c9crit par\" \/>\n\t<meta name=\"twitter:data1\" content=\"admin6173\" \/>\n\t<meta name=\"twitter:label2\" content=\"Dur\u00e9e de lecture estim\u00e9e\" \/>\n\t<meta name=\"twitter:data2\" content=\"7 minutes\" \/>\n<script type=\"application\/ld+json\" class=\"yoast-schema-graph\">{\"@context\":\"https:\/\/schema.org\",\"@graph\":[{\"@type\":\"WebPage\",\"@id\":\"https:\/\/eifeil.com\/index.php\/2023\/07\/03\/le-vocabulaire-a-maitriser-pour-devenir-incollable-sur-lindustrie-musicale-francaise\/\",\"url\":\"https:\/\/eifeil.com\/index.php\/2023\/07\/03\/le-vocabulaire-a-maitriser-pour-devenir-incollable-sur-lindustrie-musicale-francaise\/\",\"name\":\"Le vocabulaire \u00e0 ma\u00eetriser pour devenir incollable sur l\u2019industrie musicale fran\u00e7aise ! - EIFEIL\",\"isPartOf\":{\"@id\":\"https:\/\/eifeil.com\/#website\"},\"primaryImageOfPage\":{\"@id\":\"https:\/\/eifeil.com\/index.php\/2023\/07\/03\/le-vocabulaire-a-maitriser-pour-devenir-incollable-sur-lindustrie-musicale-francaise\/#primaryimage\"},\"image\":{\"@id\":\"https:\/\/eifeil.com\/index.php\/2023\/07\/03\/le-vocabulaire-a-maitriser-pour-devenir-incollable-sur-lindustrie-musicale-francaise\/#primaryimage\"},\"thumbnailUrl\":\"https:\/\/eifeil.com\/wp-content\/uploads\/2023\/07\/banniere-fb-7.png\",\"datePublished\":\"2023-07-03T14:44:56+00:00\",\"dateModified\":\"2023-07-06T08:19:18+00:00\",\"author\":{\"@id\":\"https:\/\/eifeil.com\/#\/schema\/person\/d3398e3af494abb571fb142b5ef074d2\"},\"description\":\"23 termes et notions expliqu\u00e9s simplement, pour vous aider \u00e0 appr\u00e9hender sereinement le monde de la musique et les acteurs qui y gravitent !\",\"breadcrumb\":{\"@id\":\"https:\/\/eifeil.com\/index.php\/2023\/07\/03\/le-vocabulaire-a-maitriser-pour-devenir-incollable-sur-lindustrie-musicale-francaise\/#breadcrumb\"},\"inLanguage\":\"fr-FR\",\"potentialAction\":[{\"@type\":\"ReadAction\",\"target\":[\"https:\/\/eifeil.com\/index.php\/2023\/07\/03\/le-vocabulaire-a-maitriser-pour-devenir-incollable-sur-lindustrie-musicale-francaise\/\"]}]},{\"@type\":\"ImageObject\",\"inLanguage\":\"fr-FR\",\"@id\":\"https:\/\/eifeil.com\/index.php\/2023\/07\/03\/le-vocabulaire-a-maitriser-pour-devenir-incollable-sur-lindustrie-musicale-francaise\/#primaryimage\",\"url\":\"https:\/\/eifeil.com\/wp-content\/uploads\/2023\/07\/banniere-fb-7.png\",\"contentUrl\":\"https:\/\/eifeil.com\/wp-content\/uploads\/2023\/07\/banniere-fb-7.png\",\"width\":1640,\"height\":924,\"caption\":\"blog eifeil vocabulaire\"},{\"@type\":\"BreadcrumbList\",\"@id\":\"https:\/\/eifeil.com\/index.php\/2023\/07\/03\/le-vocabulaire-a-maitriser-pour-devenir-incollable-sur-lindustrie-musicale-francaise\/#breadcrumb\",\"itemListElement\":[{\"@type\":\"ListItem\",\"position\":1,\"name\":\"Accueil\",\"item\":\"https:\/\/eifeil.com\/\"},{\"@type\":\"ListItem\",\"position\":2,\"name\":\"Le vocabulaire \u00e0 ma\u00eetriser pour devenir incollable sur l\u2019industrie musicale fran\u00e7aise !\"}]},{\"@type\":\"WebSite\",\"@id\":\"https:\/\/eifeil.com\/#website\",\"url\":\"https:\/\/eifeil.com\/\",\"name\":\"EIFEIL\",\"description\":\"\u00c9diteurs Ind\u00e9pendants F\u00e9d\u00e9r\u00e9s en France\",\"potentialAction\":[{\"@type\":\"SearchAction\",\"target\":{\"@type\":\"EntryPoint\",\"urlTemplate\":\"https:\/\/eifeil.com\/?s={search_term_string}\"},\"query-input\":{\"@type\":\"PropertyValueSpecification\",\"valueRequired\":true,\"valueName\":\"search_term_string\"}}],\"inLanguage\":\"fr-FR\"},{\"@type\":\"Person\",\"@id\":\"https:\/\/eifeil.com\/#\/schema\/person\/d3398e3af494abb571fb142b5ef074d2\",\"name\":\"admin6173\",\"image\":{\"@type\":\"ImageObject\",\"inLanguage\":\"fr-FR\",\"@id\":\"https:\/\/eifeil.com\/#\/schema\/person\/image\/\",\"url\":\"https:\/\/secure.gravatar.com\/avatar\/af326bdf008db93c146414fceef6a0c32555518597f72f45b2400acfce1c7224?s=96&d=mm&r=g\",\"contentUrl\":\"https:\/\/secure.gravatar.com\/avatar\/af326bdf008db93c146414fceef6a0c32555518597f72f45b2400acfce1c7224?s=96&d=mm&r=g\",\"caption\":\"admin6173\"},\"sameAs\":[\"http:\/\/eifeil.com\/di13089-ovh\"],\"url\":\"https:\/\/eifeil.com\/index.php\/author\/admin6173\/\"}]}<\/script>\n<!-- \/ Yoast SEO plugin. -->","yoast_head_json":{"title":"Le vocabulaire \u00e0 ma\u00eetriser pour devenir incollable sur l\u2019industrie musicale fran\u00e7aise ! - EIFEIL","description":"23 termes et notions expliqu\u00e9s simplement, pour vous aider \u00e0 appr\u00e9hender sereinement le monde de la musique et les acteurs qui y gravitent !","robots":{"index":"index","follow":"follow","max-snippet":"max-snippet:-1","max-image-preview":"max-image-preview:large","max-video-preview":"max-video-preview:-1"},"canonical":"https:\/\/eifeil.com\/index.php\/2023\/07\/03\/le-vocabulaire-a-maitriser-pour-devenir-incollable-sur-lindustrie-musicale-francaise\/","og_locale":"fr_FR","og_type":"article","og_title":"Le vocabulaire \u00e0 ma\u00eetriser pour devenir incollable sur l\u2019industrie musicale fran\u00e7aise !","og_description":"23 termes et notions expliqu\u00e9s simplement, pour vous aider \u00e0 appr\u00e9hender sereinement le monde de la musique et les acteurs qui y gravitent !","og_url":"https:\/\/eifeil.com\/index.php\/2023\/07\/03\/le-vocabulaire-a-maitriser-pour-devenir-incollable-sur-lindustrie-musicale-francaise\/","og_site_name":"EIFEIL","article_published_time":"2023-07-03T14:44:56+00:00","article_modified_time":"2023-07-06T08:19:18+00:00","og_image":[{"width":1640,"height":924,"url":"https:\/\/eifeil.com\/wp-content\/uploads\/2023\/07\/banniere-fb-7.png","type":"image\/png"}],"author":"admin6173","twitter_card":"summary_large_image","twitter_title":"Le vocabulaire \u00e0 ma\u00eetriser pour devenir incollable sur l\u2019industrie musicale fran\u00e7aise !","twitter_description":"23 termes et notions expliqu\u00e9s simplement, pour vous aider \u00e0 appr\u00e9hender sereinement le monde de la musique et les acteurs qui y gravitent !","twitter_image":"https:\/\/eifeil.com\/wp-content\/uploads\/2023\/07\/banniere-fb-7.png","twitter_misc":{"\u00c9crit par":"admin6173","Dur\u00e9e de lecture estim\u00e9e":"7 minutes"},"schema":{"@context":"https:\/\/schema.org","@graph":[{"@type":"WebPage","@id":"https:\/\/eifeil.com\/index.php\/2023\/07\/03\/le-vocabulaire-a-maitriser-pour-devenir-incollable-sur-lindustrie-musicale-francaise\/","url":"https:\/\/eifeil.com\/index.php\/2023\/07\/03\/le-vocabulaire-a-maitriser-pour-devenir-incollable-sur-lindustrie-musicale-francaise\/","name":"Le vocabulaire \u00e0 ma\u00eetriser pour devenir incollable sur l\u2019industrie musicale fran\u00e7aise ! - EIFEIL","isPartOf":{"@id":"https:\/\/eifeil.com\/#website"},"primaryImageOfPage":{"@id":"https:\/\/eifeil.com\/index.php\/2023\/07\/03\/le-vocabulaire-a-maitriser-pour-devenir-incollable-sur-lindustrie-musicale-francaise\/#primaryimage"},"image":{"@id":"https:\/\/eifeil.com\/index.php\/2023\/07\/03\/le-vocabulaire-a-maitriser-pour-devenir-incollable-sur-lindustrie-musicale-francaise\/#primaryimage"},"thumbnailUrl":"https:\/\/eifeil.com\/wp-content\/uploads\/2023\/07\/banniere-fb-7.png","datePublished":"2023-07-03T14:44:56+00:00","dateModified":"2023-07-06T08:19:18+00:00","author":{"@id":"https:\/\/eifeil.com\/#\/schema\/person\/d3398e3af494abb571fb142b5ef074d2"},"description":"23 termes et notions expliqu\u00e9s simplement, pour vous aider \u00e0 appr\u00e9hender sereinement le monde de la musique et les acteurs qui y gravitent !","breadcrumb":{"@id":"https:\/\/eifeil.com\/index.php\/2023\/07\/03\/le-vocabulaire-a-maitriser-pour-devenir-incollable-sur-lindustrie-musicale-francaise\/#breadcrumb"},"inLanguage":"fr-FR","potentialAction":[{"@type":"ReadAction","target":["https:\/\/eifeil.com\/index.php\/2023\/07\/03\/le-vocabulaire-a-maitriser-pour-devenir-incollable-sur-lindustrie-musicale-francaise\/"]}]},{"@type":"ImageObject","inLanguage":"fr-FR","@id":"https:\/\/eifeil.com\/index.php\/2023\/07\/03\/le-vocabulaire-a-maitriser-pour-devenir-incollable-sur-lindustrie-musicale-francaise\/#primaryimage","url":"https:\/\/eifeil.com\/wp-content\/uploads\/2023\/07\/banniere-fb-7.png","contentUrl":"https:\/\/eifeil.com\/wp-content\/uploads\/2023\/07\/banniere-fb-7.png","width":1640,"height":924,"caption":"blog eifeil vocabulaire"},{"@type":"BreadcrumbList","@id":"https:\/\/eifeil.com\/index.php\/2023\/07\/03\/le-vocabulaire-a-maitriser-pour-devenir-incollable-sur-lindustrie-musicale-francaise\/#breadcrumb","itemListElement":[{"@type":"ListItem","position":1,"name":"Accueil","item":"https:\/\/eifeil.com\/"},{"@type":"ListItem","position":2,"name":"Le vocabulaire \u00e0 ma\u00eetriser pour devenir incollable sur l\u2019industrie musicale fran\u00e7aise !"}]},{"@type":"WebSite","@id":"https:\/\/eifeil.com\/#website","url":"https:\/\/eifeil.com\/","name":"EIFEIL","description":"\u00c9diteurs Ind\u00e9pendants F\u00e9d\u00e9r\u00e9s en France","potentialAction":[{"@type":"SearchAction","target":{"@type":"EntryPoint","urlTemplate":"https:\/\/eifeil.com\/?s={search_term_string}"},"query-input":{"@type":"PropertyValueSpecification","valueRequired":true,"valueName":"search_term_string"}}],"inLanguage":"fr-FR"},{"@type":"Person","@id":"https:\/\/eifeil.com\/#\/schema\/person\/d3398e3af494abb571fb142b5ef074d2","name":"admin6173","image":{"@type":"ImageObject","inLanguage":"fr-FR","@id":"https:\/\/eifeil.com\/#\/schema\/person\/image\/","url":"https:\/\/secure.gravatar.com\/avatar\/af326bdf008db93c146414fceef6a0c32555518597f72f45b2400acfce1c7224?s=96&d=mm&r=g","contentUrl":"https:\/\/secure.gravatar.com\/avatar\/af326bdf008db93c146414fceef6a0c32555518597f72f45b2400acfce1c7224?s=96&d=mm&r=g","caption":"admin6173"},"sameAs":["http:\/\/eifeil.com\/di13089-ovh"],"url":"https:\/\/eifeil.com\/index.php\/author\/admin6173\/"}]}},"_links":{"self":[{"href":"https:\/\/eifeil.com\/index.php\/wp-json\/wp\/v2\/posts\/4144","targetHints":{"allow":["GET"]}}],"collection":[{"href":"https:\/\/eifeil.com\/index.php\/wp-json\/wp\/v2\/posts"}],"about":[{"href":"https:\/\/eifeil.com\/index.php\/wp-json\/wp\/v2\/types\/post"}],"author":[{"embeddable":true,"href":"https:\/\/eifeil.com\/index.php\/wp-json\/wp\/v2\/users\/1"}],"replies":[{"embeddable":true,"href":"https:\/\/eifeil.com\/index.php\/wp-json\/wp\/v2\/comments?post=4144"}],"version-history":[{"count":46,"href":"https:\/\/eifeil.com\/index.php\/wp-json\/wp\/v2\/posts\/4144\/revisions"}],"predecessor-version":[{"id":4244,"href":"https:\/\/eifeil.com\/index.php\/wp-json\/wp\/v2\/posts\/4144\/revisions\/4244"}],"wp:featuredmedia":[{"embeddable":true,"href":"https:\/\/eifeil.com\/index.php\/wp-json\/wp\/v2\/media\/4158"}],"wp:attachment":[{"href":"https:\/\/eifeil.com\/index.php\/wp-json\/wp\/v2\/media?parent=4144"}],"wp:term":[{"taxonomy":"category","embeddable":true,"href":"https:\/\/eifeil.com\/index.php\/wp-json\/wp\/v2\/categories?post=4144"},{"taxonomy":"post_tag","embeddable":true,"href":"https:\/\/eifeil.com\/index.php\/wp-json\/wp\/v2\/tags?post=4144"}],"curies":[{"name":"wp","href":"https:\/\/api.w.org\/{rel}","templated":true}]}}