{"id":4266,"date":"2023-07-18T15:31:11","date_gmt":"2023-07-18T13:31:11","guid":{"rendered":"https:\/\/eifeil.com\/?p=4266"},"modified":"2023-10-24T17:51:06","modified_gmt":"2023-10-24T15:51:06","slug":"comment-devenir-editeur-de-musique-les-etapes-cles-pour-creer-sa-structure-dedition-musicale-partie-1-3-le-juridique","status":"publish","type":"post","link":"https:\/\/eifeil.com\/index.php\/2023\/07\/18\/comment-devenir-editeur-de-musique-les-etapes-cles-pour-creer-sa-structure-dedition-musicale-partie-1-3-le-juridique\/","title":{"rendered":"Comment devenir \u00e9diteur de musique ? Les \u00e9tapes cl\u00e9s pour cr\u00e9er sa structure d\u2019\u00e9dition musicale ! (Partie 1\/3 : le juridique)"},"content":{"rendered":"\t\t<div data-elementor-type=\"wp-post\" data-elementor-id=\"4266\" class=\"elementor elementor-4266\">\n\t\t\t\t\t\t<section class=\"elementor-section elementor-top-section elementor-element elementor-element-ab65491 elementor-section-boxed elementor-section-height-default elementor-section-height-default\" data-id=\"ab65491\" data-element_type=\"section\" data-e-type=\"section\">\n\t\t\t\t\t\t<div class=\"elementor-container elementor-column-gap-default\">\n\t\t\t\t\t<div class=\"elementor-column elementor-col-100 elementor-top-column elementor-element elementor-element-d4c0978\" data-id=\"d4c0978\" data-element_type=\"column\" data-e-type=\"column\">\n\t\t\t<div class=\"elementor-widget-wrap elementor-element-populated\">\n\t\t\t\t\t\t<div class=\"elementor-element elementor-element-b62ad36 elementor-widget elementor-widget-spacer\" data-id=\"b62ad36\" data-element_type=\"widget\" data-e-type=\"widget\" data-widget_type=\"spacer.default\">\n\t\t\t\t<div class=\"elementor-widget-container\">\n\t\t\t\t\t\t\t<div class=\"elementor-spacer\">\n\t\t\t<div class=\"elementor-spacer-inner\"><\/div>\n\t\t<\/div>\n\t\t\t\t\t\t<\/div>\n\t\t\t\t<\/div>\n\t\t\t\t<div class=\"elementor-element elementor-element-dfc99cc elementor-widget elementor-widget-text-editor\" data-id=\"dfc99cc\" data-element_type=\"widget\" data-e-type=\"widget\" data-widget_type=\"text-editor.default\">\n\t\t\t\t<div class=\"elementor-widget-container\">\n\t\t\t\t\t\t\t\t\t<p><span style=\"font-weight: 400;\">Dans notre dernier article de blog intitul\u00e9 \u00ab\u00a0Comprendre le r\u00f4le d&rsquo;un \u00e9diteur musical\u00a0\u00bb, nous avons abord\u00e9 la fonction essentielle de l&rsquo;\u00e9diteur dans la gestion de l&rsquo;exploitation commerciale et des droits d&rsquo;auteur des \u0153uvres musicales.<\/span><\/p><p><span style=\"font-weight: 400;\">Le m\u00e9tier d&rsquo;\u00e9diteur musical exige une ma\u00eetrise approfondie de trois domaines cl\u00e9s, faisant ainsi de lui le partenaire indispensable des auteurs et compositeurs :<\/span><\/p>\t\t\t\t\t\t\t\t<\/div>\n\t\t\t\t<\/div>\n\t\t\t\t<div class=\"elementor-element elementor-element-cf0767f elementor-widget elementor-widget-spacer\" data-id=\"cf0767f\" data-element_type=\"widget\" data-e-type=\"widget\" data-widget_type=\"spacer.default\">\n\t\t\t\t<div class=\"elementor-widget-container\">\n\t\t\t\t\t\t\t<div class=\"elementor-spacer\">\n\t\t\t<div class=\"elementor-spacer-inner\"><\/div>\n\t\t<\/div>\n\t\t\t\t\t\t<\/div>\n\t\t\t\t<\/div>\n\t\t\t\t\t<\/div>\n\t\t<\/div>\n\t\t\t\t\t<\/div>\n\t\t<\/section>\n\t\t\t\t<section class=\"elementor-section elementor-top-section elementor-element elementor-element-1ac1f73 elementor-section-boxed elementor-section-height-default elementor-section-height-default\" data-id=\"1ac1f73\" data-element_type=\"section\" data-e-type=\"section\">\n\t\t\t\t\t\t<div class=\"elementor-container elementor-column-gap-default\">\n\t\t\t\t\t<div class=\"elementor-column elementor-col-33 elementor-top-column elementor-element elementor-element-2822998\" data-id=\"2822998\" data-element_type=\"column\" data-e-type=\"column\" data-settings=\"{&quot;background_background&quot;:&quot;classic&quot;}\">\n\t\t\t<div class=\"elementor-widget-wrap elementor-element-populated\">\n\t\t\t\t\t\t<div class=\"elementor-element elementor-element-3fcf258 elementor-widget elementor-widget-text-editor\" data-id=\"3fcf258\" data-element_type=\"widget\" data-e-type=\"widget\" data-widget_type=\"text-editor.default\">\n\t\t\t\t<div class=\"elementor-widget-container\">\n\t\t\t\t\t\t\t\t\t<p><strong>Le juridique<\/strong><\/p>\t\t\t\t\t\t\t\t<\/div>\n\t\t\t\t<\/div>\n\t\t\t\t\t<\/div>\n\t\t<\/div>\n\t\t\t\t<div class=\"elementor-column elementor-col-33 elementor-top-column elementor-element elementor-element-5cbb0e4\" data-id=\"5cbb0e4\" data-element_type=\"column\" data-e-type=\"column\" data-settings=\"{&quot;background_background&quot;:&quot;classic&quot;}\">\n\t\t\t<div class=\"elementor-widget-wrap elementor-element-populated\">\n\t\t\t\t\t\t<div class=\"elementor-element elementor-element-5f2b05d elementor-widget elementor-widget-text-editor\" data-id=\"5f2b05d\" data-element_type=\"widget\" data-e-type=\"widget\" data-widget_type=\"text-editor.default\">\n\t\t\t\t<div class=\"elementor-widget-container\">\n\t\t\t\t\t\t\t\t\t<p><strong>L&rsquo;administratif<\/strong><\/p>\t\t\t\t\t\t\t\t<\/div>\n\t\t\t\t<\/div>\n\t\t\t\t\t<\/div>\n\t\t<\/div>\n\t\t\t\t<div class=\"elementor-column elementor-col-33 elementor-top-column elementor-element elementor-element-cd361d3\" data-id=\"cd361d3\" data-element_type=\"column\" data-e-type=\"column\">\n\t\t\t<div class=\"elementor-widget-wrap elementor-element-populated\">\n\t\t\t\t\t\t<div class=\"elementor-element elementor-element-89ab942 elementor-widget elementor-widget-text-editor\" data-id=\"89ab942\" data-element_type=\"widget\" data-e-type=\"widget\" data-widget_type=\"text-editor.default\">\n\t\t\t\t<div class=\"elementor-widget-container\">\n\t\t\t\t\t\t\t\t\t<p><strong>L&rsquo;artistique<\/strong><\/p>\t\t\t\t\t\t\t\t<\/div>\n\t\t\t\t<\/div>\n\t\t\t\t\t<\/div>\n\t\t<\/div>\n\t\t\t\t\t<\/div>\n\t\t<\/section>\n\t\t\t\t<section class=\"elementor-section elementor-top-section elementor-element elementor-element-789e773 elementor-section-boxed elementor-section-height-default elementor-section-height-default\" data-id=\"789e773\" data-element_type=\"section\" data-e-type=\"section\">\n\t\t\t\t\t\t<div class=\"elementor-container elementor-column-gap-default\">\n\t\t\t\t\t<div class=\"elementor-column elementor-col-100 elementor-top-column elementor-element elementor-element-e86410b\" data-id=\"e86410b\" data-element_type=\"column\" data-e-type=\"column\">\n\t\t\t<div class=\"elementor-widget-wrap elementor-element-populated\">\n\t\t\t\t\t\t<div class=\"elementor-element elementor-element-87a2722 elementor-widget elementor-widget-spacer\" data-id=\"87a2722\" data-element_type=\"widget\" data-e-type=\"widget\" data-widget_type=\"spacer.default\">\n\t\t\t\t<div class=\"elementor-widget-container\">\n\t\t\t\t\t\t\t<div class=\"elementor-spacer\">\n\t\t\t<div class=\"elementor-spacer-inner\"><\/div>\n\t\t<\/div>\n\t\t\t\t\t\t<\/div>\n\t\t\t\t<\/div>\n\t\t\t\t<div class=\"elementor-element elementor-element-f1c6a27 elementor-widget elementor-widget-heading\" data-id=\"f1c6a27\" data-element_type=\"widget\" data-e-type=\"widget\" data-widget_type=\"heading.default\">\n\t\t\t\t<div class=\"elementor-widget-container\">\n\t\t\t\t\t<h2 class=\"elementor-heading-title elementor-size-default\">Partie 1\/3 - Le juridique et les contrats :\n<\/h2>\t\t\t\t<\/div>\n\t\t\t\t<\/div>\n\t\t\t\t<div class=\"elementor-element elementor-element-ec6b36d elementor-widget elementor-widget-spacer\" data-id=\"ec6b36d\" data-element_type=\"widget\" data-e-type=\"widget\" data-widget_type=\"spacer.default\">\n\t\t\t\t<div class=\"elementor-widget-container\">\n\t\t\t\t\t\t\t<div class=\"elementor-spacer\">\n\t\t\t<div class=\"elementor-spacer-inner\"><\/div>\n\t\t<\/div>\n\t\t\t\t\t\t<\/div>\n\t\t\t\t<\/div>\n\t\t\t\t<div class=\"elementor-element elementor-element-721c283 elementor-widget elementor-widget-text-editor\" data-id=\"721c283\" data-element_type=\"widget\" data-e-type=\"widget\" data-widget_type=\"text-editor.default\">\n\t\t\t\t<div class=\"elementor-widget-container\">\n\t\t\t\t\t\t\t\t\t<p><span style=\"font-weight: 400;\">L\u2019\u00e9diteur de musique est li\u00e9 par un contrat de cession \u00e0 l\u2019auteur-compositeur. Ce contrat doit mentionner toutes les conditions de cette union et plus particuli\u00e8rement les modalit\u00e9s de versement des revenus issus de l\u2019exploitation des \u0153uvres. On dit alors que l\u2019auteur ou le compositeur (=le c\u00e9dant) transf\u00e8re \u00e0 l\u2019\u00e9diteur (=cessionnaire) une partie de ses droits de propri\u00e9t\u00e9 et d&rsquo;exploitation sur une oeuvre (texte ou m\u00e9lodie. En musique, un contrat de cession concerne les droits d\u2019auteur. <\/span><i><span style=\"font-weight: 400;\">En d\u2019autres termes, par ce contrat, l\u2019auteur ou le compositeur autorise l\u2019\u00e9diteur \u00e0 (par exemple) exploiter son \u0153uvre en contrepartie d\u2019un pourcentage des revenus des droits d\u2019auteurs. Souvent ce contrat est r\u00e9dig\u00e9 par un \u00e9diteur apr\u00e8s les n\u00e9gociations avec l\u2019auteur\/compositeur.<\/span><\/i><i><span style=\"font-weight: 400;\">\u00a0<\/span><\/i><\/p><p><span style=\"font-weight: 400;\">Ce contrat est g\u00e9n\u00e9ralement r\u00e9dig\u00e9 par l&rsquo;\u00e9diteur apr\u00e8s des n\u00e9gociations avec l&rsquo;auteur ou le compositeur. En tant que document juridique, il doit \u00eatre pr\u00e9cis et contenir des informations essentielles qui ne peuvent \u00eatre n\u00e9glig\u00e9es. Voici les \u00e9l\u00e9ments cl\u00e9s qui doivent y figurer :\u00a0<\/span><\/p>\t\t\t\t\t\t\t\t<\/div>\n\t\t\t\t<\/div>\n\t\t\t\t<div class=\"elementor-element elementor-element-afebb9b elementor-widget elementor-widget-toggle\" data-id=\"afebb9b\" data-element_type=\"widget\" data-e-type=\"widget\" data-widget_type=\"toggle.default\">\n\t\t\t\t<div class=\"elementor-widget-container\">\n\t\t\t\t\t\t\t<div class=\"elementor-toggle\">\n\t\t\t\t\t\t\t<div class=\"elementor-toggle-item\">\n\t\t\t\t\t<div id=\"elementor-tab-title-1841\" class=\"elementor-tab-title\" data-tab=\"1\" role=\"button\" aria-controls=\"elementor-tab-content-1841\" aria-expanded=\"false\">\n\t\t\t\t\t\t\t\t\t\t\t\t<span class=\"elementor-toggle-icon elementor-toggle-icon-left\" aria-hidden=\"true\">\n\t\t\t\t\t\t\t\t\t\t\t\t\t\t\t<span class=\"elementor-toggle-icon-closed\"><i class=\"fas fa-caret-right\"><\/i><\/span>\n\t\t\t\t\t\t\t\t<span class=\"elementor-toggle-icon-opened\"><i class=\"elementor-toggle-icon-opened fas fa-caret-up\"><\/i><\/span>\n\t\t\t\t\t\t\t\t\t\t\t\t\t<\/span>\n\t\t\t\t\t\t\t\t\t\t\t\t<a class=\"elementor-toggle-title\" tabindex=\"0\">Identification des parties<\/a>\n\t\t\t\t\t<\/div>\n\n\t\t\t\t\t<div id=\"elementor-tab-content-1841\" class=\"elementor-tab-content elementor-clearfix\" data-tab=\"1\" role=\"region\" aria-labelledby=\"elementor-tab-title-1841\"><p><span style=\"font-weight: 400;\">Le contrat doit clairement identifier les parties impliqu\u00e9es, c&rsquo;est-\u00e0-dire le c\u00e9dant (l&rsquo;auteur, le compositeur, l&rsquo;artiste) et le cessionnaire (la maison de disques, l&rsquo;\u00e9diteur).<\/span><\/p><\/div>\n\t\t\t\t<\/div>\n\t\t\t\t\t\t\t<div class=\"elementor-toggle-item\">\n\t\t\t\t\t<div id=\"elementor-tab-title-1842\" class=\"elementor-tab-title\" data-tab=\"2\" role=\"button\" aria-controls=\"elementor-tab-content-1842\" aria-expanded=\"false\">\n\t\t\t\t\t\t\t\t\t\t\t\t<span class=\"elementor-toggle-icon elementor-toggle-icon-left\" aria-hidden=\"true\">\n\t\t\t\t\t\t\t\t\t\t\t\t\t\t\t<span class=\"elementor-toggle-icon-closed\"><i class=\"fas fa-caret-right\"><\/i><\/span>\n\t\t\t\t\t\t\t\t<span class=\"elementor-toggle-icon-opened\"><i class=\"elementor-toggle-icon-opened fas fa-caret-up\"><\/i><\/span>\n\t\t\t\t\t\t\t\t\t\t\t\t\t<\/span>\n\t\t\t\t\t\t\t\t\t\t\t\t<a class=\"elementor-toggle-title\" tabindex=\"0\">Description des droits c\u00e9d\u00e9s<\/a>\n\t\t\t\t\t<\/div>\n\n\t\t\t\t\t<div id=\"elementor-tab-content-1842\" class=\"elementor-tab-content elementor-clearfix\" data-tab=\"2\" role=\"region\" aria-labelledby=\"elementor-tab-title-1842\"><p><span style=\"font-weight: 400;\">Il est important de sp\u00e9cifier pr\u00e9cis\u00e9ment les types de droits qui sont transf\u00e9r\u00e9s, tels que les droits d&rsquo;auteur, les droits d&rsquo;interpr\u00e9tation, les droits de reproduction, les droits de diffusion, etc.<\/span><\/p><\/div>\n\t\t\t\t<\/div>\n\t\t\t\t\t\t\t<div class=\"elementor-toggle-item\">\n\t\t\t\t\t<div id=\"elementor-tab-title-1843\" class=\"elementor-tab-title\" data-tab=\"3\" role=\"button\" aria-controls=\"elementor-tab-content-1843\" aria-expanded=\"false\">\n\t\t\t\t\t\t\t\t\t\t\t\t<span class=\"elementor-toggle-icon elementor-toggle-icon-left\" aria-hidden=\"true\">\n\t\t\t\t\t\t\t\t\t\t\t\t\t\t\t<span class=\"elementor-toggle-icon-closed\"><i class=\"fas fa-caret-right\"><\/i><\/span>\n\t\t\t\t\t\t\t\t<span class=\"elementor-toggle-icon-opened\"><i class=\"elementor-toggle-icon-opened fas fa-caret-up\"><\/i><\/span>\n\t\t\t\t\t\t\t\t\t\t\t\t\t<\/span>\n\t\t\t\t\t\t\t\t\t\t\t\t<a class=\"elementor-toggle-title\" tabindex=\"0\">Territoire et dur\u00e9e<\/a>\n\t\t\t\t\t<\/div>\n\n\t\t\t\t\t<div id=\"elementor-tab-content-1843\" class=\"elementor-tab-content elementor-clearfix\" data-tab=\"3\" role=\"region\" aria-labelledby=\"elementor-tab-title-1843\"><p><span style=\"font-weight: 400;\">Le contrat doit pr\u00e9ciser la port\u00e9e g\u00e9ographique des droits c\u00e9d\u00e9s et la dur\u00e9e de la cession. Il doit r\u00e9pondre aux questions de quand et o\u00f9 l&rsquo;accord s&rsquo;applique, par exemple, s&rsquo;agit-il uniquement de la France ou du monde entier, et pour combien d&rsquo;ann\u00e9es.<\/span><\/p><\/div>\n\t\t\t\t<\/div>\n\t\t\t\t\t\t\t<div class=\"elementor-toggle-item\">\n\t\t\t\t\t<div id=\"elementor-tab-title-1844\" class=\"elementor-tab-title\" data-tab=\"4\" role=\"button\" aria-controls=\"elementor-tab-content-1844\" aria-expanded=\"false\">\n\t\t\t\t\t\t\t\t\t\t\t\t<span class=\"elementor-toggle-icon elementor-toggle-icon-left\" aria-hidden=\"true\">\n\t\t\t\t\t\t\t\t\t\t\t\t\t\t\t<span class=\"elementor-toggle-icon-closed\"><i class=\"fas fa-caret-right\"><\/i><\/span>\n\t\t\t\t\t\t\t\t<span class=\"elementor-toggle-icon-opened\"><i class=\"elementor-toggle-icon-opened fas fa-caret-up\"><\/i><\/span>\n\t\t\t\t\t\t\t\t\t\t\t\t\t<\/span>\n\t\t\t\t\t\t\t\t\t\t\t\t<a class=\"elementor-toggle-title\" tabindex=\"0\">R\u00e9mun\u00e9ration<\/a>\n\t\t\t\t\t<\/div>\n\n\t\t\t\t\t<div id=\"elementor-tab-content-1844\" class=\"elementor-tab-content elementor-clearfix\" data-tab=\"4\" role=\"region\" aria-labelledby=\"elementor-tab-title-1844\"><p><span style=\"font-weight: 400;\">Le contrat doit inclure des clauses relatives \u00e0 la r\u00e9mun\u00e9ration du c\u00e9dant (auteur, compositeur). Cela peut prendre la forme d&rsquo;une avance, de redevances sur les droits d&rsquo;auteur ou d&rsquo;autres formes de r\u00e9mun\u00e9ration n\u00e9goci\u00e9es entre les deux parties.<\/span><\/p><\/div>\n\t\t\t\t<\/div>\n\t\t\t\t\t\t\t<div class=\"elementor-toggle-item\">\n\t\t\t\t\t<div id=\"elementor-tab-title-1845\" class=\"elementor-tab-title\" data-tab=\"5\" role=\"button\" aria-controls=\"elementor-tab-content-1845\" aria-expanded=\"false\">\n\t\t\t\t\t\t\t\t\t\t\t\t<span class=\"elementor-toggle-icon elementor-toggle-icon-left\" aria-hidden=\"true\">\n\t\t\t\t\t\t\t\t\t\t\t\t\t\t\t<span class=\"elementor-toggle-icon-closed\"><i class=\"fas fa-caret-right\"><\/i><\/span>\n\t\t\t\t\t\t\t\t<span class=\"elementor-toggle-icon-opened\"><i class=\"elementor-toggle-icon-opened fas fa-caret-up\"><\/i><\/span>\n\t\t\t\t\t\t\t\t\t\t\t\t\t<\/span>\n\t\t\t\t\t\t\t\t\t\t\t\t<a class=\"elementor-toggle-title\" tabindex=\"0\">Obligations et responsabilit\u00e9s des parties<\/a>\n\t\t\t\t\t<\/div>\n\n\t\t\t\t\t<div id=\"elementor-tab-content-1845\" class=\"elementor-tab-content elementor-clearfix\" data-tab=\"5\" role=\"region\" aria-labelledby=\"elementor-tab-title-1845\"><p><span style=\"font-weight: 400;\">Pendant les n\u00e9gociations entre l&rsquo;\u00e9diteur et l&rsquo;auteur-compositeur, des responsabilit\u00e9s et des obligations sont attribu\u00e9es \u00e0 chaque partie. Il est essentiel de les mentionner toutes dans le contrat, telles que les obligations de promotion, de distribution, de fourniture de mat\u00e9riel promotionnel, etc.<\/span><\/p><\/div>\n\t\t\t\t<\/div>\n\t\t\t\t\t\t\t<div class=\"elementor-toggle-item\">\n\t\t\t\t\t<div id=\"elementor-tab-title-1846\" class=\"elementor-tab-title\" data-tab=\"6\" role=\"button\" aria-controls=\"elementor-tab-content-1846\" aria-expanded=\"false\">\n\t\t\t\t\t\t\t\t\t\t\t\t<span class=\"elementor-toggle-icon elementor-toggle-icon-left\" aria-hidden=\"true\">\n\t\t\t\t\t\t\t\t\t\t\t\t\t\t\t<span class=\"elementor-toggle-icon-closed\"><i class=\"fas fa-caret-right\"><\/i><\/span>\n\t\t\t\t\t\t\t\t<span class=\"elementor-toggle-icon-opened\"><i class=\"elementor-toggle-icon-opened fas fa-caret-up\"><\/i><\/span>\n\t\t\t\t\t\t\t\t\t\t\t\t\t<\/span>\n\t\t\t\t\t\t\t\t\t\t\t\t<a class=\"elementor-toggle-title\" tabindex=\"0\">Les clauses de r\u00e9siliation<\/a>\n\t\t\t\t\t<\/div>\n\n\t\t\t\t\t<div id=\"elementor-tab-content-1846\" class=\"elementor-tab-content elementor-clearfix\" data-tab=\"6\" role=\"region\" aria-labelledby=\"elementor-tab-title-1846\"><p><span style=\"font-weight: 400;\">Le contrat peut inclure des dispositions qui pr\u00e9cisent les conditions dans lesquelles le contrat peut \u00eatre r\u00e9sili\u00e9. <\/span><\/p><\/div>\n\t\t\t\t<\/div>\n\t\t\t\t\t\t\t\t<\/div>\n\t\t\t\t\t\t<\/div>\n\t\t\t\t<\/div>\n\t\t\t\t<div class=\"elementor-element elementor-element-a2c94f8 elementor-widget elementor-widget-spacer\" data-id=\"a2c94f8\" data-element_type=\"widget\" data-e-type=\"widget\" data-widget_type=\"spacer.default\">\n\t\t\t\t<div class=\"elementor-widget-container\">\n\t\t\t\t\t\t\t<div class=\"elementor-spacer\">\n\t\t\t<div class=\"elementor-spacer-inner\"><\/div>\n\t\t<\/div>\n\t\t\t\t\t\t<\/div>\n\t\t\t\t<\/div>\n\t\t\t\t<div class=\"elementor-element elementor-element-a2da68c elementor-widget elementor-widget-text-editor\" data-id=\"a2da68c\" data-element_type=\"widget\" data-e-type=\"widget\" data-widget_type=\"text-editor.default\">\n\t\t\t\t<div class=\"elementor-widget-container\">\n\t\t\t\t\t\t\t\t\t<p><span style=\"font-weight: 400;\">Parfois, au cours de leur collaboration, l&rsquo;\u00e9diteur et l&rsquo;auteur\/compositeur peuvent conclure d&rsquo;autres contrats, tels que des contrats de sous-\u00e9dition lorsque l&rsquo;\u00e9diteur souhaite travailler avec un \u00e9diteur \u00e9tranger ou des contrats de co\u00e9dition<\/span><span style=\"font-weight: 400;\"><br \/><\/span><\/p><p><span style=\"font-weight: 400;\">De plus, l&rsquo;\u00e9diteur peut \u00eatre charg\u00e9 de g\u00e9rer les contrats de synchronisation et de s&rsquo;occuper de la gestion des licences. Cela signifie que l&rsquo;\u00e9diteur, avec l&rsquo;accord de l&rsquo;auteur\/compositeur, autorise l&rsquo;utilisation de son \u0153uvre dans des supports audiovisuels tels que des publicit\u00e9s, des films ou des jeux vid\u00e9o. L&rsquo;\u00e9diteur r\u00e9dige alors un contrat d&rsquo;utilisation, \u00e9galement appel\u00e9 contrat de synchronisation, qui d\u00e9finit toutes les modalit\u00e9s d&rsquo;utilisation (support, dur\u00e9e, r\u00e9mun\u00e9ration, etc.). Une partie du travail de l&rsquo;\u00e9diteur consistera \u00e0 veiller au respect des conditions de ces utilisations et \u00e0 s&rsquo;assurer que les droits de ces utilisations soient correctement collect\u00e9s et redistribu\u00e9s.<\/span><\/p>\t\t\t\t\t\t\t\t<\/div>\n\t\t\t\t<\/div>\n\t\t\t\t\t<\/div>\n\t\t<\/div>\n\t\t\t\t\t<\/div>\n\t\t<\/section>\n\t\t\t\t<section class=\"elementor-section elementor-top-section elementor-element elementor-element-27fe054 elementor-section-boxed elementor-section-height-default elementor-section-height-default\" data-id=\"27fe054\" data-element_type=\"section\" data-e-type=\"section\">\n\t\t\t\t\t\t<div class=\"elementor-container elementor-column-gap-default\">\n\t\t\t\t\t<div class=\"elementor-column elementor-col-100 elementor-top-column elementor-element elementor-element-eb88ea8\" data-id=\"eb88ea8\" data-element_type=\"column\" data-e-type=\"column\">\n\t\t\t<div class=\"elementor-widget-wrap elementor-element-populated\">\n\t\t\t\t\t\t<div class=\"elementor-element elementor-element-45774a0 elementor-widget-divider--view-line elementor-widget elementor-widget-divider\" data-id=\"45774a0\" data-element_type=\"widget\" data-e-type=\"widget\" data-widget_type=\"divider.default\">\n\t\t\t\t<div class=\"elementor-widget-container\">\n\t\t\t\t\t\t\t<div class=\"elementor-divider\">\n\t\t\t<span class=\"elementor-divider-separator\">\n\t\t\t\t\t\t<\/span>\n\t\t<\/div>\n\t\t\t\t\t\t<\/div>\n\t\t\t\t<\/div>\n\t\t\t\t<div class=\"elementor-element elementor-element-b59bae7 elementor-widget elementor-widget-spacer\" data-id=\"b59bae7\" data-element_type=\"widget\" data-e-type=\"widget\" data-widget_type=\"spacer.default\">\n\t\t\t\t<div class=\"elementor-widget-container\">\n\t\t\t\t\t\t\t<div class=\"elementor-spacer\">\n\t\t\t<div class=\"elementor-spacer-inner\"><\/div>\n\t\t<\/div>\n\t\t\t\t\t\t<\/div>\n\t\t\t\t<\/div>\n\t\t\t\t<div class=\"elementor-element elementor-element-231e361 elementor-widget elementor-widget-image\" data-id=\"231e361\" data-element_type=\"widget\" data-e-type=\"widget\" data-widget_type=\"image.default\">\n\t\t\t\t<div class=\"elementor-widget-container\">\n\t\t\t\t\t\t\t\t\t\t\t\t\t\t\t<img fetchpriority=\"high\" decoding=\"async\" width=\"1024\" height=\"576\" src=\"https:\/\/eifeil.com\/wp-content\/uploads\/2023\/06\/Teaser-13-1024x576.png\" class=\"attachment-large size-large wp-image-4170\" alt=\"elearning eifeil\" srcset=\"https:\/\/eifeil.com\/wp-content\/uploads\/2023\/06\/Teaser-13-1024x576.png 1024w, https:\/\/eifeil.com\/wp-content\/uploads\/2023\/06\/Teaser-13-300x169.png 300w, https:\/\/eifeil.com\/wp-content\/uploads\/2023\/06\/Teaser-13-768x432.png 768w, https:\/\/eifeil.com\/wp-content\/uploads\/2023\/06\/Teaser-13-1536x864.png 1536w, https:\/\/eifeil.com\/wp-content\/uploads\/2023\/06\/Teaser-13-1000x563.png 1000w, https:\/\/eifeil.com\/wp-content\/uploads\/2023\/06\/Teaser-13-230x129.png 230w, https:\/\/eifeil.com\/wp-content\/uploads\/2023\/06\/Teaser-13-350x197.png 350w, https:\/\/eifeil.com\/wp-content\/uploads\/2023\/06\/Teaser-13-480x270.png 480w, https:\/\/eifeil.com\/wp-content\/uploads\/2023\/06\/Teaser-13.png 1920w\" sizes=\"(max-width: 1024px) 100vw, 1024px\" \/>\t\t\t\t\t\t\t\t\t\t\t\t\t\t\t<\/div>\n\t\t\t\t<\/div>\n\t\t\t\t<div class=\"elementor-element elementor-element-2241a05 elementor-widget elementor-widget-spacer\" data-id=\"2241a05\" data-element_type=\"widget\" data-e-type=\"widget\" data-widget_type=\"spacer.default\">\n\t\t\t\t<div class=\"elementor-widget-container\">\n\t\t\t\t\t\t\t<div class=\"elementor-spacer\">\n\t\t\t<div class=\"elementor-spacer-inner\"><\/div>\n\t\t<\/div>\n\t\t\t\t\t\t<\/div>\n\t\t\t\t<\/div>\n\t\t\t\t<div class=\"elementor-element elementor-element-9ab8d1e elementor-widget elementor-widget-text-editor\" data-id=\"9ab8d1e\" data-element_type=\"widget\" data-e-type=\"widget\" data-widget_type=\"text-editor.default\">\n\t\t\t\t<div class=\"elementor-widget-container\">\n\t\t\t\t\t\t\t\t\t<p><strong>Transformez votre passion pour la musique en profession\u00a0<\/strong><\/p><p><strong>avec nos formations en ligne sur l\u2019\u00e9dition musicale !\u00a0<\/strong><\/p>\t\t\t\t\t\t\t\t<\/div>\n\t\t\t\t<\/div>\n\t\t\t\t<div class=\"elementor-element elementor-element-0751b99 elementor-widget elementor-widget-text-editor\" data-id=\"0751b99\" data-element_type=\"widget\" data-e-type=\"widget\" data-widget_type=\"text-editor.default\">\n\t\t\t\t<div class=\"elementor-widget-container\">\n\t\t\t\t\t\t\t\t\t<p>D\u00e9couvrez le monde fascinant de l\u2019\u00e9dition musicale \u00e0 votre rythme, depuis le confort de votre domicile. Nos formations en ligne sont con\u00e7ues pour vous fournir les outils essentiels afin de comprendre les rouages du secteur musical, de la gestion des droits d\u2019auteur \u00e0 la cr\u00e9ation de votre propre structure d\u2019\u00e9dition musicale.\u00a0<\/p>\t\t\t\t\t\t\t\t<\/div>\n\t\t\t\t<\/div>\n\t\t\t\t<div class=\"elementor-element elementor-element-5745255 elementor-widget elementor-widget-text-editor\" data-id=\"5745255\" data-element_type=\"widget\" data-e-type=\"widget\" data-widget_type=\"text-editor.default\">\n\t\t\t\t<div class=\"elementor-widget-container\">\n\t\t\t\t\t\t\t\t\t<p>\u00a0<\/p><p><strong>AU PROGRAMME :\u00a0<\/strong><\/p><div class=\"flex-1 overflow-hidden\"><div class=\"react-scroll-to-bottom--css-azufm-79elbk h-full dark:bg-gray-800\"><div class=\"react-scroll-to-bottom--css-azufm-1n7m0yu\"><div class=\"flex flex-col text-sm dark:bg-gray-800\"><div class=\"group w-full text-gray-800 dark:text-gray-100 border-b border-black\/10 dark:border-gray-900\/50 bg-gray-50 dark:bg-[#444654]\"><div class=\"flex p-4 gap-4 text-base md:gap-6 md:max-w-2xl lg:max-w-[38rem] xl:max-w-3xl md:py-6 lg:px-0 m-auto\"><div class=\"relative flex w-[calc(100%-50px)] flex-col gap-1 md:gap-3 lg:w-[calc(100%-115px)]\"><div class=\"flex flex-grow flex-col gap-3\"><div class=\"min-h-[20px] flex items-start overflow-x-auto whitespace-pre-wrap break-words flex-col gap-4\"><div class=\"markdown prose w-full break-words dark:prose-invert light\"><p>\ud83d\udca1\u00a0<strong>Enrichissez vos connaissances sur la Sacem<\/strong>\u00a0<\/p><p>\ud83d\ude80\u00a0<strong>Cr\u00e9ez votre propre structure d\u2019\u00e9dition musicale<\/strong>\u00a0<\/p><p>\ud83d\udcb0\u00a0<strong>Financez votre projet musical<\/strong>\u00a0<\/p><p>\u00a0<\/p><\/div><\/div><\/div><\/div><\/div><\/div><\/div><\/div><\/div><\/div>\t\t\t\t\t\t\t\t<\/div>\n\t\t\t\t<\/div>\n\t\t\t\t<div class=\"elementor-element elementor-element-c2ba43a elementor-widget elementor-widget-spacer\" data-id=\"c2ba43a\" data-element_type=\"widget\" data-e-type=\"widget\" data-widget_type=\"spacer.default\">\n\t\t\t\t<div class=\"elementor-widget-container\">\n\t\t\t\t\t\t\t<div class=\"elementor-spacer\">\n\t\t\t<div class=\"elementor-spacer-inner\"><\/div>\n\t\t<\/div>\n\t\t\t\t\t\t<\/div>\n\t\t\t\t<\/div>\n\t\t\t\t<div class=\"elementor-element elementor-element-512e751 elementor-widget elementor-widget-text-editor\" data-id=\"512e751\" data-element_type=\"widget\" data-e-type=\"widget\" data-widget_type=\"text-editor.default\">\n\t\t\t\t<div class=\"elementor-widget-container\">\n\t\t\t\t\t\t\t\t\t<p><strong>Et ce n\u2019est pas tout !\u00a0Pour votre premier achat, b\u00e9n\u00e9ficiez d\u2019une r\u00e9duction exceptionnelle de 30% !\u00a0<\/strong><\/p><p><strong>Une occasion en or pour d\u00e9marrer votre parcours d\u2019apprentissage dans l\u2019\u00e9dition musicale.<\/strong><\/p>\t\t\t\t\t\t\t\t<\/div>\n\t\t\t\t<\/div>\n\t\t\t\t<div class=\"elementor-element elementor-element-b685374 elementor-widget elementor-widget-text-editor\" data-id=\"b685374\" data-element_type=\"widget\" data-e-type=\"widget\" data-widget_type=\"text-editor.default\">\n\t\t\t\t<div class=\"elementor-widget-container\">\n\t\t\t\t\t\t\t\t\t<p>\ud83c\udfbc Que vous soyez un artiste en herbe ou un professionnel aguerri, nos formations vous offrent une opportunit\u00e9 unique de booster vos comp\u00e9tences et faire grandir votre carri\u00e8re musicale.<\/p><p>N\u2019attendez plus ! D\u00e9veloppez vos talents, explorez votre passion et faites de la musique votre m\u00e9tier. Rejoignez notre communaut\u00e9 d\u2019apprenants et d\u2019experts passionn\u00e9s et engagez-vous dans une aventure musicale extraordinaire.<\/p>\t\t\t\t\t\t\t\t<\/div>\n\t\t\t\t<\/div>\n\t\t\t\t<div class=\"elementor-element elementor-element-b15e85b elementor-align-center elementor-widget elementor-widget-button\" data-id=\"b15e85b\" data-element_type=\"widget\" data-e-type=\"widget\" data-widget_type=\"button.default\">\n\t\t\t\t<div class=\"elementor-widget-container\">\n\t\t\t\t\t\t\t\t\t<div class=\"elementor-button-wrapper\">\n\t\t\t\t\t<a class=\"elementor-button elementor-button-link elementor-size-lg\" href=\"https:\/\/federationeifeil.systeme.io\/e-learning-edition-musicale-eifeil\" target=\"_blank\">\n\t\t\t\t\t\t<span class=\"elementor-button-content-wrapper\">\n\t\t\t\t\t\t\t\t\t<span class=\"elementor-button-text\">Formez-vous d\u00e8s aujourd'hui ! <\/span>\n\t\t\t\t\t<\/span>\n\t\t\t\t\t<\/a>\n\t\t\t\t<\/div>\n\t\t\t\t\t\t\t\t<\/div>\n\t\t\t\t<\/div>\n\t\t\t\t\t<\/div>\n\t\t<\/div>\n\t\t\t\t\t<\/div>\n\t\t<\/section>\n\t\t\t\t<\/div>\n\t\t","protected":false},"excerpt":{"rendered":"<p>Dans notre dernier article de blog intitul\u00e9 \u00ab\u00a0Comprendre le r\u00f4le d&rsquo;un \u00e9diteur musical\u00a0\u00bb, nous avons abord\u00e9 la fonction essentielle de l&rsquo;\u00e9diteur dans la gestion de l&rsquo;exploitation commerciale et des droits [&hellip;]<\/p>\n","protected":false},"author":1,"featured_media":4326,"comment_status":"open","ping_status":"open","sticky":false,"template":"","format":"standard","meta":{"footnotes":""},"categories":[23,21,24,20],"tags":[],"class_list":["post-4266","post","type-post","status-publish","format-standard","has-post-thumbnail","hentry","category-auteur-et-compositeur","category-edition-musicale","category-environnement-professionnel","category-metier"],"yoast_head":"<!-- This site is optimized with the Yoast SEO plugin v26.6 - https:\/\/yoast.com\/wordpress\/plugins\/seo\/ -->\n<title>Comment devenir \u00e9diteur de musique ? Les \u00e9tapes cl\u00e9s pour cr\u00e9er sa structure d\u2019\u00e9dition musicale ! (Partie 1\/3 : le juridique) - EIFEIL<\/title>\n<meta name=\"description\" content=\"Comment devenir \u00e9diteur de musique ? Les \u00e9tapes cl\u00e9s pour cr\u00e9er sa structure d\u2019\u00e9dition musicale ! (Partie 1\/3 : le juridique)\" \/>\n<meta name=\"robots\" content=\"index, follow, max-snippet:-1, max-image-preview:large, max-video-preview:-1\" \/>\n<link rel=\"canonical\" href=\"https:\/\/eifeil.com\/index.php\/2023\/07\/18\/comment-devenir-editeur-de-musique-les-etapes-cles-pour-creer-sa-structure-dedition-musicale-partie-1-3-le-juridique\/\" \/>\n<meta property=\"og:locale\" content=\"fr_FR\" \/>\n<meta property=\"og:type\" content=\"article\" \/>\n<meta property=\"og:title\" content=\"Comment devenir \u00e9diteur de musique ? Les \u00e9tapes cl\u00e9s pour cr\u00e9er sa structure d\u2019\u00e9dition musicale ! (Partie 1\/3 : le juridique) - EIFEIL\" \/>\n<meta property=\"og:description\" content=\"Comment devenir \u00e9diteur de musique ? Les \u00e9tapes cl\u00e9s pour cr\u00e9er sa structure d\u2019\u00e9dition musicale ! (Partie 1\/3 : le juridique)\" \/>\n<meta property=\"og:url\" content=\"https:\/\/eifeil.com\/index.php\/2023\/07\/18\/comment-devenir-editeur-de-musique-les-etapes-cles-pour-creer-sa-structure-dedition-musicale-partie-1-3-le-juridique\/\" \/>\n<meta property=\"og:site_name\" content=\"EIFEIL\" \/>\n<meta property=\"article:published_time\" content=\"2023-07-18T13:31:11+00:00\" \/>\n<meta property=\"article:modified_time\" content=\"2023-10-24T15:51:06+00:00\" \/>\n<meta property=\"og:image\" content=\"https:\/\/eifeil.com\/wp-content\/uploads\/2023\/07\/banniere-fb-9.png\" \/>\n\t<meta property=\"og:image:width\" content=\"1640\" \/>\n\t<meta property=\"og:image:height\" content=\"924\" \/>\n\t<meta property=\"og:image:type\" content=\"image\/png\" \/>\n<meta name=\"author\" content=\"admin6173\" \/>\n<meta name=\"twitter:card\" content=\"summary_large_image\" \/>\n<meta name=\"twitter:label1\" content=\"\u00c9crit par\" \/>\n\t<meta name=\"twitter:data1\" content=\"admin6173\" \/>\n\t<meta name=\"twitter:label2\" content=\"Dur\u00e9e de lecture estim\u00e9e\" \/>\n\t<meta name=\"twitter:data2\" content=\"4 minutes\" \/>\n<script type=\"application\/ld+json\" class=\"yoast-schema-graph\">{\"@context\":\"https:\/\/schema.org\",\"@graph\":[{\"@type\":\"WebPage\",\"@id\":\"https:\/\/eifeil.com\/index.php\/2023\/07\/18\/comment-devenir-editeur-de-musique-les-etapes-cles-pour-creer-sa-structure-dedition-musicale-partie-1-3-le-juridique\/\",\"url\":\"https:\/\/eifeil.com\/index.php\/2023\/07\/18\/comment-devenir-editeur-de-musique-les-etapes-cles-pour-creer-sa-structure-dedition-musicale-partie-1-3-le-juridique\/\",\"name\":\"Comment devenir \u00e9diteur de musique ? Les \u00e9tapes cl\u00e9s pour cr\u00e9er sa structure d\u2019\u00e9dition musicale ! (Partie 1\/3 : le juridique) - EIFEIL\",\"isPartOf\":{\"@id\":\"https:\/\/eifeil.com\/#website\"},\"primaryImageOfPage\":{\"@id\":\"https:\/\/eifeil.com\/index.php\/2023\/07\/18\/comment-devenir-editeur-de-musique-les-etapes-cles-pour-creer-sa-structure-dedition-musicale-partie-1-3-le-juridique\/#primaryimage\"},\"image\":{\"@id\":\"https:\/\/eifeil.com\/index.php\/2023\/07\/18\/comment-devenir-editeur-de-musique-les-etapes-cles-pour-creer-sa-structure-dedition-musicale-partie-1-3-le-juridique\/#primaryimage\"},\"thumbnailUrl\":\"https:\/\/eifeil.com\/wp-content\/uploads\/2023\/07\/banniere-fb-9.png\",\"datePublished\":\"2023-07-18T13:31:11+00:00\",\"dateModified\":\"2023-10-24T15:51:06+00:00\",\"author\":{\"@id\":\"https:\/\/eifeil.com\/#\/schema\/person\/d3398e3af494abb571fb142b5ef074d2\"},\"description\":\"Comment devenir \u00e9diteur de musique ? Les \u00e9tapes cl\u00e9s pour cr\u00e9er sa structure d\u2019\u00e9dition musicale ! (Partie 1\/3 : le juridique)\",\"breadcrumb\":{\"@id\":\"https:\/\/eifeil.com\/index.php\/2023\/07\/18\/comment-devenir-editeur-de-musique-les-etapes-cles-pour-creer-sa-structure-dedition-musicale-partie-1-3-le-juridique\/#breadcrumb\"},\"inLanguage\":\"fr-FR\",\"potentialAction\":[{\"@type\":\"ReadAction\",\"target\":[\"https:\/\/eifeil.com\/index.php\/2023\/07\/18\/comment-devenir-editeur-de-musique-les-etapes-cles-pour-creer-sa-structure-dedition-musicale-partie-1-3-le-juridique\/\"]}]},{\"@type\":\"ImageObject\",\"inLanguage\":\"fr-FR\",\"@id\":\"https:\/\/eifeil.com\/index.php\/2023\/07\/18\/comment-devenir-editeur-de-musique-les-etapes-cles-pour-creer-sa-structure-dedition-musicale-partie-1-3-le-juridique\/#primaryimage\",\"url\":\"https:\/\/eifeil.com\/wp-content\/uploads\/2023\/07\/banniere-fb-9.png\",\"contentUrl\":\"https:\/\/eifeil.com\/wp-content\/uploads\/2023\/07\/banniere-fb-9.png\",\"width\":1640,\"height\":924,\"caption\":\"cr\u00e9er sa structure d'\u00e9dition - blog eifeil\"},{\"@type\":\"BreadcrumbList\",\"@id\":\"https:\/\/eifeil.com\/index.php\/2023\/07\/18\/comment-devenir-editeur-de-musique-les-etapes-cles-pour-creer-sa-structure-dedition-musicale-partie-1-3-le-juridique\/#breadcrumb\",\"itemListElement\":[{\"@type\":\"ListItem\",\"position\":1,\"name\":\"Accueil\",\"item\":\"https:\/\/eifeil.com\/\"},{\"@type\":\"ListItem\",\"position\":2,\"name\":\"Comment devenir \u00e9diteur de musique ? Les \u00e9tapes cl\u00e9s pour cr\u00e9er sa structure d\u2019\u00e9dition musicale ! (Partie 1\/3 : le juridique)\"}]},{\"@type\":\"WebSite\",\"@id\":\"https:\/\/eifeil.com\/#website\",\"url\":\"https:\/\/eifeil.com\/\",\"name\":\"EIFEIL\",\"description\":\"\u00c9diteurs Ind\u00e9pendants F\u00e9d\u00e9r\u00e9s en France\",\"potentialAction\":[{\"@type\":\"SearchAction\",\"target\":{\"@type\":\"EntryPoint\",\"urlTemplate\":\"https:\/\/eifeil.com\/?s={search_term_string}\"},\"query-input\":{\"@type\":\"PropertyValueSpecification\",\"valueRequired\":true,\"valueName\":\"search_term_string\"}}],\"inLanguage\":\"fr-FR\"},{\"@type\":\"Person\",\"@id\":\"https:\/\/eifeil.com\/#\/schema\/person\/d3398e3af494abb571fb142b5ef074d2\",\"name\":\"admin6173\",\"image\":{\"@type\":\"ImageObject\",\"inLanguage\":\"fr-FR\",\"@id\":\"https:\/\/eifeil.com\/#\/schema\/person\/image\/\",\"url\":\"https:\/\/secure.gravatar.com\/avatar\/af326bdf008db93c146414fceef6a0c32555518597f72f45b2400acfce1c7224?s=96&d=mm&r=g\",\"contentUrl\":\"https:\/\/secure.gravatar.com\/avatar\/af326bdf008db93c146414fceef6a0c32555518597f72f45b2400acfce1c7224?s=96&d=mm&r=g\",\"caption\":\"admin6173\"},\"sameAs\":[\"http:\/\/eifeil.com\/di13089-ovh\"],\"url\":\"https:\/\/eifeil.com\/index.php\/author\/admin6173\/\"}]}<\/script>\n<!-- \/ Yoast SEO plugin. -->","yoast_head_json":{"title":"Comment devenir \u00e9diteur de musique ? Les \u00e9tapes cl\u00e9s pour cr\u00e9er sa structure d\u2019\u00e9dition musicale ! (Partie 1\/3 : le juridique) - EIFEIL","description":"Comment devenir \u00e9diteur de musique ? Les \u00e9tapes cl\u00e9s pour cr\u00e9er sa structure d\u2019\u00e9dition musicale ! (Partie 1\/3 : le juridique)","robots":{"index":"index","follow":"follow","max-snippet":"max-snippet:-1","max-image-preview":"max-image-preview:large","max-video-preview":"max-video-preview:-1"},"canonical":"https:\/\/eifeil.com\/index.php\/2023\/07\/18\/comment-devenir-editeur-de-musique-les-etapes-cles-pour-creer-sa-structure-dedition-musicale-partie-1-3-le-juridique\/","og_locale":"fr_FR","og_type":"article","og_title":"Comment devenir \u00e9diteur de musique ? Les \u00e9tapes cl\u00e9s pour cr\u00e9er sa structure d\u2019\u00e9dition musicale ! (Partie 1\/3 : le juridique) - EIFEIL","og_description":"Comment devenir \u00e9diteur de musique ? Les \u00e9tapes cl\u00e9s pour cr\u00e9er sa structure d\u2019\u00e9dition musicale ! (Partie 1\/3 : le juridique)","og_url":"https:\/\/eifeil.com\/index.php\/2023\/07\/18\/comment-devenir-editeur-de-musique-les-etapes-cles-pour-creer-sa-structure-dedition-musicale-partie-1-3-le-juridique\/","og_site_name":"EIFEIL","article_published_time":"2023-07-18T13:31:11+00:00","article_modified_time":"2023-10-24T15:51:06+00:00","og_image":[{"width":1640,"height":924,"url":"https:\/\/eifeil.com\/wp-content\/uploads\/2023\/07\/banniere-fb-9.png","type":"image\/png"}],"author":"admin6173","twitter_card":"summary_large_image","twitter_misc":{"\u00c9crit par":"admin6173","Dur\u00e9e de lecture estim\u00e9e":"4 minutes"},"schema":{"@context":"https:\/\/schema.org","@graph":[{"@type":"WebPage","@id":"https:\/\/eifeil.com\/index.php\/2023\/07\/18\/comment-devenir-editeur-de-musique-les-etapes-cles-pour-creer-sa-structure-dedition-musicale-partie-1-3-le-juridique\/","url":"https:\/\/eifeil.com\/index.php\/2023\/07\/18\/comment-devenir-editeur-de-musique-les-etapes-cles-pour-creer-sa-structure-dedition-musicale-partie-1-3-le-juridique\/","name":"Comment devenir \u00e9diteur de musique ? Les \u00e9tapes cl\u00e9s pour cr\u00e9er sa structure d\u2019\u00e9dition musicale ! (Partie 1\/3 : le juridique) - EIFEIL","isPartOf":{"@id":"https:\/\/eifeil.com\/#website"},"primaryImageOfPage":{"@id":"https:\/\/eifeil.com\/index.php\/2023\/07\/18\/comment-devenir-editeur-de-musique-les-etapes-cles-pour-creer-sa-structure-dedition-musicale-partie-1-3-le-juridique\/#primaryimage"},"image":{"@id":"https:\/\/eifeil.com\/index.php\/2023\/07\/18\/comment-devenir-editeur-de-musique-les-etapes-cles-pour-creer-sa-structure-dedition-musicale-partie-1-3-le-juridique\/#primaryimage"},"thumbnailUrl":"https:\/\/eifeil.com\/wp-content\/uploads\/2023\/07\/banniere-fb-9.png","datePublished":"2023-07-18T13:31:11+00:00","dateModified":"2023-10-24T15:51:06+00:00","author":{"@id":"https:\/\/eifeil.com\/#\/schema\/person\/d3398e3af494abb571fb142b5ef074d2"},"description":"Comment devenir \u00e9diteur de musique ? Les \u00e9tapes cl\u00e9s pour cr\u00e9er sa structure d\u2019\u00e9dition musicale ! (Partie 1\/3 : le juridique)","breadcrumb":{"@id":"https:\/\/eifeil.com\/index.php\/2023\/07\/18\/comment-devenir-editeur-de-musique-les-etapes-cles-pour-creer-sa-structure-dedition-musicale-partie-1-3-le-juridique\/#breadcrumb"},"inLanguage":"fr-FR","potentialAction":[{"@type":"ReadAction","target":["https:\/\/eifeil.com\/index.php\/2023\/07\/18\/comment-devenir-editeur-de-musique-les-etapes-cles-pour-creer-sa-structure-dedition-musicale-partie-1-3-le-juridique\/"]}]},{"@type":"ImageObject","inLanguage":"fr-FR","@id":"https:\/\/eifeil.com\/index.php\/2023\/07\/18\/comment-devenir-editeur-de-musique-les-etapes-cles-pour-creer-sa-structure-dedition-musicale-partie-1-3-le-juridique\/#primaryimage","url":"https:\/\/eifeil.com\/wp-content\/uploads\/2023\/07\/banniere-fb-9.png","contentUrl":"https:\/\/eifeil.com\/wp-content\/uploads\/2023\/07\/banniere-fb-9.png","width":1640,"height":924,"caption":"cr\u00e9er sa structure d'\u00e9dition - blog eifeil"},{"@type":"BreadcrumbList","@id":"https:\/\/eifeil.com\/index.php\/2023\/07\/18\/comment-devenir-editeur-de-musique-les-etapes-cles-pour-creer-sa-structure-dedition-musicale-partie-1-3-le-juridique\/#breadcrumb","itemListElement":[{"@type":"ListItem","position":1,"name":"Accueil","item":"https:\/\/eifeil.com\/"},{"@type":"ListItem","position":2,"name":"Comment devenir \u00e9diteur de musique ? Les \u00e9tapes cl\u00e9s pour cr\u00e9er sa structure d\u2019\u00e9dition musicale ! (Partie 1\/3 : le juridique)"}]},{"@type":"WebSite","@id":"https:\/\/eifeil.com\/#website","url":"https:\/\/eifeil.com\/","name":"EIFEIL","description":"\u00c9diteurs Ind\u00e9pendants F\u00e9d\u00e9r\u00e9s en France","potentialAction":[{"@type":"SearchAction","target":{"@type":"EntryPoint","urlTemplate":"https:\/\/eifeil.com\/?s={search_term_string}"},"query-input":{"@type":"PropertyValueSpecification","valueRequired":true,"valueName":"search_term_string"}}],"inLanguage":"fr-FR"},{"@type":"Person","@id":"https:\/\/eifeil.com\/#\/schema\/person\/d3398e3af494abb571fb142b5ef074d2","name":"admin6173","image":{"@type":"ImageObject","inLanguage":"fr-FR","@id":"https:\/\/eifeil.com\/#\/schema\/person\/image\/","url":"https:\/\/secure.gravatar.com\/avatar\/af326bdf008db93c146414fceef6a0c32555518597f72f45b2400acfce1c7224?s=96&d=mm&r=g","contentUrl":"https:\/\/secure.gravatar.com\/avatar\/af326bdf008db93c146414fceef6a0c32555518597f72f45b2400acfce1c7224?s=96&d=mm&r=g","caption":"admin6173"},"sameAs":["http:\/\/eifeil.com\/di13089-ovh"],"url":"https:\/\/eifeil.com\/index.php\/author\/admin6173\/"}]}},"_links":{"self":[{"href":"https:\/\/eifeil.com\/index.php\/wp-json\/wp\/v2\/posts\/4266","targetHints":{"allow":["GET"]}}],"collection":[{"href":"https:\/\/eifeil.com\/index.php\/wp-json\/wp\/v2\/posts"}],"about":[{"href":"https:\/\/eifeil.com\/index.php\/wp-json\/wp\/v2\/types\/post"}],"author":[{"embeddable":true,"href":"https:\/\/eifeil.com\/index.php\/wp-json\/wp\/v2\/users\/1"}],"replies":[{"embeddable":true,"href":"https:\/\/eifeil.com\/index.php\/wp-json\/wp\/v2\/comments?post=4266"}],"version-history":[{"count":30,"href":"https:\/\/eifeil.com\/index.php\/wp-json\/wp\/v2\/posts\/4266\/revisions"}],"predecessor-version":[{"id":4786,"href":"https:\/\/eifeil.com\/index.php\/wp-json\/wp\/v2\/posts\/4266\/revisions\/4786"}],"wp:featuredmedia":[{"embeddable":true,"href":"https:\/\/eifeil.com\/index.php\/wp-json\/wp\/v2\/media\/4326"}],"wp:attachment":[{"href":"https:\/\/eifeil.com\/index.php\/wp-json\/wp\/v2\/media?parent=4266"}],"wp:term":[{"taxonomy":"category","embeddable":true,"href":"https:\/\/eifeil.com\/index.php\/wp-json\/wp\/v2\/categories?post=4266"},{"taxonomy":"post_tag","embeddable":true,"href":"https:\/\/eifeil.com\/index.php\/wp-json\/wp\/v2\/tags?post=4266"}],"curies":[{"name":"wp","href":"https:\/\/api.w.org\/{rel}","templated":true}]}}