{"id":4393,"date":"2023-08-29T16:36:44","date_gmt":"2023-08-29T14:36:44","guid":{"rendered":"https:\/\/eifeil.com\/?p=4393"},"modified":"2024-01-04T15:54:04","modified_gmt":"2024-01-04T14:54:04","slug":"comment-devenir-editeur-de-musique-les-procedures-administratives","status":"publish","type":"post","link":"https:\/\/eifeil.com\/index.php\/2023\/08\/29\/comment-devenir-editeur-de-musique-les-procedures-administratives\/","title":{"rendered":"Comment devenir \u00e9diteur de musique ? Les \u00e9tapes cl\u00e9s pour cr\u00e9er sa structure d\u2019\u00e9dition musicale ! (Partie 2\/3 : l&rsquo;administratif)"},"content":{"rendered":"\t\t<div data-elementor-type=\"wp-post\" data-elementor-id=\"4393\" class=\"elementor elementor-4393\">\n\t\t\t\t\t\t<section class=\"elementor-section elementor-top-section elementor-element elementor-element-f12f929 elementor-section-boxed elementor-section-height-default elementor-section-height-default\" data-id=\"f12f929\" data-element_type=\"section\" data-e-type=\"section\">\n\t\t\t\t\t\t<div class=\"elementor-container elementor-column-gap-default\">\n\t\t\t\t\t<div class=\"elementor-column elementor-col-100 elementor-top-column elementor-element elementor-element-5fbd699\" data-id=\"5fbd699\" data-element_type=\"column\" data-e-type=\"column\">\n\t\t\t<div class=\"elementor-widget-wrap elementor-element-populated\">\n\t\t\t\t\t\t<div class=\"elementor-element elementor-element-9772808 elementor-widget elementor-widget-spacer\" data-id=\"9772808\" data-element_type=\"widget\" data-e-type=\"widget\" data-widget_type=\"spacer.default\">\n\t\t\t\t<div class=\"elementor-widget-container\">\n\t\t\t\t\t\t\t<div class=\"elementor-spacer\">\n\t\t\t<div class=\"elementor-spacer-inner\"><\/div>\n\t\t<\/div>\n\t\t\t\t\t\t<\/div>\n\t\t\t\t<\/div>\n\t\t\t\t<div class=\"elementor-element elementor-element-73c268a elementor-widget elementor-widget-text-editor\" data-id=\"73c268a\" data-element_type=\"widget\" data-e-type=\"widget\" data-widget_type=\"text-editor.default\">\n\t\t\t\t<div class=\"elementor-widget-container\">\n\t\t\t\t\t\t\t\t\t<p><span style=\"font-weight: 400;\">Comme on l\u2019a vu pr\u00e9c\u00e9demment dans notre article de blog, <strong>\u201cComment devenir \u00e9diteur de musique ? Les proc\u00e9dures juridiques\u201d<\/strong>, l\u2019\u00e9diteur <\/span><span style=\"font-weight: 400;\">qui <\/span><span style=\"font-weight: 400;\">g\u00e8re et l\u2019exploitation commerciale et les droits d&rsquo;auteur des \u0153uvres musicales fait face \u00e0 de nombreuses proc\u00e9dures juridiques.\u00a0<\/span><\/p><p>Au-del\u00e0 des aspects juridiques, le r\u00f4le de l&rsquo;\u00e9diteur s&rsquo;\u00e9tend \u00e9galement \u00e0 des t\u00e2ches administratives essentielles. Celles-ci comprennent la gestion minutieuse des droits d&rsquo;auteur, la coordination des activit\u00e9s relatives \u00e0 la publication et \u00e0 la commercialisation des \u0153uvres musicales.<\/p>\t\t\t\t\t\t\t\t<\/div>\n\t\t\t\t<\/div>\n\t\t\t\t\t<\/div>\n\t\t<\/div>\n\t\t\t\t\t<\/div>\n\t\t<\/section>\n\t\t\t\t<section class=\"elementor-section elementor-top-section elementor-element elementor-element-aa56268 elementor-section-boxed elementor-section-height-default elementor-section-height-default\" data-id=\"aa56268\" data-element_type=\"section\" data-e-type=\"section\">\n\t\t\t\t\t\t<div class=\"elementor-container elementor-column-gap-default\">\n\t\t\t\t\t<div class=\"elementor-column elementor-col-100 elementor-top-column elementor-element elementor-element-a566fed\" data-id=\"a566fed\" data-element_type=\"column\" data-e-type=\"column\">\n\t\t\t<div class=\"elementor-widget-wrap elementor-element-populated\">\n\t\t\t\t\t\t<div class=\"elementor-element elementor-element-a6718e5 elementor-widget elementor-widget-heading\" data-id=\"a6718e5\" data-element_type=\"widget\" data-e-type=\"widget\" data-widget_type=\"heading.default\">\n\t\t\t\t<div class=\"elementor-widget-container\">\n\t\t\t\t\t<h2 class=\"elementor-heading-title elementor-size-default\">Partie 2\/3 - Les t\u00e2ches administratives :<\/h2>\t\t\t\t<\/div>\n\t\t\t\t<\/div>\n\t\t\t\t\t<\/div>\n\t\t<\/div>\n\t\t\t\t\t<\/div>\n\t\t<\/section>\n\t\t\t\t<section class=\"elementor-section elementor-top-section elementor-element elementor-element-f0149e8 elementor-section-boxed elementor-section-height-default elementor-section-height-default\" data-id=\"f0149e8\" data-element_type=\"section\" data-e-type=\"section\">\n\t\t\t\t\t\t<div class=\"elementor-container elementor-column-gap-default\">\n\t\t\t\t\t<div class=\"elementor-column elementor-col-100 elementor-top-column elementor-element elementor-element-1fa44a2\" data-id=\"1fa44a2\" data-element_type=\"column\" data-e-type=\"column\">\n\t\t\t<div class=\"elementor-widget-wrap elementor-element-populated\">\n\t\t\t\t\t\t<div class=\"elementor-element elementor-element-d8d60e8 elementor-widget elementor-widget-spacer\" data-id=\"d8d60e8\" data-element_type=\"widget\" data-e-type=\"widget\" data-widget_type=\"spacer.default\">\n\t\t\t\t<div class=\"elementor-widget-container\">\n\t\t\t\t\t\t\t<div class=\"elementor-spacer\">\n\t\t\t<div class=\"elementor-spacer-inner\"><\/div>\n\t\t<\/div>\n\t\t\t\t\t\t<\/div>\n\t\t\t\t<\/div>\n\t\t\t\t<div class=\"elementor-element elementor-element-e29de5c elementor-widget elementor-widget-text-editor\" data-id=\"e29de5c\" data-element_type=\"widget\" data-e-type=\"widget\" data-widget_type=\"text-editor.default\">\n\t\t\t\t<div class=\"elementor-widget-container\">\n\t\t\t\t\t\t\t\t\t<p>Les missions administratives de l&rsquo;\u00e9diteur de musique :<\/p>\t\t\t\t\t\t\t\t<\/div>\n\t\t\t\t<\/div>\n\t\t\t\t<div class=\"elementor-element elementor-element-d6f8441 elementor-widget elementor-widget-toggle\" data-id=\"d6f8441\" data-element_type=\"widget\" data-e-type=\"widget\" data-widget_type=\"toggle.default\">\n\t\t\t\t<div class=\"elementor-widget-container\">\n\t\t\t\t\t\t\t<div class=\"elementor-toggle\">\n\t\t\t\t\t\t\t<div class=\"elementor-toggle-item\">\n\t\t\t\t\t<div id=\"elementor-tab-title-2251\" class=\"elementor-tab-title\" data-tab=\"1\" role=\"button\" aria-controls=\"elementor-tab-content-2251\" aria-expanded=\"false\">\n\t\t\t\t\t\t\t\t\t\t\t\t<span class=\"elementor-toggle-icon elementor-toggle-icon-left\" aria-hidden=\"true\">\n\t\t\t\t\t\t\t\t\t\t\t\t\t\t\t<span class=\"elementor-toggle-icon-closed\"><i class=\"fas fa-caret-right\"><\/i><\/span>\n\t\t\t\t\t\t\t\t<span class=\"elementor-toggle-icon-opened\"><i class=\"elementor-toggle-icon-opened fas fa-caret-up\"><\/i><\/span>\n\t\t\t\t\t\t\t\t\t\t\t\t\t<\/span>\n\t\t\t\t\t\t\t\t\t\t\t\t<a class=\"elementor-toggle-title\" tabindex=\"0\">L\u2019enregistrement des \u0153uvres aupr\u00e8s d\u2019organismes de gestion collective<\/a>\n\t\t\t\t\t<\/div>\n\n\t\t\t\t\t<div id=\"elementor-tab-content-2251\" class=\"elementor-tab-content elementor-clearfix\" data-tab=\"1\" role=\"region\" aria-labelledby=\"elementor-tab-title-2251\"><p>Une des responsabilit\u00e9s primordiales de l&rsquo;\u00e9diteur musical consiste \u00e0 assurer une protection optimale des \u0153uvres artistiques. Lorsque des auteurs-compositeurs donnent vie \u00e0 de nouvelles compositions, il incombe \u00e0 l&rsquo;\u00e9diteur de les enregistrer officiellement afin de garantir leur protection juridique. En France, ce processus passe in\u00e9vitablement par une d\u00e9claration aupr\u00e8s de la SACEM. Cette d\u00e9marche cruciale facilite la collecte des droits d&rsquo;auteur, provenant par exemple d&rsquo;\u00e9coutes en streaming, de ventes physiques ou de diffusions publiques, et assure ainsi une r\u00e9mun\u00e9ration \u00e9quitable pour les cr\u00e9ateurs.<\/p><\/div>\n\t\t\t\t<\/div>\n\t\t\t\t\t\t\t<div class=\"elementor-toggle-item\">\n\t\t\t\t\t<div id=\"elementor-tab-title-2252\" class=\"elementor-tab-title\" data-tab=\"2\" role=\"button\" aria-controls=\"elementor-tab-content-2252\" aria-expanded=\"false\">\n\t\t\t\t\t\t\t\t\t\t\t\t<span class=\"elementor-toggle-icon elementor-toggle-icon-left\" aria-hidden=\"true\">\n\t\t\t\t\t\t\t\t\t\t\t\t\t\t\t<span class=\"elementor-toggle-icon-closed\"><i class=\"fas fa-caret-right\"><\/i><\/span>\n\t\t\t\t\t\t\t\t<span class=\"elementor-toggle-icon-opened\"><i class=\"elementor-toggle-icon-opened fas fa-caret-up\"><\/i><\/span>\n\t\t\t\t\t\t\t\t\t\t\t\t\t<\/span>\n\t\t\t\t\t\t\t\t\t\t\t\t<a class=\"elementor-toggle-title\" tabindex=\"0\">La gestion des droits d'auteur :<\/a>\n\t\t\t\t\t<\/div>\n\n\t\t\t\t\t<div id=\"elementor-tab-content-2252\" class=\"elementor-tab-content elementor-clearfix\" data-tab=\"2\" role=\"region\" aria-labelledby=\"elementor-tab-title-2252\"><p>Au-del\u00e0 de sa mission de protection des \u0153uvres, l&rsquo;\u00e9diteur est \u00e9galement charg\u00e9 de maximiser les revenus d&rsquo;exploitation des cr\u00e9ations musicales pr\u00e9sentes dans son catalogue de droits d&rsquo;auteur. Cette t\u00e2che implique un suivi rigoureux des multiples utilisations des \u0153uvres, qu&rsquo;il s&rsquo;agisse de leur diffusion sur des cha\u00eenes t\u00e9l\u00e9vis\u00e9es, de leur synchronisation dans des productions cin\u00e9matographiques, ou encore de leur reprise sous diverses formes par d&rsquo;autres artistes.<\/p><p>Il est imp\u00e9ratif pour l&rsquo;\u00e9diteur de s&rsquo;assurer que toutes ces utilisations sont m\u00e9ticuleusement document\u00e9es. Cette diligence permet non seulement de garantir que les redevances appropri\u00e9es sont collect\u00e9es, mais aussi que les auteurs et compositeurs re\u00e7oivent la r\u00e9mun\u00e9ration qui leur est l\u00e9gitimement due.<\/p><\/div>\n\t\t\t\t<\/div>\n\t\t\t\t\t\t\t<div class=\"elementor-toggle-item\">\n\t\t\t\t\t<div id=\"elementor-tab-title-2253\" class=\"elementor-tab-title\" data-tab=\"3\" role=\"button\" aria-controls=\"elementor-tab-content-2253\" aria-expanded=\"false\">\n\t\t\t\t\t\t\t\t\t\t\t\t<span class=\"elementor-toggle-icon elementor-toggle-icon-left\" aria-hidden=\"true\">\n\t\t\t\t\t\t\t\t\t\t\t\t\t\t\t<span class=\"elementor-toggle-icon-closed\"><i class=\"fas fa-caret-right\"><\/i><\/span>\n\t\t\t\t\t\t\t\t<span class=\"elementor-toggle-icon-opened\"><i class=\"elementor-toggle-icon-opened fas fa-caret-up\"><\/i><\/span>\n\t\t\t\t\t\t\t\t\t\t\t\t\t<\/span>\n\t\t\t\t\t\t\t\t\t\t\t\t<a class=\"elementor-toggle-title\" tabindex=\"0\">La gestion des catalogues :<\/a>\n\t\t\t\t\t<\/div>\n\n\t\t\t\t\t<div id=\"elementor-tab-content-2253\" class=\"elementor-tab-content elementor-clearfix\" data-tab=\"3\" role=\"region\" aria-labelledby=\"elementor-tab-title-2253\"><p>L&rsquo;\u00e9diteur orchestre et administre m\u00e9ticuleusement le catalogue d&rsquo;\u0153uvres musicales pour lesquelles il d\u00e9tient les droits d&rsquo;auteur. Cette gestion peut impliquer la mise en place de bases de donn\u00e9es sophistiqu\u00e9es, le suivi rigoureux des m\u00e9tadonn\u00e9es, la gestion soign\u00e9e des enregistrements audio et des partitions musicales, ainsi que la promotion cibl\u00e9e des \u0153uvres aupr\u00e8s des acteurs cl\u00e9s de l&rsquo;industrie musicale.<\/p><\/div>\n\t\t\t\t<\/div>\n\t\t\t\t\t\t\t<div class=\"elementor-toggle-item\">\n\t\t\t\t\t<div id=\"elementor-tab-title-2254\" class=\"elementor-tab-title\" data-tab=\"4\" role=\"button\" aria-controls=\"elementor-tab-content-2254\" aria-expanded=\"false\">\n\t\t\t\t\t\t\t\t\t\t\t\t<span class=\"elementor-toggle-icon elementor-toggle-icon-left\" aria-hidden=\"true\">\n\t\t\t\t\t\t\t\t\t\t\t\t\t\t\t<span class=\"elementor-toggle-icon-closed\"><i class=\"fas fa-caret-right\"><\/i><\/span>\n\t\t\t\t\t\t\t\t<span class=\"elementor-toggle-icon-opened\"><i class=\"elementor-toggle-icon-opened fas fa-caret-up\"><\/i><\/span>\n\t\t\t\t\t\t\t\t\t\t\t\t\t<\/span>\n\t\t\t\t\t\t\t\t\t\t\t\t<a class=\"elementor-toggle-title\" tabindex=\"0\">L\u2019Administration financi\u00e8re :<\/a>\n\t\t\t\t\t<\/div>\n\n\t\t\t\t\t<div id=\"elementor-tab-content-2254\" class=\"elementor-tab-content elementor-clearfix\" data-tab=\"4\" role=\"region\" aria-labelledby=\"elementor-tab-title-2254\"><p>L&rsquo;\u00e9diteur musical assume une vari\u00e9t\u00e9 de fonctions administratives essentielles, notamment en mati\u00e8re de gestion financi\u00e8re. Ces responsabilit\u00e9s englobent le suivi pr\u00e9cis des redevances, le calcul m\u00e9ticuleux des paiements destin\u00e9s aux auteurs-compositeurs, l&rsquo;\u00e9laboration soign\u00e9e des d\u00e9clarations fiscales, ainsi que la gestion rigoureuse des budgets allou\u00e9s \u00e0 la promotion et \u00e0 l&rsquo;exploitation commerciale des \u0153uvres musicales.<\/p><\/div>\n\t\t\t\t<\/div>\n\t\t\t\t\t\t\t<div class=\"elementor-toggle-item\">\n\t\t\t\t\t<div id=\"elementor-tab-title-2255\" class=\"elementor-tab-title\" data-tab=\"5\" role=\"button\" aria-controls=\"elementor-tab-content-2255\" aria-expanded=\"false\">\n\t\t\t\t\t\t\t\t\t\t\t\t<span class=\"elementor-toggle-icon elementor-toggle-icon-left\" aria-hidden=\"true\">\n\t\t\t\t\t\t\t\t\t\t\t\t\t\t\t<span class=\"elementor-toggle-icon-closed\"><i class=\"fas fa-caret-right\"><\/i><\/span>\n\t\t\t\t\t\t\t\t<span class=\"elementor-toggle-icon-opened\"><i class=\"elementor-toggle-icon-opened fas fa-caret-up\"><\/i><\/span>\n\t\t\t\t\t\t\t\t\t\t\t\t\t<\/span>\n\t\t\t\t\t\t\t\t\t\t\t\t<a class=\"elementor-toggle-title\" tabindex=\"0\">La coordination avec d'autres acteurs de l'industrie musicale :<\/a>\n\t\t\t\t\t<\/div>\n\n\t\t\t\t\t<div id=\"elementor-tab-content-2255\" class=\"elementor-tab-content elementor-clearfix\" data-tab=\"5\" role=\"region\" aria-labelledby=\"elementor-tab-title-2255\"><p>L&rsquo;\u00e9diteur s&rsquo;engage activement dans des collaborations strat\u00e9giques avec divers acteurs cl\u00e9s de l&rsquo;industrie musicale. Il s&rsquo;agit notamment des maisons de disques, des managers d&rsquo;artistes, des agents de spectacles, ainsi que des avocats sp\u00e9cialis\u00e9s en droit de la musique. Cette synergie professionnelle vise \u00e0 optimiser la commercialisation et la promotion des \u0153uvres musicales.<\/p><\/div>\n\t\t\t\t<\/div>\n\t\t\t\t\t\t\t<div class=\"elementor-toggle-item\">\n\t\t\t\t\t<div id=\"elementor-tab-title-2256\" class=\"elementor-tab-title\" data-tab=\"6\" role=\"button\" aria-controls=\"elementor-tab-content-2256\" aria-expanded=\"false\">\n\t\t\t\t\t\t\t\t\t\t\t\t<span class=\"elementor-toggle-icon elementor-toggle-icon-left\" aria-hidden=\"true\">\n\t\t\t\t\t\t\t\t\t\t\t\t\t\t\t<span class=\"elementor-toggle-icon-closed\"><i class=\"fas fa-caret-right\"><\/i><\/span>\n\t\t\t\t\t\t\t\t<span class=\"elementor-toggle-icon-opened\"><i class=\"elementor-toggle-icon-opened fas fa-caret-up\"><\/i><\/span>\n\t\t\t\t\t\t\t\t\t\t\t\t\t<\/span>\n\t\t\t\t\t\t\t\t\t\t\t\t<a class=\"elementor-toggle-title\" tabindex=\"0\">L\u2019Acquisition des droits : <\/a>\n\t\t\t\t\t<\/div>\n\n\t\t\t\t\t<div id=\"elementor-tab-content-2256\" class=\"elementor-tab-content elementor-clearfix\" data-tab=\"6\" role=\"region\" aria-labelledby=\"elementor-tab-title-2256\"><p>Dans le but d&rsquo;enrichir son catalogue, l&rsquo;\u00e9diteurde musique est en mesure de n\u00e9gocier et d&rsquo;acqu\u00e9rir des droits sur diverses compositions, qu&rsquo;il s&rsquo;agisse de textes ou de m\u00e9lodies. Ce processus implique l&rsquo;initiation de dialogues strat\u00e9giques avec les auteurs, les compositeurs, d&rsquo;autres \u00e9diteurs ou les repr\u00e9sentants l\u00e9gaux des ayants droit. L&rsquo;objectif est de conclure des accords bien ficel\u00e9s qui permettront l&rsquo;ajout de nouvelles \u0153uvres innovantes ou influentes \u00e0 son catalogue.<\/p><\/div>\n\t\t\t\t<\/div>\n\t\t\t\t\t\t\t\t<\/div>\n\t\t\t\t\t\t<\/div>\n\t\t\t\t<\/div>\n\t\t\t\t<div class=\"elementor-element elementor-element-00ce57f elementor-widget elementor-widget-spacer\" data-id=\"00ce57f\" data-element_type=\"widget\" data-e-type=\"widget\" data-widget_type=\"spacer.default\">\n\t\t\t\t<div class=\"elementor-widget-container\">\n\t\t\t\t\t\t\t<div class=\"elementor-spacer\">\n\t\t\t<div class=\"elementor-spacer-inner\"><\/div>\n\t\t<\/div>\n\t\t\t\t\t\t<\/div>\n\t\t\t\t<\/div>\n\t\t\t\t<div class=\"elementor-element elementor-element-9738d5e elementor-widget elementor-widget-text-editor\" data-id=\"9738d5e\" data-element_type=\"widget\" data-e-type=\"widget\" data-widget_type=\"text-editor.default\">\n\t\t\t\t<div class=\"elementor-widget-container\">\n\t\t\t\t\t\t\t\t\t<p>Ces fonctions administratives sont cruciales pour garantir une gestion minutieuse des droits d&rsquo;auteur et une exploitation maximis\u00e9e des compositions musicales. L&rsquo;\u00e9diteur demeure constamment \u00e0 l&rsquo;\u00e9coute et en soutien de ses auteurs et compositeurs afin de s&rsquo;assurer qu&rsquo;ils b\u00e9n\u00e9ficient d&rsquo;une r\u00e9mun\u00e9ration \u00e0 la fois \u00e9quitable et conforme \u00e0 la valeur de leur travail artistique.<\/p>\t\t\t\t\t\t\t\t<\/div>\n\t\t\t\t<\/div>\n\t\t\t\t\t<\/div>\n\t\t<\/div>\n\t\t\t\t\t<\/div>\n\t\t<\/section>\n\t\t\t\t<section class=\"elementor-section elementor-top-section elementor-element elementor-element-e0ec605 elementor-section-boxed elementor-section-height-default elementor-section-height-default\" data-id=\"e0ec605\" data-element_type=\"section\" data-e-type=\"section\">\n\t\t\t\t\t\t<div class=\"elementor-container elementor-column-gap-default\">\n\t\t\t\t\t<div class=\"elementor-column elementor-col-100 elementor-top-column elementor-element elementor-element-7e67dbd\" data-id=\"7e67dbd\" data-element_type=\"column\" data-e-type=\"column\">\n\t\t\t<div class=\"elementor-widget-wrap elementor-element-populated\">\n\t\t\t\t\t\t<div class=\"elementor-element elementor-element-34d3134 elementor-widget-divider--view-line elementor-widget elementor-widget-divider\" data-id=\"34d3134\" data-element_type=\"widget\" data-e-type=\"widget\" data-widget_type=\"divider.default\">\n\t\t\t\t<div class=\"elementor-widget-container\">\n\t\t\t\t\t\t\t<div class=\"elementor-divider\">\n\t\t\t<span class=\"elementor-divider-separator\">\n\t\t\t\t\t\t<\/span>\n\t\t<\/div>\n\t\t\t\t\t\t<\/div>\n\t\t\t\t<\/div>\n\t\t\t\t<div class=\"elementor-element elementor-element-673f48f elementor-widget elementor-widget-image\" data-id=\"673f48f\" data-element_type=\"widget\" data-e-type=\"widget\" data-widget_type=\"image.default\">\n\t\t\t\t<div class=\"elementor-widget-container\">\n\t\t\t\t\t\t\t\t\t\t\t\t\t\t\t<img fetchpriority=\"high\" decoding=\"async\" width=\"768\" height=\"432\" src=\"https:\/\/eifeil.com\/wp-content\/uploads\/2023\/06\/Teaser-13-768x432.png\" class=\"attachment-medium_large size-medium_large wp-image-4170\" alt=\"elearning eifeil\" srcset=\"https:\/\/eifeil.com\/wp-content\/uploads\/2023\/06\/Teaser-13-768x432.png 768w, https:\/\/eifeil.com\/wp-content\/uploads\/2023\/06\/Teaser-13-300x169.png 300w, https:\/\/eifeil.com\/wp-content\/uploads\/2023\/06\/Teaser-13-1024x576.png 1024w, https:\/\/eifeil.com\/wp-content\/uploads\/2023\/06\/Teaser-13-1536x864.png 1536w, https:\/\/eifeil.com\/wp-content\/uploads\/2023\/06\/Teaser-13-1000x563.png 1000w, https:\/\/eifeil.com\/wp-content\/uploads\/2023\/06\/Teaser-13-230x129.png 230w, https:\/\/eifeil.com\/wp-content\/uploads\/2023\/06\/Teaser-13-350x197.png 350w, https:\/\/eifeil.com\/wp-content\/uploads\/2023\/06\/Teaser-13-480x270.png 480w, https:\/\/eifeil.com\/wp-content\/uploads\/2023\/06\/Teaser-13.png 1920w\" sizes=\"(max-width: 768px) 100vw, 768px\" \/>\t\t\t\t\t\t\t\t\t\t\t\t\t\t\t<\/div>\n\t\t\t\t<\/div>\n\t\t\t\t<div class=\"elementor-element elementor-element-a4d73fc elementor-widget elementor-widget-spacer\" data-id=\"a4d73fc\" data-element_type=\"widget\" data-e-type=\"widget\" data-widget_type=\"spacer.default\">\n\t\t\t\t<div class=\"elementor-widget-container\">\n\t\t\t\t\t\t\t<div class=\"elementor-spacer\">\n\t\t\t<div class=\"elementor-spacer-inner\"><\/div>\n\t\t<\/div>\n\t\t\t\t\t\t<\/div>\n\t\t\t\t<\/div>\n\t\t\t\t<div class=\"elementor-element elementor-element-040b3bc elementor-widget elementor-widget-text-editor\" data-id=\"040b3bc\" data-element_type=\"widget\" data-e-type=\"widget\" data-widget_type=\"text-editor.default\">\n\t\t\t\t<div class=\"elementor-widget-container\">\n\t\t\t\t\t\t\t\t\t<p><strong>Transformez votre passion pour la musique en profession\u00a0<\/strong><\/p><p><strong>avec nos formations en ligne sur l\u2019\u00e9dition musicale !\u00a0<\/strong><\/p>\t\t\t\t\t\t\t\t<\/div>\n\t\t\t\t<\/div>\n\t\t\t\t<div class=\"elementor-element elementor-element-010ed37 elementor-widget elementor-widget-spacer\" data-id=\"010ed37\" data-element_type=\"widget\" data-e-type=\"widget\" data-widget_type=\"spacer.default\">\n\t\t\t\t<div class=\"elementor-widget-container\">\n\t\t\t\t\t\t\t<div class=\"elementor-spacer\">\n\t\t\t<div class=\"elementor-spacer-inner\"><\/div>\n\t\t<\/div>\n\t\t\t\t\t\t<\/div>\n\t\t\t\t<\/div>\n\t\t\t\t<div class=\"elementor-element elementor-element-5bd16e4 elementor-widget elementor-widget-text-editor\" data-id=\"5bd16e4\" data-element_type=\"widget\" data-e-type=\"widget\" data-widget_type=\"text-editor.default\">\n\t\t\t\t<div class=\"elementor-widget-container\">\n\t\t\t\t\t\t\t\t\t<p>D\u00e9couvrez le monde fascinant de l\u2019\u00e9dition musicale \u00e0 votre rythme, depuis le confort de votre domicile. Nos formations en ligne sont con\u00e7ues pour vous fournir les outils essentiels afin de comprendre les rouages du secteur musical, de la gestion des droits d\u2019auteur \u00e0 la cr\u00e9ation de votre propre structure d\u2019\u00e9dition musicale.\u00a0<\/p>\t\t\t\t\t\t\t\t<\/div>\n\t\t\t\t<\/div>\n\t\t\t\t<div class=\"elementor-element elementor-element-8d01e58 elementor-widget elementor-widget-spacer\" data-id=\"8d01e58\" data-element_type=\"widget\" data-e-type=\"widget\" data-widget_type=\"spacer.default\">\n\t\t\t\t<div class=\"elementor-widget-container\">\n\t\t\t\t\t\t\t<div class=\"elementor-spacer\">\n\t\t\t<div class=\"elementor-spacer-inner\"><\/div>\n\t\t<\/div>\n\t\t\t\t\t\t<\/div>\n\t\t\t\t<\/div>\n\t\t\t\t<div class=\"elementor-element elementor-element-0fb3d48 elementor-widget elementor-widget-text-editor\" data-id=\"0fb3d48\" data-element_type=\"widget\" data-e-type=\"widget\" data-widget_type=\"text-editor.default\">\n\t\t\t\t<div class=\"elementor-widget-container\">\n\t\t\t\t\t\t\t\t\t<p><strong><br><\/strong><\/p><p><strong>AU PROGRAMME :&nbsp;<\/strong><\/p>\n<div class=\"flex-1 overflow-hidden\">\n<div class=\"react-scroll-to-bottom--css-azufm-79elbk h-full dark:bg-gray-800\">\n<div class=\"react-scroll-to-bottom--css-azufm-1n7m0yu\">\n<div class=\"flex flex-col text-sm dark:bg-gray-800\">\n<div class=\"group w-full text-gray-800 dark:text-gray-100 border-b border-black\/10 dark:border-gray-900\/50 bg-gray-50 dark:bg-[#444654]\">\n<div class=\"flex p-4 gap-4 text-base md:gap-6 md:max-w-2xl lg:max-w-[38rem] xl:max-w-3xl md:py-6 lg:px-0 m-auto\">\n<div class=\"relative flex w-[calc(100%-50px)] flex-col gap-1 md:gap-3 lg:w-[calc(100%-115px)]\">\n<div class=\"flex flex-grow flex-col gap-3\">\n<div class=\"min-h-[20px] flex items-start overflow-x-auto whitespace-pre-wrap break-words flex-col gap-4\">\n<div class=\"markdown prose w-full break-words dark:prose-invert light\">\n<p>\ud83d\udca1&nbsp;<strong>Enrichissez vos connaissances sur la Sacem<\/strong>&nbsp;<\/p>\n<p>\ud83d\ude80&nbsp;<strong>Cr\u00e9ez votre propre structure d\u2019\u00e9dition musicale<\/strong>&nbsp;<\/p>\n<p>\ud83d\udcb0&nbsp;<strong>Financez votre projet musical<\/strong>&nbsp;<\/p><p><br><\/p>\n<\/div>\n<\/div>\n<\/div>\n<\/div>\n<\/div>\n<\/div>\n<\/div>\n<\/div>\n<\/div>\n<\/div>\t\t\t\t\t\t\t\t<\/div>\n\t\t\t\t<\/div>\n\t\t\t\t<div class=\"elementor-element elementor-element-6c43c54 elementor-widget elementor-widget-spacer\" data-id=\"6c43c54\" data-element_type=\"widget\" data-e-type=\"widget\" data-widget_type=\"spacer.default\">\n\t\t\t\t<div class=\"elementor-widget-container\">\n\t\t\t\t\t\t\t<div class=\"elementor-spacer\">\n\t\t\t<div class=\"elementor-spacer-inner\"><\/div>\n\t\t<\/div>\n\t\t\t\t\t\t<\/div>\n\t\t\t\t<\/div>\n\t\t\t\t<div class=\"elementor-element elementor-element-15ee118 elementor-widget elementor-widget-text-editor\" data-id=\"15ee118\" data-element_type=\"widget\" data-e-type=\"widget\" data-widget_type=\"text-editor.default\">\n\t\t\t\t<div class=\"elementor-widget-container\">\n\t\t\t\t\t\t\t\t\t<p><strong>Et ce n\u2019est pas tout !\u00a0Pour votre premier achat, b\u00e9n\u00e9ficiez d\u2019une r\u00e9duction exceptionnelle de 30% !\u00a0<\/strong><\/p><p><strong>Une occasion en or pour d\u00e9marrer votre parcours d\u2019apprentissage dans l\u2019\u00e9dition musicale.<\/strong><\/p><p>\u00a0<\/p>\t\t\t\t\t\t\t\t<\/div>\n\t\t\t\t<\/div>\n\t\t\t\t<div class=\"elementor-element elementor-element-0eeef4f elementor-widget elementor-widget-text-editor\" data-id=\"0eeef4f\" data-element_type=\"widget\" data-e-type=\"widget\" data-widget_type=\"text-editor.default\">\n\t\t\t\t<div class=\"elementor-widget-container\">\n\t\t\t\t\t\t\t\t\t<p>\ud83c\udfbc Que vous soyez un artiste en herbe ou un professionnel aguerri, nos formations vous offrent une opportunit\u00e9 unique de booster vos comp\u00e9tences et faire grandir votre carri\u00e8re musicale.<\/p><p>N\u2019attendez plus ! D\u00e9veloppez vos talents, explorez votre passion et faites de la musique votre m\u00e9tier. Rejoignez notre communaut\u00e9 d\u2019apprenants et d\u2019experts passionn\u00e9s et engagez-vous dans une aventure musicale extraordinaire.<\/p>\t\t\t\t\t\t\t\t<\/div>\n\t\t\t\t<\/div>\n\t\t\t\t<div class=\"elementor-element elementor-element-7ff79b8 elementor-align-center elementor-widget elementor-widget-button\" data-id=\"7ff79b8\" data-element_type=\"widget\" data-e-type=\"widget\" data-widget_type=\"button.default\">\n\t\t\t\t<div class=\"elementor-widget-container\">\n\t\t\t\t\t\t\t\t\t<div class=\"elementor-button-wrapper\">\n\t\t\t\t\t<a class=\"elementor-button elementor-button-link elementor-size-lg\" href=\"#\">\n\t\t\t\t\t\t<span class=\"elementor-button-content-wrapper\">\n\t\t\t\t\t\t\t\t\t<span class=\"elementor-button-text\">Formez-vous d\u00e8s aujourd'hui ! <\/span>\n\t\t\t\t\t<\/span>\n\t\t\t\t\t<\/a>\n\t\t\t\t<\/div>\n\t\t\t\t\t\t\t\t<\/div>\n\t\t\t\t<\/div>\n\t\t\t\t\t<\/div>\n\t\t<\/div>\n\t\t\t\t\t<\/div>\n\t\t<\/section>\n\t\t\t\t<\/div>\n\t\t","protected":false},"excerpt":{"rendered":"<p>Comme on l\u2019a vu pr\u00e9c\u00e9demment dans notre article de blog, \u201cComment devenir \u00e9diteur de musique ? Les proc\u00e9dures juridiques\u201d, l\u2019\u00e9diteur qui g\u00e8re et l\u2019exploitation commerciale et les droits d&rsquo;auteur des [&hellip;]<\/p>\n","protected":false},"author":1,"featured_media":4407,"comment_status":"open","ping_status":"open","sticky":false,"template":"","format":"standard","meta":{"footnotes":""},"categories":[21,24,20,1],"tags":[],"class_list":["post-4393","post","type-post","status-publish","format-standard","has-post-thumbnail","hentry","category-edition-musicale","category-environnement-professionnel","category-metier","category-non-classe"],"yoast_head":"<!-- This site is optimized with the Yoast SEO plugin v26.6 - https:\/\/yoast.com\/wordpress\/plugins\/seo\/ -->\n<title>Comment devenir \u00e9diteur ? Les proc\u00e9dures administratives<\/title>\n<meta name=\"description\" content=\"Comment devenir \u00e9diteur de musique ? Les \u00e9tapes cl\u00e9s pour cr\u00e9er sa structure d\u2019\u00e9dition musicale ! (Partie 2\/3 : l&#039;administratif)\" \/>\n<meta name=\"robots\" content=\"index, follow, max-snippet:-1, max-image-preview:large, max-video-preview:-1\" \/>\n<link rel=\"canonical\" href=\"https:\/\/eifeil.com\/index.php\/2023\/08\/29\/comment-devenir-editeur-de-musique-les-procedures-administratives\/\" \/>\n<meta property=\"og:locale\" content=\"fr_FR\" \/>\n<meta property=\"og:type\" content=\"article\" \/>\n<meta property=\"og:title\" content=\"Comment devenir \u00e9diteur ? Les proc\u00e9dures administratives\" \/>\n<meta property=\"og:description\" content=\"Comment devenir \u00e9diteur de musique ? Les \u00e9tapes cl\u00e9s pour cr\u00e9er sa structure d\u2019\u00e9dition musicale ! (Partie 2\/3 : l&#039;administratif)\" \/>\n<meta property=\"og:url\" content=\"https:\/\/eifeil.com\/index.php\/2023\/08\/29\/comment-devenir-editeur-de-musique-les-procedures-administratives\/\" \/>\n<meta property=\"og:site_name\" content=\"EIFEIL\" \/>\n<meta property=\"article:published_time\" content=\"2023-08-29T14:36:44+00:00\" \/>\n<meta property=\"article:modified_time\" content=\"2024-01-04T14:54:04+00:00\" \/>\n<meta property=\"og:image\" content=\"https:\/\/eifeil.com\/wp-content\/uploads\/2023\/08\/banniere-fb-15.png\" \/>\n\t<meta property=\"og:image:width\" content=\"1640\" \/>\n\t<meta property=\"og:image:height\" content=\"924\" \/>\n\t<meta property=\"og:image:type\" content=\"image\/png\" \/>\n<meta name=\"author\" content=\"admin6173\" \/>\n<meta name=\"twitter:card\" content=\"summary_large_image\" \/>\n<meta name=\"twitter:label1\" content=\"\u00c9crit par\" \/>\n\t<meta name=\"twitter:data1\" content=\"admin6173\" \/>\n\t<meta name=\"twitter:label2\" content=\"Dur\u00e9e de lecture estim\u00e9e\" \/>\n\t<meta name=\"twitter:data2\" content=\"5 minutes\" \/>\n<script type=\"application\/ld+json\" class=\"yoast-schema-graph\">{\"@context\":\"https:\/\/schema.org\",\"@graph\":[{\"@type\":\"WebPage\",\"@id\":\"https:\/\/eifeil.com\/index.php\/2023\/08\/29\/comment-devenir-editeur-de-musique-les-procedures-administratives\/\",\"url\":\"https:\/\/eifeil.com\/index.php\/2023\/08\/29\/comment-devenir-editeur-de-musique-les-procedures-administratives\/\",\"name\":\"Comment devenir \u00e9diteur ? Les proc\u00e9dures administratives\",\"isPartOf\":{\"@id\":\"https:\/\/eifeil.com\/#website\"},\"primaryImageOfPage\":{\"@id\":\"https:\/\/eifeil.com\/index.php\/2023\/08\/29\/comment-devenir-editeur-de-musique-les-procedures-administratives\/#primaryimage\"},\"image\":{\"@id\":\"https:\/\/eifeil.com\/index.php\/2023\/08\/29\/comment-devenir-editeur-de-musique-les-procedures-administratives\/#primaryimage\"},\"thumbnailUrl\":\"https:\/\/eifeil.com\/wp-content\/uploads\/2023\/08\/banniere-fb-15.png\",\"datePublished\":\"2023-08-29T14:36:44+00:00\",\"dateModified\":\"2024-01-04T14:54:04+00:00\",\"author\":{\"@id\":\"https:\/\/eifeil.com\/#\/schema\/person\/d3398e3af494abb571fb142b5ef074d2\"},\"description\":\"Comment devenir \u00e9diteur de musique ? Les \u00e9tapes cl\u00e9s pour cr\u00e9er sa structure d\u2019\u00e9dition musicale ! (Partie 2\/3 : l'administratif)\",\"breadcrumb\":{\"@id\":\"https:\/\/eifeil.com\/index.php\/2023\/08\/29\/comment-devenir-editeur-de-musique-les-procedures-administratives\/#breadcrumb\"},\"inLanguage\":\"fr-FR\",\"potentialAction\":[{\"@type\":\"ReadAction\",\"target\":[\"https:\/\/eifeil.com\/index.php\/2023\/08\/29\/comment-devenir-editeur-de-musique-les-procedures-administratives\/\"]}]},{\"@type\":\"ImageObject\",\"inLanguage\":\"fr-FR\",\"@id\":\"https:\/\/eifeil.com\/index.php\/2023\/08\/29\/comment-devenir-editeur-de-musique-les-procedures-administratives\/#primaryimage\",\"url\":\"https:\/\/eifeil.com\/wp-content\/uploads\/2023\/08\/banniere-fb-15.png\",\"contentUrl\":\"https:\/\/eifeil.com\/wp-content\/uploads\/2023\/08\/banniere-fb-15.png\",\"width\":1640,\"height\":924,\"caption\":\"Devenir \u00e9diteur de musique : l'administratif\"},{\"@type\":\"BreadcrumbList\",\"@id\":\"https:\/\/eifeil.com\/index.php\/2023\/08\/29\/comment-devenir-editeur-de-musique-les-procedures-administratives\/#breadcrumb\",\"itemListElement\":[{\"@type\":\"ListItem\",\"position\":1,\"name\":\"Accueil\",\"item\":\"https:\/\/eifeil.com\/\"},{\"@type\":\"ListItem\",\"position\":2,\"name\":\"Comment devenir \u00e9diteur de musique ? Les \u00e9tapes cl\u00e9s pour cr\u00e9er sa structure d\u2019\u00e9dition musicale ! (Partie 2\/3 : l&rsquo;administratif)\"}]},{\"@type\":\"WebSite\",\"@id\":\"https:\/\/eifeil.com\/#website\",\"url\":\"https:\/\/eifeil.com\/\",\"name\":\"EIFEIL\",\"description\":\"\u00c9diteurs Ind\u00e9pendants F\u00e9d\u00e9r\u00e9s en France\",\"potentialAction\":[{\"@type\":\"SearchAction\",\"target\":{\"@type\":\"EntryPoint\",\"urlTemplate\":\"https:\/\/eifeil.com\/?s={search_term_string}\"},\"query-input\":{\"@type\":\"PropertyValueSpecification\",\"valueRequired\":true,\"valueName\":\"search_term_string\"}}],\"inLanguage\":\"fr-FR\"},{\"@type\":\"Person\",\"@id\":\"https:\/\/eifeil.com\/#\/schema\/person\/d3398e3af494abb571fb142b5ef074d2\",\"name\":\"admin6173\",\"image\":{\"@type\":\"ImageObject\",\"inLanguage\":\"fr-FR\",\"@id\":\"https:\/\/eifeil.com\/#\/schema\/person\/image\/\",\"url\":\"https:\/\/secure.gravatar.com\/avatar\/af326bdf008db93c146414fceef6a0c32555518597f72f45b2400acfce1c7224?s=96&d=mm&r=g\",\"contentUrl\":\"https:\/\/secure.gravatar.com\/avatar\/af326bdf008db93c146414fceef6a0c32555518597f72f45b2400acfce1c7224?s=96&d=mm&r=g\",\"caption\":\"admin6173\"},\"sameAs\":[\"http:\/\/eifeil.com\/di13089-ovh\"],\"url\":\"https:\/\/eifeil.com\/index.php\/author\/admin6173\/\"}]}<\/script>\n<!-- \/ Yoast SEO plugin. -->","yoast_head_json":{"title":"Comment devenir \u00e9diteur ? Les proc\u00e9dures administratives","description":"Comment devenir \u00e9diteur de musique ? Les \u00e9tapes cl\u00e9s pour cr\u00e9er sa structure d\u2019\u00e9dition musicale ! (Partie 2\/3 : l'administratif)","robots":{"index":"index","follow":"follow","max-snippet":"max-snippet:-1","max-image-preview":"max-image-preview:large","max-video-preview":"max-video-preview:-1"},"canonical":"https:\/\/eifeil.com\/index.php\/2023\/08\/29\/comment-devenir-editeur-de-musique-les-procedures-administratives\/","og_locale":"fr_FR","og_type":"article","og_title":"Comment devenir \u00e9diteur ? Les proc\u00e9dures administratives","og_description":"Comment devenir \u00e9diteur de musique ? Les \u00e9tapes cl\u00e9s pour cr\u00e9er sa structure d\u2019\u00e9dition musicale ! (Partie 2\/3 : l'administratif)","og_url":"https:\/\/eifeil.com\/index.php\/2023\/08\/29\/comment-devenir-editeur-de-musique-les-procedures-administratives\/","og_site_name":"EIFEIL","article_published_time":"2023-08-29T14:36:44+00:00","article_modified_time":"2024-01-04T14:54:04+00:00","og_image":[{"width":1640,"height":924,"url":"https:\/\/eifeil.com\/wp-content\/uploads\/2023\/08\/banniere-fb-15.png","type":"image\/png"}],"author":"admin6173","twitter_card":"summary_large_image","twitter_misc":{"\u00c9crit par":"admin6173","Dur\u00e9e de lecture estim\u00e9e":"5 minutes"},"schema":{"@context":"https:\/\/schema.org","@graph":[{"@type":"WebPage","@id":"https:\/\/eifeil.com\/index.php\/2023\/08\/29\/comment-devenir-editeur-de-musique-les-procedures-administratives\/","url":"https:\/\/eifeil.com\/index.php\/2023\/08\/29\/comment-devenir-editeur-de-musique-les-procedures-administratives\/","name":"Comment devenir \u00e9diteur ? Les proc\u00e9dures administratives","isPartOf":{"@id":"https:\/\/eifeil.com\/#website"},"primaryImageOfPage":{"@id":"https:\/\/eifeil.com\/index.php\/2023\/08\/29\/comment-devenir-editeur-de-musique-les-procedures-administratives\/#primaryimage"},"image":{"@id":"https:\/\/eifeil.com\/index.php\/2023\/08\/29\/comment-devenir-editeur-de-musique-les-procedures-administratives\/#primaryimage"},"thumbnailUrl":"https:\/\/eifeil.com\/wp-content\/uploads\/2023\/08\/banniere-fb-15.png","datePublished":"2023-08-29T14:36:44+00:00","dateModified":"2024-01-04T14:54:04+00:00","author":{"@id":"https:\/\/eifeil.com\/#\/schema\/person\/d3398e3af494abb571fb142b5ef074d2"},"description":"Comment devenir \u00e9diteur de musique ? Les \u00e9tapes cl\u00e9s pour cr\u00e9er sa structure d\u2019\u00e9dition musicale ! (Partie 2\/3 : l'administratif)","breadcrumb":{"@id":"https:\/\/eifeil.com\/index.php\/2023\/08\/29\/comment-devenir-editeur-de-musique-les-procedures-administratives\/#breadcrumb"},"inLanguage":"fr-FR","potentialAction":[{"@type":"ReadAction","target":["https:\/\/eifeil.com\/index.php\/2023\/08\/29\/comment-devenir-editeur-de-musique-les-procedures-administratives\/"]}]},{"@type":"ImageObject","inLanguage":"fr-FR","@id":"https:\/\/eifeil.com\/index.php\/2023\/08\/29\/comment-devenir-editeur-de-musique-les-procedures-administratives\/#primaryimage","url":"https:\/\/eifeil.com\/wp-content\/uploads\/2023\/08\/banniere-fb-15.png","contentUrl":"https:\/\/eifeil.com\/wp-content\/uploads\/2023\/08\/banniere-fb-15.png","width":1640,"height":924,"caption":"Devenir \u00e9diteur de musique : l'administratif"},{"@type":"BreadcrumbList","@id":"https:\/\/eifeil.com\/index.php\/2023\/08\/29\/comment-devenir-editeur-de-musique-les-procedures-administratives\/#breadcrumb","itemListElement":[{"@type":"ListItem","position":1,"name":"Accueil","item":"https:\/\/eifeil.com\/"},{"@type":"ListItem","position":2,"name":"Comment devenir \u00e9diteur de musique ? Les \u00e9tapes cl\u00e9s pour cr\u00e9er sa structure d\u2019\u00e9dition musicale ! (Partie 2\/3 : l&rsquo;administratif)"}]},{"@type":"WebSite","@id":"https:\/\/eifeil.com\/#website","url":"https:\/\/eifeil.com\/","name":"EIFEIL","description":"\u00c9diteurs Ind\u00e9pendants F\u00e9d\u00e9r\u00e9s en France","potentialAction":[{"@type":"SearchAction","target":{"@type":"EntryPoint","urlTemplate":"https:\/\/eifeil.com\/?s={search_term_string}"},"query-input":{"@type":"PropertyValueSpecification","valueRequired":true,"valueName":"search_term_string"}}],"inLanguage":"fr-FR"},{"@type":"Person","@id":"https:\/\/eifeil.com\/#\/schema\/person\/d3398e3af494abb571fb142b5ef074d2","name":"admin6173","image":{"@type":"ImageObject","inLanguage":"fr-FR","@id":"https:\/\/eifeil.com\/#\/schema\/person\/image\/","url":"https:\/\/secure.gravatar.com\/avatar\/af326bdf008db93c146414fceef6a0c32555518597f72f45b2400acfce1c7224?s=96&d=mm&r=g","contentUrl":"https:\/\/secure.gravatar.com\/avatar\/af326bdf008db93c146414fceef6a0c32555518597f72f45b2400acfce1c7224?s=96&d=mm&r=g","caption":"admin6173"},"sameAs":["http:\/\/eifeil.com\/di13089-ovh"],"url":"https:\/\/eifeil.com\/index.php\/author\/admin6173\/"}]}},"_links":{"self":[{"href":"https:\/\/eifeil.com\/index.php\/wp-json\/wp\/v2\/posts\/4393","targetHints":{"allow":["GET"]}}],"collection":[{"href":"https:\/\/eifeil.com\/index.php\/wp-json\/wp\/v2\/posts"}],"about":[{"href":"https:\/\/eifeil.com\/index.php\/wp-json\/wp\/v2\/types\/post"}],"author":[{"embeddable":true,"href":"https:\/\/eifeil.com\/index.php\/wp-json\/wp\/v2\/users\/1"}],"replies":[{"embeddable":true,"href":"https:\/\/eifeil.com\/index.php\/wp-json\/wp\/v2\/comments?post=4393"}],"version-history":[{"count":38,"href":"https:\/\/eifeil.com\/index.php\/wp-json\/wp\/v2\/posts\/4393\/revisions"}],"predecessor-version":[{"id":5126,"href":"https:\/\/eifeil.com\/index.php\/wp-json\/wp\/v2\/posts\/4393\/revisions\/5126"}],"wp:featuredmedia":[{"embeddable":true,"href":"https:\/\/eifeil.com\/index.php\/wp-json\/wp\/v2\/media\/4407"}],"wp:attachment":[{"href":"https:\/\/eifeil.com\/index.php\/wp-json\/wp\/v2\/media?parent=4393"}],"wp:term":[{"taxonomy":"category","embeddable":true,"href":"https:\/\/eifeil.com\/index.php\/wp-json\/wp\/v2\/categories?post=4393"},{"taxonomy":"post_tag","embeddable":true,"href":"https:\/\/eifeil.com\/index.php\/wp-json\/wp\/v2\/tags?post=4393"}],"curies":[{"name":"wp","href":"https:\/\/api.w.org\/{rel}","templated":true}]}}