{"id":4439,"date":"2023-09-12T13:25:18","date_gmt":"2023-09-12T11:25:18","guid":{"rendered":"https:\/\/eifeil.com\/?p=4439"},"modified":"2023-10-24T17:42:59","modified_gmt":"2023-10-24T15:42:59","slug":"comment-devenir-editeur-de-musique-les-etapes-cles-pour-creer-sa-structure-dedition-musicale-partie-3-3-lartistique","status":"publish","type":"post","link":"https:\/\/eifeil.com\/index.php\/2023\/09\/12\/comment-devenir-editeur-de-musique-les-etapes-cles-pour-creer-sa-structure-dedition-musicale-partie-3-3-lartistique\/","title":{"rendered":"Comment devenir \u00e9diteur de musique ? Les \u00e9tapes cl\u00e9s pour cr\u00e9er sa structure d\u2019\u00e9dition musicale ! (partie 3\/3 : l&rsquo;artistique)"},"content":{"rendered":"\t\t<div data-elementor-type=\"wp-post\" data-elementor-id=\"4439\" class=\"elementor elementor-4439\">\n\t\t\t\t\t\t<section class=\"elementor-section elementor-top-section elementor-element elementor-element-211fe35 elementor-section-boxed elementor-section-height-default elementor-section-height-default\" data-id=\"211fe35\" data-element_type=\"section\" data-e-type=\"section\">\n\t\t\t\t\t\t<div class=\"elementor-container elementor-column-gap-default\">\n\t\t\t\t\t<div class=\"elementor-column elementor-col-100 elementor-top-column elementor-element elementor-element-873885f\" data-id=\"873885f\" data-element_type=\"column\" data-e-type=\"column\">\n\t\t\t<div class=\"elementor-widget-wrap elementor-element-populated\">\n\t\t\t\t\t\t<div class=\"elementor-element elementor-element-763c0c6 elementor-widget elementor-widget-spacer\" data-id=\"763c0c6\" data-element_type=\"widget\" data-e-type=\"widget\" data-widget_type=\"spacer.default\">\n\t\t\t\t<div class=\"elementor-widget-container\">\n\t\t\t\t\t\t\t<div class=\"elementor-spacer\">\n\t\t\t<div class=\"elementor-spacer-inner\"><\/div>\n\t\t<\/div>\n\t\t\t\t\t\t<\/div>\n\t\t\t\t<\/div>\n\t\t\t\t<div class=\"elementor-element elementor-element-440dac1 elementor-widget elementor-widget-text-editor\" data-id=\"440dac1\" data-element_type=\"widget\" data-e-type=\"widget\" data-widget_type=\"text-editor.default\">\n\t\t\t\t<div class=\"elementor-widget-container\">\n\t\t\t\t\t\t\t\t\t<p><span style=\"font-weight: 400;\">Le dernier axe majeur du m\u00e9tier d\u2019\u00e9diteur de musique est un axe artistique. En plus de ses casquettes de gestionnaire administratif et juridique, l\u2019\u00e9diteur peut apporter une vraie expertise artistique \u00e0 ses auteurs et compositeurs ! <\/span><\/p>\t\t\t\t\t\t\t\t<\/div>\n\t\t\t\t<\/div>\n\t\t\t\t<div class=\"elementor-element elementor-element-a253e81 elementor-widget elementor-widget-heading\" data-id=\"a253e81\" data-element_type=\"widget\" data-e-type=\"widget\" data-widget_type=\"heading.default\">\n\t\t\t\t<div class=\"elementor-widget-container\">\n\t\t\t\t\t<h2 class=\"elementor-heading-title elementor-size-default\">Partie 3\/3 : L'artistique<\/h2>\t\t\t\t<\/div>\n\t\t\t\t<\/div>\n\t\t\t\t<div class=\"elementor-element elementor-element-0a05584 elementor-widget elementor-widget-spacer\" data-id=\"0a05584\" data-element_type=\"widget\" data-e-type=\"widget\" data-widget_type=\"spacer.default\">\n\t\t\t\t<div class=\"elementor-widget-container\">\n\t\t\t\t\t\t\t<div class=\"elementor-spacer\">\n\t\t\t<div class=\"elementor-spacer-inner\"><\/div>\n\t\t<\/div>\n\t\t\t\t\t\t<\/div>\n\t\t\t\t<\/div>\n\t\t\t\t<div class=\"elementor-element elementor-element-962bff7 elementor-widget elementor-widget-text-editor\" data-id=\"962bff7\" data-element_type=\"widget\" data-e-type=\"widget\" data-widget_type=\"text-editor.default\">\n\t\t\t\t<div class=\"elementor-widget-container\">\n\t\t\t\t\t\t\t\t\t<p>Les missions d&rsquo;accompagnement artistique de l\u2019\u00e9diteur de musique :<\/p>\t\t\t\t\t\t\t\t<\/div>\n\t\t\t\t<\/div>\n\t\t\t\t<div class=\"elementor-element elementor-element-33a40d3 elementor-widget elementor-widget-toggle\" data-id=\"33a40d3\" data-element_type=\"widget\" data-e-type=\"widget\" data-widget_type=\"toggle.default\">\n\t\t\t\t<div class=\"elementor-widget-container\">\n\t\t\t\t\t\t\t<div class=\"elementor-toggle\">\n\t\t\t\t\t\t\t<div class=\"elementor-toggle-item\">\n\t\t\t\t\t<div id=\"elementor-tab-title-5411\" class=\"elementor-tab-title\" data-tab=\"1\" role=\"button\" aria-controls=\"elementor-tab-content-5411\" aria-expanded=\"false\">\n\t\t\t\t\t\t\t\t\t\t\t\t<span class=\"elementor-toggle-icon elementor-toggle-icon-left\" aria-hidden=\"true\">\n\t\t\t\t\t\t\t\t\t\t\t\t\t\t\t<span class=\"elementor-toggle-icon-closed\"><i class=\"fas fa-caret-right\"><\/i><\/span>\n\t\t\t\t\t\t\t\t<span class=\"elementor-toggle-icon-opened\"><i class=\"elementor-toggle-icon-opened fas fa-caret-up\"><\/i><\/span>\n\t\t\t\t\t\t\t\t\t\t\t\t\t<\/span>\n\t\t\t\t\t\t\t\t\t\t\t\t<a class=\"elementor-toggle-title\" tabindex=\"0\">La recherche de talents<\/a>\n\t\t\t\t\t<\/div>\n\n\t\t\t\t\t<div id=\"elementor-tab-content-5411\" class=\"elementor-tab-content elementor-clearfix\" data-tab=\"1\" role=\"region\" aria-labelledby=\"elementor-tab-title-5411\"><p style=\"text-align: left;\"><span style=\"font-weight: 400;\">L&rsquo;\u00e9diteur de musique est une v\u00e9ritable sentinelle du talent. Son quotidien l&rsquo;am\u00e8ne \u00e0 explorer des sc\u00e8nes de concerts, \u00e0 arpenter les festivals, \u00e0 analyser des d\u00e9mos et \u00e0 parcourir les plateformes num\u00e9riques. Son objectif : d\u00e9nicher la prochaine grande r\u00e9v\u00e9lation musicale qui marquera son \u00e9poque.<\/span><\/p><\/div>\n\t\t\t\t<\/div>\n\t\t\t\t\t\t\t<div class=\"elementor-toggle-item\">\n\t\t\t\t\t<div id=\"elementor-tab-title-5412\" class=\"elementor-tab-title\" data-tab=\"2\" role=\"button\" aria-controls=\"elementor-tab-content-5412\" aria-expanded=\"false\">\n\t\t\t\t\t\t\t\t\t\t\t\t<span class=\"elementor-toggle-icon elementor-toggle-icon-left\" aria-hidden=\"true\">\n\t\t\t\t\t\t\t\t\t\t\t\t\t\t\t<span class=\"elementor-toggle-icon-closed\"><i class=\"fas fa-caret-right\"><\/i><\/span>\n\t\t\t\t\t\t\t\t<span class=\"elementor-toggle-icon-opened\"><i class=\"elementor-toggle-icon-opened fas fa-caret-up\"><\/i><\/span>\n\t\t\t\t\t\t\t\t\t\t\t\t\t<\/span>\n\t\t\t\t\t\t\t\t\t\t\t\t<a class=\"elementor-toggle-title\" tabindex=\"0\">L'accompagnement artistique<\/a>\n\t\t\t\t\t<\/div>\n\n\t\t\t\t\t<div id=\"elementor-tab-content-5412\" class=\"elementor-tab-content elementor-clearfix\" data-tab=\"2\" role=\"region\" aria-labelledby=\"elementor-tab-title-5412\"><p><span style=\"font-weight: 400;\">Lorsqu&rsquo;un artiste signe avec un \u00e9diteur, celui-ci devient bien plus qu&rsquo;un simple partenaire commercial. Il se mue en v\u00e9ritable mentor artistique, impliqu\u00e9 dans chaque \u00e9tape du d\u00e9veloppement cr\u00e9atif. Ceci peut englober des sessions de brainstorming avec d&rsquo;autres auteurs-compositeurs, des collaborations cibl\u00e9es avec des producteurs influents, et une guidance strat\u00e9gique pour affiner et consolider l&rsquo;identit\u00e9 artistique unique de l&rsquo;artiste.<\/span><\/p><\/div>\n\t\t\t\t<\/div>\n\t\t\t\t\t\t\t<div class=\"elementor-toggle-item\">\n\t\t\t\t\t<div id=\"elementor-tab-title-5413\" class=\"elementor-tab-title\" data-tab=\"3\" role=\"button\" aria-controls=\"elementor-tab-content-5413\" aria-expanded=\"false\">\n\t\t\t\t\t\t\t\t\t\t\t\t<span class=\"elementor-toggle-icon elementor-toggle-icon-left\" aria-hidden=\"true\">\n\t\t\t\t\t\t\t\t\t\t\t\t\t\t\t<span class=\"elementor-toggle-icon-closed\"><i class=\"fas fa-caret-right\"><\/i><\/span>\n\t\t\t\t\t\t\t\t<span class=\"elementor-toggle-icon-opened\"><i class=\"elementor-toggle-icon-opened fas fa-caret-up\"><\/i><\/span>\n\t\t\t\t\t\t\t\t\t\t\t\t\t<\/span>\n\t\t\t\t\t\t\t\t\t\t\t\t<a class=\"elementor-toggle-title\" tabindex=\"0\">La gestion de projet<\/a>\n\t\t\t\t\t<\/div>\n\n\t\t\t\t\t<div id=\"elementor-tab-content-5413\" class=\"elementor-tab-content elementor-clearfix\" data-tab=\"3\" role=\"region\" aria-labelledby=\"elementor-tab-title-5413\"><p><span style=\"font-weight: 400;\">Au-del\u00e0 de la cr\u00e9ativit\u00e9, l&rsquo;\u00e9diteur endosse le r\u00f4le de gestionnaire de projet m\u00e9ticuleux pour les enregistrements et les sorties musicales. Ce r\u00f4le englobe tout, depuis la supervision des \u00e9tapes d&rsquo;enregistrement, de mixage et de mastering jusqu&rsquo;\u00e0 la coordination avec d&rsquo;autres acteurs cl\u00e9s de l&rsquo;industrie, tels que les labels et les distributeurs.<\/span><\/p><\/div>\n\t\t\t\t<\/div>\n\t\t\t\t\t\t\t<div class=\"elementor-toggle-item\">\n\t\t\t\t\t<div id=\"elementor-tab-title-5414\" class=\"elementor-tab-title\" data-tab=\"4\" role=\"button\" aria-controls=\"elementor-tab-content-5414\" aria-expanded=\"false\">\n\t\t\t\t\t\t\t\t\t\t\t\t<span class=\"elementor-toggle-icon elementor-toggle-icon-left\" aria-hidden=\"true\">\n\t\t\t\t\t\t\t\t\t\t\t\t\t\t\t<span class=\"elementor-toggle-icon-closed\"><i class=\"fas fa-caret-right\"><\/i><\/span>\n\t\t\t\t\t\t\t\t<span class=\"elementor-toggle-icon-opened\"><i class=\"elementor-toggle-icon-opened fas fa-caret-up\"><\/i><\/span>\n\t\t\t\t\t\t\t\t\t\t\t\t\t<\/span>\n\t\t\t\t\t\t\t\t\t\t\t\t<a class=\"elementor-toggle-title\" tabindex=\"0\">La promotion et marketing <\/a>\n\t\t\t\t\t<\/div>\n\n\t\t\t\t\t<div id=\"elementor-tab-content-5414\" class=\"elementor-tab-content elementor-clearfix\" data-tab=\"4\" role=\"region\" aria-labelledby=\"elementor-tab-title-5414\"><p><span style=\"font-weight: 400;\">L&rsquo;\u00e9diteur con\u00e7oit et d\u00e9ploie des campagnes promotionnelles innovantes, orchestre des tourn\u00e9es impactantes, et optimise la pr\u00e9sence m\u00e9diatique de l&rsquo;artiste \u00e0 travers les relations publiques et les plateformes digitales.<\/span><\/p><\/div>\n\t\t\t\t<\/div>\n\t\t\t\t\t\t\t<div class=\"elementor-toggle-item\">\n\t\t\t\t\t<div id=\"elementor-tab-title-5415\" class=\"elementor-tab-title\" data-tab=\"5\" role=\"button\" aria-controls=\"elementor-tab-content-5415\" aria-expanded=\"false\">\n\t\t\t\t\t\t\t\t\t\t\t\t<span class=\"elementor-toggle-icon elementor-toggle-icon-left\" aria-hidden=\"true\">\n\t\t\t\t\t\t\t\t\t\t\t\t\t\t\t<span class=\"elementor-toggle-icon-closed\"><i class=\"fas fa-caret-right\"><\/i><\/span>\n\t\t\t\t\t\t\t\t<span class=\"elementor-toggle-icon-opened\"><i class=\"elementor-toggle-icon-opened fas fa-caret-up\"><\/i><\/span>\n\t\t\t\t\t\t\t\t\t\t\t\t\t<\/span>\n\t\t\t\t\t\t\t\t\t\t\t\t<a class=\"elementor-toggle-title\" tabindex=\"0\">Le suivi des tendances musicales<\/a>\n\t\t\t\t\t<\/div>\n\n\t\t\t\t\t<div id=\"elementor-tab-content-5415\" class=\"elementor-tab-content elementor-clearfix\" data-tab=\"5\" role=\"region\" aria-labelledby=\"elementor-tab-title-5415\"><p><span style=\"font-weight: 400;\">Un \u00e9diteur efficace se tient continuellement \u00e0 la pointe des \u00e9volutions du secteur. De l&rsquo;\u00e9mergence de nouveaux genres aux changements dans les comportements de consommation et aux innovations technologiques, l&rsquo;\u00e9diteur analyse et adapte sa strat\u00e9gie pour que ses artistes puissent capitaliser sur les opportunit\u00e9s du march\u00e9 en temps r\u00e9el.<\/span><\/p><\/div>\n\t\t\t\t<\/div>\n\t\t\t\t\t\t\t\t<\/div>\n\t\t\t\t\t\t<\/div>\n\t\t\t\t<\/div>\n\t\t\t\t<div class=\"elementor-element elementor-element-73fb9a6 elementor-widget elementor-widget-spacer\" data-id=\"73fb9a6\" data-element_type=\"widget\" data-e-type=\"widget\" data-widget_type=\"spacer.default\">\n\t\t\t\t<div class=\"elementor-widget-container\">\n\t\t\t\t\t\t\t<div class=\"elementor-spacer\">\n\t\t\t<div class=\"elementor-spacer-inner\"><\/div>\n\t\t<\/div>\n\t\t\t\t\t\t<\/div>\n\t\t\t\t<\/div>\n\t\t\t\t<div class=\"elementor-element elementor-element-6ac9b49 elementor-widget elementor-widget-text-editor\" data-id=\"6ac9b49\" data-element_type=\"widget\" data-e-type=\"widget\" data-widget_type=\"text-editor.default\">\n\t\t\t\t<div class=\"elementor-widget-container\">\n\t\t\t\t\t\t\t\t\t<p><span style=\"font-weight: 400;\">En somme, l&rsquo;\u00e9diteur de musique est un catalyseur d&rsquo;innovation et de cr\u00e9ativit\u00e9. Son r\u00f4le artistique est inestimable dans le processus de d\u00e9couverte, de d\u00e9veloppement et de promotion des talents musicaux, veillant \u00e0 ce qu&rsquo;ils r\u00e9alisent pleinement leur potentiel tout en b\u00e2tissant une carri\u00e8re musicale solide et durable.<\/span><\/p><p><br \/><br \/><\/p>\t\t\t\t\t\t\t\t<\/div>\n\t\t\t\t<\/div>\n\t\t\t\t\t<\/div>\n\t\t<\/div>\n\t\t\t\t\t<\/div>\n\t\t<\/section>\n\t\t\t\t<\/div>\n\t\t","protected":false},"excerpt":{"rendered":"<p>Le dernier axe majeur du m\u00e9tier d\u2019\u00e9diteur de musique est un axe artistique. En plus de ses casquettes de gestionnaire administratif et juridique, l\u2019\u00e9diteur peut apporter une vraie expertise artistique [&hellip;]<\/p>\n","protected":false},"author":1,"featured_media":4466,"comment_status":"open","ping_status":"open","sticky":false,"template":"","format":"standard","meta":{"footnotes":""},"categories":[21,24,20],"tags":[],"class_list":["post-4439","post","type-post","status-publish","format-standard","has-post-thumbnail","hentry","category-edition-musicale","category-environnement-professionnel","category-metier"],"yoast_head":"<!-- This site is optimized with the Yoast SEO plugin v26.6 - https:\/\/yoast.com\/wordpress\/plugins\/seo\/ -->\n<title>Devenir \u00e9diteur de musique ? accompagnement artistique<\/title>\n<meta name=\"description\" content=\"Comment devenir \u00e9diteur de musique ? Les \u00e9tapes cl\u00e9s pour cr\u00e9er sa structure d\u2019\u00e9dition musicale ! L&#039;accompagnement artistique.\" \/>\n<meta name=\"robots\" content=\"index, follow, max-snippet:-1, max-image-preview:large, max-video-preview:-1\" \/>\n<link rel=\"canonical\" href=\"https:\/\/eifeil.com\/index.php\/2023\/09\/12\/comment-devenir-editeur-de-musique-les-etapes-cles-pour-creer-sa-structure-dedition-musicale-partie-3-3-lartistique\/\" \/>\n<meta property=\"og:locale\" content=\"fr_FR\" \/>\n<meta property=\"og:type\" content=\"article\" \/>\n<meta property=\"og:title\" content=\"Devenir \u00e9diteur de musique ? accompagnement artistique\" \/>\n<meta property=\"og:description\" content=\"Comment devenir \u00e9diteur de musique ? Les \u00e9tapes cl\u00e9s pour cr\u00e9er sa structure d\u2019\u00e9dition musicale ! L&#039;accompagnement artistique.\" \/>\n<meta property=\"og:url\" content=\"https:\/\/eifeil.com\/index.php\/2023\/09\/12\/comment-devenir-editeur-de-musique-les-etapes-cles-pour-creer-sa-structure-dedition-musicale-partie-3-3-lartistique\/\" \/>\n<meta property=\"og:site_name\" content=\"EIFEIL\" \/>\n<meta property=\"article:published_time\" content=\"2023-09-12T11:25:18+00:00\" \/>\n<meta property=\"article:modified_time\" content=\"2023-10-24T15:42:59+00:00\" \/>\n<meta property=\"og:image\" content=\"https:\/\/eifeil.com\/wp-content\/uploads\/2023\/09\/blog-1-1.png\" \/>\n\t<meta property=\"og:image:width\" content=\"1640\" \/>\n\t<meta property=\"og:image:height\" content=\"924\" \/>\n\t<meta property=\"og:image:type\" content=\"image\/png\" \/>\n<meta name=\"author\" content=\"admin6173\" \/>\n<meta name=\"twitter:card\" content=\"summary_large_image\" \/>\n<meta name=\"twitter:label1\" content=\"\u00c9crit par\" \/>\n\t<meta name=\"twitter:data1\" content=\"admin6173\" \/>\n\t<meta name=\"twitter:label2\" content=\"Dur\u00e9e de lecture estim\u00e9e\" \/>\n\t<meta name=\"twitter:data2\" content=\"2 minutes\" \/>\n<script type=\"application\/ld+json\" class=\"yoast-schema-graph\">{\"@context\":\"https:\/\/schema.org\",\"@graph\":[{\"@type\":\"WebPage\",\"@id\":\"https:\/\/eifeil.com\/index.php\/2023\/09\/12\/comment-devenir-editeur-de-musique-les-etapes-cles-pour-creer-sa-structure-dedition-musicale-partie-3-3-lartistique\/\",\"url\":\"https:\/\/eifeil.com\/index.php\/2023\/09\/12\/comment-devenir-editeur-de-musique-les-etapes-cles-pour-creer-sa-structure-dedition-musicale-partie-3-3-lartistique\/\",\"name\":\"Devenir \u00e9diteur de musique ? accompagnement artistique\",\"isPartOf\":{\"@id\":\"https:\/\/eifeil.com\/#website\"},\"primaryImageOfPage\":{\"@id\":\"https:\/\/eifeil.com\/index.php\/2023\/09\/12\/comment-devenir-editeur-de-musique-les-etapes-cles-pour-creer-sa-structure-dedition-musicale-partie-3-3-lartistique\/#primaryimage\"},\"image\":{\"@id\":\"https:\/\/eifeil.com\/index.php\/2023\/09\/12\/comment-devenir-editeur-de-musique-les-etapes-cles-pour-creer-sa-structure-dedition-musicale-partie-3-3-lartistique\/#primaryimage\"},\"thumbnailUrl\":\"https:\/\/eifeil.com\/wp-content\/uploads\/2023\/09\/blog-1-1.png\",\"datePublished\":\"2023-09-12T11:25:18+00:00\",\"dateModified\":\"2023-10-24T15:42:59+00:00\",\"author\":{\"@id\":\"https:\/\/eifeil.com\/#\/schema\/person\/d3398e3af494abb571fb142b5ef074d2\"},\"description\":\"Comment devenir \u00e9diteur de musique ? Les \u00e9tapes cl\u00e9s pour cr\u00e9er sa structure d\u2019\u00e9dition musicale ! L'accompagnement artistique.\",\"breadcrumb\":{\"@id\":\"https:\/\/eifeil.com\/index.php\/2023\/09\/12\/comment-devenir-editeur-de-musique-les-etapes-cles-pour-creer-sa-structure-dedition-musicale-partie-3-3-lartistique\/#breadcrumb\"},\"inLanguage\":\"fr-FR\",\"potentialAction\":[{\"@type\":\"ReadAction\",\"target\":[\"https:\/\/eifeil.com\/index.php\/2023\/09\/12\/comment-devenir-editeur-de-musique-les-etapes-cles-pour-creer-sa-structure-dedition-musicale-partie-3-3-lartistique\/\"]}]},{\"@type\":\"ImageObject\",\"inLanguage\":\"fr-FR\",\"@id\":\"https:\/\/eifeil.com\/index.php\/2023\/09\/12\/comment-devenir-editeur-de-musique-les-etapes-cles-pour-creer-sa-structure-dedition-musicale-partie-3-3-lartistique\/#primaryimage\",\"url\":\"https:\/\/eifeil.com\/wp-content\/uploads\/2023\/09\/blog-1-1.png\",\"contentUrl\":\"https:\/\/eifeil.com\/wp-content\/uploads\/2023\/09\/blog-1-1.png\",\"width\":1640,\"height\":924,\"caption\":\"devenir \u00e9diteur de musique l'administratif\"},{\"@type\":\"BreadcrumbList\",\"@id\":\"https:\/\/eifeil.com\/index.php\/2023\/09\/12\/comment-devenir-editeur-de-musique-les-etapes-cles-pour-creer-sa-structure-dedition-musicale-partie-3-3-lartistique\/#breadcrumb\",\"itemListElement\":[{\"@type\":\"ListItem\",\"position\":1,\"name\":\"Accueil\",\"item\":\"https:\/\/eifeil.com\/\"},{\"@type\":\"ListItem\",\"position\":2,\"name\":\"Comment devenir \u00e9diteur de musique ? Les \u00e9tapes cl\u00e9s pour cr\u00e9er sa structure d\u2019\u00e9dition musicale ! (partie 3\/3 : l&rsquo;artistique)\"}]},{\"@type\":\"WebSite\",\"@id\":\"https:\/\/eifeil.com\/#website\",\"url\":\"https:\/\/eifeil.com\/\",\"name\":\"EIFEIL\",\"description\":\"\u00c9diteurs Ind\u00e9pendants F\u00e9d\u00e9r\u00e9s en France\",\"potentialAction\":[{\"@type\":\"SearchAction\",\"target\":{\"@type\":\"EntryPoint\",\"urlTemplate\":\"https:\/\/eifeil.com\/?s={search_term_string}\"},\"query-input\":{\"@type\":\"PropertyValueSpecification\",\"valueRequired\":true,\"valueName\":\"search_term_string\"}}],\"inLanguage\":\"fr-FR\"},{\"@type\":\"Person\",\"@id\":\"https:\/\/eifeil.com\/#\/schema\/person\/d3398e3af494abb571fb142b5ef074d2\",\"name\":\"admin6173\",\"image\":{\"@type\":\"ImageObject\",\"inLanguage\":\"fr-FR\",\"@id\":\"https:\/\/eifeil.com\/#\/schema\/person\/image\/\",\"url\":\"https:\/\/secure.gravatar.com\/avatar\/af326bdf008db93c146414fceef6a0c32555518597f72f45b2400acfce1c7224?s=96&d=mm&r=g\",\"contentUrl\":\"https:\/\/secure.gravatar.com\/avatar\/af326bdf008db93c146414fceef6a0c32555518597f72f45b2400acfce1c7224?s=96&d=mm&r=g\",\"caption\":\"admin6173\"},\"sameAs\":[\"http:\/\/eifeil.com\/di13089-ovh\"],\"url\":\"https:\/\/eifeil.com\/index.php\/author\/admin6173\/\"}]}<\/script>\n<!-- \/ Yoast SEO plugin. -->","yoast_head_json":{"title":"Devenir \u00e9diteur de musique ? accompagnement artistique","description":"Comment devenir \u00e9diteur de musique ? Les \u00e9tapes cl\u00e9s pour cr\u00e9er sa structure d\u2019\u00e9dition musicale ! L'accompagnement artistique.","robots":{"index":"index","follow":"follow","max-snippet":"max-snippet:-1","max-image-preview":"max-image-preview:large","max-video-preview":"max-video-preview:-1"},"canonical":"https:\/\/eifeil.com\/index.php\/2023\/09\/12\/comment-devenir-editeur-de-musique-les-etapes-cles-pour-creer-sa-structure-dedition-musicale-partie-3-3-lartistique\/","og_locale":"fr_FR","og_type":"article","og_title":"Devenir \u00e9diteur de musique ? accompagnement artistique","og_description":"Comment devenir \u00e9diteur de musique ? Les \u00e9tapes cl\u00e9s pour cr\u00e9er sa structure d\u2019\u00e9dition musicale ! L'accompagnement artistique.","og_url":"https:\/\/eifeil.com\/index.php\/2023\/09\/12\/comment-devenir-editeur-de-musique-les-etapes-cles-pour-creer-sa-structure-dedition-musicale-partie-3-3-lartistique\/","og_site_name":"EIFEIL","article_published_time":"2023-09-12T11:25:18+00:00","article_modified_time":"2023-10-24T15:42:59+00:00","og_image":[{"width":1640,"height":924,"url":"https:\/\/eifeil.com\/wp-content\/uploads\/2023\/09\/blog-1-1.png","type":"image\/png"}],"author":"admin6173","twitter_card":"summary_large_image","twitter_misc":{"\u00c9crit par":"admin6173","Dur\u00e9e de lecture estim\u00e9e":"2 minutes"},"schema":{"@context":"https:\/\/schema.org","@graph":[{"@type":"WebPage","@id":"https:\/\/eifeil.com\/index.php\/2023\/09\/12\/comment-devenir-editeur-de-musique-les-etapes-cles-pour-creer-sa-structure-dedition-musicale-partie-3-3-lartistique\/","url":"https:\/\/eifeil.com\/index.php\/2023\/09\/12\/comment-devenir-editeur-de-musique-les-etapes-cles-pour-creer-sa-structure-dedition-musicale-partie-3-3-lartistique\/","name":"Devenir \u00e9diteur de musique ? accompagnement artistique","isPartOf":{"@id":"https:\/\/eifeil.com\/#website"},"primaryImageOfPage":{"@id":"https:\/\/eifeil.com\/index.php\/2023\/09\/12\/comment-devenir-editeur-de-musique-les-etapes-cles-pour-creer-sa-structure-dedition-musicale-partie-3-3-lartistique\/#primaryimage"},"image":{"@id":"https:\/\/eifeil.com\/index.php\/2023\/09\/12\/comment-devenir-editeur-de-musique-les-etapes-cles-pour-creer-sa-structure-dedition-musicale-partie-3-3-lartistique\/#primaryimage"},"thumbnailUrl":"https:\/\/eifeil.com\/wp-content\/uploads\/2023\/09\/blog-1-1.png","datePublished":"2023-09-12T11:25:18+00:00","dateModified":"2023-10-24T15:42:59+00:00","author":{"@id":"https:\/\/eifeil.com\/#\/schema\/person\/d3398e3af494abb571fb142b5ef074d2"},"description":"Comment devenir \u00e9diteur de musique ? Les \u00e9tapes cl\u00e9s pour cr\u00e9er sa structure d\u2019\u00e9dition musicale ! L'accompagnement artistique.","breadcrumb":{"@id":"https:\/\/eifeil.com\/index.php\/2023\/09\/12\/comment-devenir-editeur-de-musique-les-etapes-cles-pour-creer-sa-structure-dedition-musicale-partie-3-3-lartistique\/#breadcrumb"},"inLanguage":"fr-FR","potentialAction":[{"@type":"ReadAction","target":["https:\/\/eifeil.com\/index.php\/2023\/09\/12\/comment-devenir-editeur-de-musique-les-etapes-cles-pour-creer-sa-structure-dedition-musicale-partie-3-3-lartistique\/"]}]},{"@type":"ImageObject","inLanguage":"fr-FR","@id":"https:\/\/eifeil.com\/index.php\/2023\/09\/12\/comment-devenir-editeur-de-musique-les-etapes-cles-pour-creer-sa-structure-dedition-musicale-partie-3-3-lartistique\/#primaryimage","url":"https:\/\/eifeil.com\/wp-content\/uploads\/2023\/09\/blog-1-1.png","contentUrl":"https:\/\/eifeil.com\/wp-content\/uploads\/2023\/09\/blog-1-1.png","width":1640,"height":924,"caption":"devenir \u00e9diteur de musique l'administratif"},{"@type":"BreadcrumbList","@id":"https:\/\/eifeil.com\/index.php\/2023\/09\/12\/comment-devenir-editeur-de-musique-les-etapes-cles-pour-creer-sa-structure-dedition-musicale-partie-3-3-lartistique\/#breadcrumb","itemListElement":[{"@type":"ListItem","position":1,"name":"Accueil","item":"https:\/\/eifeil.com\/"},{"@type":"ListItem","position":2,"name":"Comment devenir \u00e9diteur de musique ? Les \u00e9tapes cl\u00e9s pour cr\u00e9er sa structure d\u2019\u00e9dition musicale ! (partie 3\/3 : l&rsquo;artistique)"}]},{"@type":"WebSite","@id":"https:\/\/eifeil.com\/#website","url":"https:\/\/eifeil.com\/","name":"EIFEIL","description":"\u00c9diteurs Ind\u00e9pendants F\u00e9d\u00e9r\u00e9s en France","potentialAction":[{"@type":"SearchAction","target":{"@type":"EntryPoint","urlTemplate":"https:\/\/eifeil.com\/?s={search_term_string}"},"query-input":{"@type":"PropertyValueSpecification","valueRequired":true,"valueName":"search_term_string"}}],"inLanguage":"fr-FR"},{"@type":"Person","@id":"https:\/\/eifeil.com\/#\/schema\/person\/d3398e3af494abb571fb142b5ef074d2","name":"admin6173","image":{"@type":"ImageObject","inLanguage":"fr-FR","@id":"https:\/\/eifeil.com\/#\/schema\/person\/image\/","url":"https:\/\/secure.gravatar.com\/avatar\/af326bdf008db93c146414fceef6a0c32555518597f72f45b2400acfce1c7224?s=96&d=mm&r=g","contentUrl":"https:\/\/secure.gravatar.com\/avatar\/af326bdf008db93c146414fceef6a0c32555518597f72f45b2400acfce1c7224?s=96&d=mm&r=g","caption":"admin6173"},"sameAs":["http:\/\/eifeil.com\/di13089-ovh"],"url":"https:\/\/eifeil.com\/index.php\/author\/admin6173\/"}]}},"_links":{"self":[{"href":"https:\/\/eifeil.com\/index.php\/wp-json\/wp\/v2\/posts\/4439","targetHints":{"allow":["GET"]}}],"collection":[{"href":"https:\/\/eifeil.com\/index.php\/wp-json\/wp\/v2\/posts"}],"about":[{"href":"https:\/\/eifeil.com\/index.php\/wp-json\/wp\/v2\/types\/post"}],"author":[{"embeddable":true,"href":"https:\/\/eifeil.com\/index.php\/wp-json\/wp\/v2\/users\/1"}],"replies":[{"embeddable":true,"href":"https:\/\/eifeil.com\/index.php\/wp-json\/wp\/v2\/comments?post=4439"}],"version-history":[{"count":34,"href":"https:\/\/eifeil.com\/index.php\/wp-json\/wp\/v2\/posts\/4439\/revisions"}],"predecessor-version":[{"id":4774,"href":"https:\/\/eifeil.com\/index.php\/wp-json\/wp\/v2\/posts\/4439\/revisions\/4774"}],"wp:featuredmedia":[{"embeddable":true,"href":"https:\/\/eifeil.com\/index.php\/wp-json\/wp\/v2\/media\/4466"}],"wp:attachment":[{"href":"https:\/\/eifeil.com\/index.php\/wp-json\/wp\/v2\/media?parent=4439"}],"wp:term":[{"taxonomy":"category","embeddable":true,"href":"https:\/\/eifeil.com\/index.php\/wp-json\/wp\/v2\/categories?post=4439"},{"taxonomy":"post_tag","embeddable":true,"href":"https:\/\/eifeil.com\/index.php\/wp-json\/wp\/v2\/tags?post=4439"}],"curies":[{"name":"wp","href":"https:\/\/api.w.org\/{rel}","templated":true}]}}