{"id":5107,"date":"2024-01-04T15:32:37","date_gmt":"2024-01-04T14:32:37","guid":{"rendered":"https:\/\/eifeil.com\/?p=5107"},"modified":"2024-01-04T16:00:32","modified_gmt":"2024-01-04T15:00:32","slug":"creer-sa-structure-dedition-musicale-sas-vs-sa-pourquoi-privilegier-la-sas-pour-votre-entreprise","status":"publish","type":"post","link":"https:\/\/eifeil.com\/index.php\/2024\/01\/04\/creer-sa-structure-dedition-musicale-sas-vs-sa-pourquoi-privilegier-la-sas-pour-votre-entreprise\/","title":{"rendered":"Cr\u00e9er sa structure d\u2019\u00e9dition musicale &#8211;\u00a0SAS vs SA : Pourquoi privil\u00e9gier la SAS pour votre entreprise ?"},"content":{"rendered":"\t\t<div data-elementor-type=\"wp-post\" data-elementor-id=\"5107\" class=\"elementor elementor-5107\">\n\t\t\t\t\t\t<section class=\"elementor-section elementor-top-section elementor-element elementor-element-e2d7e92 elementor-section-stretched elementor-section-boxed elementor-section-height-default elementor-section-height-default\" data-id=\"e2d7e92\" data-element_type=\"section\" data-e-type=\"section\" data-settings=\"{&quot;stretch_section&quot;:&quot;section-stretched&quot;}\">\n\t\t\t\t\t\t<div class=\"elementor-container elementor-column-gap-default\">\n\t\t\t\t\t<div class=\"elementor-column elementor-col-100 elementor-top-column elementor-element elementor-element-4032759\" data-id=\"4032759\" data-element_type=\"column\" data-e-type=\"column\">\n\t\t\t<div class=\"elementor-widget-wrap elementor-element-populated\">\n\t\t\t\t\t\t<div class=\"elementor-element elementor-element-094d951 elementor-widget elementor-widget-spacer\" data-id=\"094d951\" data-element_type=\"widget\" data-e-type=\"widget\" data-widget_type=\"spacer.default\">\n\t\t\t\t<div class=\"elementor-widget-container\">\n\t\t\t\t\t\t\t<div class=\"elementor-spacer\">\n\t\t\t<div class=\"elementor-spacer-inner\"><\/div>\n\t\t<\/div>\n\t\t\t\t\t\t<\/div>\n\t\t\t\t<\/div>\n\t\t\t\t<div class=\"elementor-element elementor-element-92e9748 elementor-widget elementor-widget-text-editor\" data-id=\"92e9748\" data-element_type=\"widget\" data-e-type=\"widget\" data-widget_type=\"text-editor.default\">\n\t\t\t\t<div class=\"elementor-widget-container\">\n\t\t\t\t\t\t\t\t\t<p><span style=\"font-weight: 400;\">La structure juridique des entreprises en France pr\u00e9sente plusieurs formes de soci\u00e9t\u00e9s, parmi lesquelles la Soci\u00e9t\u00e9 par Actions Simplifi\u00e9e (SAS) et la Soci\u00e9t\u00e9 Anonyme (SA) se distinguent nettement. Chacune de ces formes pr\u00e9sente des caract\u00e9ristiques uniques, adapt\u00e9es \u00e0 diff\u00e9rents besoins et objectifs d&rsquo;affaires. La SAS, en particulier, a r\u00e9cemment gagn\u00e9 en popularit\u00e9, devenue un choix privil\u00e9gi\u00e9 pour les entrepreneurs, notamment quand il s\u2019agit de cr\u00e9er une structure d\u2019\u00e9dition musicale.&nbsp;<\/span><\/p>\n<p><span style=\"font-weight: 400;\">D\u00e9cryptons les diff\u00e9rents avantages de la SAS quand vous \u00eates \u00e9diteur de musique ind\u00e9pendant !<\/span><\/p>\t\t\t\t\t\t\t\t<\/div>\n\t\t\t\t<\/div>\n\t\t\t\t<div class=\"elementor-element elementor-element-e3c4baa elementor-widget elementor-widget-spacer\" data-id=\"e3c4baa\" data-element_type=\"widget\" data-e-type=\"widget\" data-widget_type=\"spacer.default\">\n\t\t\t\t<div class=\"elementor-widget-container\">\n\t\t\t\t\t\t\t<div class=\"elementor-spacer\">\n\t\t\t<div class=\"elementor-spacer-inner\"><\/div>\n\t\t<\/div>\n\t\t\t\t\t\t<\/div>\n\t\t\t\t<\/div>\n\t\t\t\t<div class=\"elementor-element elementor-element-fdca7c6 elementor-widget elementor-widget-heading\" data-id=\"fdca7c6\" data-element_type=\"widget\" data-e-type=\"widget\" data-widget_type=\"heading.default\">\n\t\t\t\t<div class=\"elementor-widget-container\">\n\t\t\t\t\t<h2 class=\"elementor-heading-title elementor-size-default\">La SAS une forme juridique populaire<\/h2>\t\t\t\t<\/div>\n\t\t\t\t<\/div>\n\t\t\t\t<div class=\"elementor-element elementor-element-d26a185 elementor-widget elementor-widget-text-editor\" data-id=\"d26a185\" data-element_type=\"widget\" data-e-type=\"widget\" data-widget_type=\"text-editor.default\">\n\t\t\t\t<div class=\"elementor-widget-container\">\n\t\t\t\t\t\t\t\t\t<p><span style=\"font-weight: 400;\">Introduite dans le code de commerce fran\u00e7ais en 1994, la Soci\u00e9t\u00e9 par Actions Simplifi\u00e9e (SAS) repr\u00e9sente une \u00e9volution majeure dans le paysage entrepreneurial du pays. Cette forme juridique se distingue par sa flexibilit\u00e9 et son adaptabilit\u00e9, la rendant extr\u00eamement populaire parmi les entrepreneurs. <strong>En effet, les statistiques de 2022<\/strong> t\u00e9moignent de cette pr\u00e9f\u00e9rence marqu\u00e9e : <strong>189 649 SAS et Soci\u00e9t\u00e9s par Actions Simplifi\u00e9e Unipersonnelle (SASU)<\/strong> ont \u00e9t\u00e9 cr\u00e9\u00e9es, surpassant largement les <strong>112 Soci\u00e9t\u00e9s Anonymes (SA)<\/strong> enregistr\u00e9es la m\u00eame ann\u00e9e.<\/span><\/p>\t\t\t\t\t\t\t\t<\/div>\n\t\t\t\t<\/div>\n\t\t\t\t<div class=\"elementor-element elementor-element-9e782eb elementor-widget elementor-widget-spacer\" data-id=\"9e782eb\" data-element_type=\"widget\" data-e-type=\"widget\" data-widget_type=\"spacer.default\">\n\t\t\t\t<div class=\"elementor-widget-container\">\n\t\t\t\t\t\t\t<div class=\"elementor-spacer\">\n\t\t\t<div class=\"elementor-spacer-inner\"><\/div>\n\t\t<\/div>\n\t\t\t\t\t\t<\/div>\n\t\t\t\t<\/div>\n\t\t\t\t<div class=\"elementor-element elementor-element-a7a5878 elementor-widget elementor-widget-heading\" data-id=\"a7a5878\" data-element_type=\"widget\" data-e-type=\"widget\" data-widget_type=\"heading.default\">\n\t\t\t\t<div class=\"elementor-widget-container\">\n\t\t\t\t\t<h2 class=\"elementor-heading-title elementor-size-default\">La SAS : une forme juridique flexible et accessible<\/h2>\t\t\t\t<\/div>\n\t\t\t\t<\/div>\n\t\t\t\t<div class=\"elementor-element elementor-element-f0a88a5 elementor-widget elementor-widget-text-editor\" data-id=\"f0a88a5\" data-element_type=\"widget\" data-e-type=\"widget\" data-widget_type=\"text-editor.default\">\n\t\t\t\t<div class=\"elementor-widget-container\">\n\t\t\t\t\t\t\t\t\t<p><span style=\"font-weight: 400;\"><strong>La popularit\u00e9 croissante de la Soci\u00e9t\u00e9 par Actions Simplifi\u00e9e (SAS) en France peut \u00eatre largement attribu\u00e9e \u00e0 la grande libert\u00e9 statutaire qu&rsquo;elle offre.<\/strong> Cette flexibilit\u00e9 se manifeste de mani\u00e8re significative dans la r\u00e9daction des statuts de la soci\u00e9t\u00e9, o\u00f9 les actionnaires t\u00e9moignent d&rsquo;une libert\u00e9 presque totale pour d\u00e9finir les r\u00e8gles de fonctionnement internes. Cette caract\u00e9ristique permet une adaptation sur mesure de la structure organisationnelle de l&rsquo;entreprise, <strong>offrant aux actionnaires la possibilit\u00e9 de r\u00e9partir les pouvoirs et les droits de mani\u00e8re plus adapt\u00e9e \u00e0 leurs besoins et objectifs sp\u00e9cifiques.\u00a0<\/strong><\/span><\/p><p><span style=\"font-weight: 400;\">En outre, un autre aspect significatif qui rend la SAS attrayante est la souplesse concernant le capital social requis pour sa constitution. <strong>\u00c0 la diff\u00e9rence de la Soci\u00e9t\u00e9 Anonyme (SA), qui n\u00e9cessite un capital social minimum de 37 000 euros, la SAS peut \u00eatre constitu\u00e9e avec un capital social d&rsquo;un montant minimum de seulement 1 euro.<\/strong> Cette diff\u00e9rence d\u2019apport financier abaisse consid\u00e9rablement la barri\u00e8re financi\u00e8re \u00e0 l&rsquo;entr\u00e9e pour la cr\u00e9ation d&rsquo;entreprise, rendant l&rsquo;entrepreneuriat plus accessible \u00e0 un plus large \u00e9ventail de personnes. <strong>Cette accessibilit\u00e9 est particuli\u00e8rement importante pour les entrepreneurs ind\u00e9pendants qui pourraient ne pas avoir les moyens de rassembler un capital cons\u00e9quent au d\u00e9but de leur aventure commerciale.<\/strong><\/span><\/p><p><span style=\"font-weight: 400;\">La combinaison de cette flexibilit\u00e9 statutaire et de l&rsquo;exigence de capital social r\u00e9duit fait de la SAS une option juridique tr\u00e8s attrayante. Elle r\u00e9pond aux besoins des entrepreneurs ind\u00e9pendants, tel qu\u2019un \u00e9diteur de musique.<\/span><\/p>\t\t\t\t\t\t\t\t<\/div>\n\t\t\t\t<\/div>\n\t\t\t\t<div class=\"elementor-element elementor-element-667fbe0 elementor-widget elementor-widget-spacer\" data-id=\"667fbe0\" data-element_type=\"widget\" data-e-type=\"widget\" data-widget_type=\"spacer.default\">\n\t\t\t\t<div class=\"elementor-widget-container\">\n\t\t\t\t\t\t\t<div class=\"elementor-spacer\">\n\t\t\t<div class=\"elementor-spacer-inner\"><\/div>\n\t\t<\/div>\n\t\t\t\t\t\t<\/div>\n\t\t\t\t<\/div>\n\t\t\t\t<div class=\"elementor-element elementor-element-bbd63c6 elementor-widget elementor-widget-heading\" data-id=\"bbd63c6\" data-element_type=\"widget\" data-e-type=\"widget\" data-widget_type=\"heading.default\">\n\t\t\t\t<div class=\"elementor-widget-container\">\n\t\t\t\t\t<h2 class=\"elementor-heading-title elementor-size-default\">La SASU : la solution pour votre statut d\u2019entrepreneur ind\u00e9pendant\n<\/h2>\t\t\t\t<\/div>\n\t\t\t\t<\/div>\n\t\t\t\t<div class=\"elementor-element elementor-element-4067b0e elementor-widget elementor-widget-text-editor\" data-id=\"4067b0e\" data-element_type=\"widget\" data-e-type=\"widget\" data-widget_type=\"text-editor.default\">\n\t\t\t\t<div class=\"elementor-widget-container\">\n\t\t\t\t\t\t\t\t\t<p><span style=\"font-weight: 400;\"><strong>La Soci\u00e9t\u00e9 par Actions Simplifi\u00e9e (SAS) pr\u00e9sente un avantage notable : elle offre la possibilit\u00e9 de cr\u00e9er une Soci\u00e9t\u00e9 par Actions Simplifi\u00e9e Unipersonnelle (SASU).<\/strong> Cette forme juridique est sp\u00e9cialement con\u00e7ue pour r\u00e9pondre aux besoins des entrepreneurs souhaitant lancer leur entreprise seuls, sans s&rsquo;associer. Elle est \u00e9galement id\u00e9ale dans des situations o\u00f9 un entrepreneur reste seul \u00e0 la t\u00eate de l&rsquo;entreprise apr\u00e8s le d\u00e9part des autres actionnaires.<\/span><\/p><p><span style=\"font-weight: 400;\">Pour un \u00e9diteur de musique ind\u00e9pendant, la SASU se r\u00e9v\u00e8le \u00eatre une option juridique particuli\u00e8rement adapt\u00e9e. En tant qu&rsquo;entrepreneur ind\u00e9pendant, vous pourriez ne pas avoir besoin ou le d\u00e9sir de vous associer \u00e0 d&rsquo;autres personnes pour la cr\u00e9ation de votre structure. <strong>La SASU vous permet de b\u00e9n\u00e9ficier de la structure et de la flexibilit\u00e9 d&rsquo;une SAS tout en gardant le contr\u00f4le total de votre entreprise.<\/strong> Cette forme juridique offre une grande libert\u00e9 en termes de gestion et d&rsquo;organisation, ce qui est essentiel pour les activit\u00e9s cr\u00e9atives et dynamiques comme l&rsquo;\u00e9dition musicale.<\/span><\/p><p><span style=\"font-weight: 400;\"><strong>La SASU pr\u00e9sente \u00e9galement d&rsquo;autres avantages tels que la responsabilit\u00e9 limit\u00e9e, qui prot\u00e8ge votre patrimoine personnel en cas de difficult\u00e9s financi\u00e8res de l&rsquo;entreprise.<\/strong> De plus, elle offre une certaine souplesse fiscale et sociale, ce qui peut \u00eatre avantageux pour optimiser les co\u00fbts et les b\u00e9n\u00e9fices de votre entreprise d&rsquo;\u00e9dition musicale. En r\u00e9sum\u00e9, si vous \u00eates un \u00e9diteur de musique ind\u00e9pendant cherchant \u00e0 cr\u00e9er votre structure avec une gouvernance simplifi\u00e9e, une protection juridique et une flexibilit\u00e9 fiscale, la SASU est une option juridique qui m\u00e9rite s\u00e9rieusement d&rsquo;\u00eatre envisag\u00e9e.<\/span><\/p>\t\t\t\t\t\t\t\t<\/div>\n\t\t\t\t<\/div>\n\t\t\t\t<div class=\"elementor-element elementor-element-b82762c elementor-widget elementor-widget-text-editor\" data-id=\"b82762c\" data-element_type=\"widget\" data-e-type=\"widget\" data-widget_type=\"text-editor.default\">\n\t\t\t\t<div class=\"elementor-widget-container\">\n\t\t\t\t\t\t\t\t\t<p><b>Flexibilit\u00e9 statutaire, accessibilit\u00e9 du capital social et possibilit\u00e9 de cr\u00e9er une SASU sont trois atouts qui placent la SAS en t\u00eate des choix des entrepreneurs, notamment pour les \u00e9diteurs de musique ind\u00e9pendants !<\/b><\/p>\t\t\t\t\t\t\t\t<\/div>\n\t\t\t\t<\/div>\n\t\t\t\t\t<\/div>\n\t\t<\/div>\n\t\t\t\t\t<\/div>\n\t\t<\/section>\n\t\t\t\t<section class=\"elementor-section elementor-top-section elementor-element elementor-element-5dcadb2 elementor-section-stretched elementor-section-boxed elementor-section-height-default elementor-section-height-default\" data-id=\"5dcadb2\" data-element_type=\"section\" data-e-type=\"section\" data-settings=\"{&quot;stretch_section&quot;:&quot;section-stretched&quot;}\">\n\t\t\t\t\t\t<div class=\"elementor-container elementor-column-gap-default\">\n\t\t\t\t\t<div class=\"elementor-column elementor-col-100 elementor-top-column elementor-element elementor-element-bd6d177\" data-id=\"bd6d177\" data-element_type=\"column\" data-e-type=\"column\">\n\t\t\t<div class=\"elementor-widget-wrap elementor-element-populated\">\n\t\t\t\t\t\t<div class=\"elementor-element elementor-element-e47d23b elementor-widget-divider--view-line elementor-widget elementor-widget-divider\" data-id=\"e47d23b\" data-element_type=\"widget\" data-e-type=\"widget\" data-widget_type=\"divider.default\">\n\t\t\t\t<div class=\"elementor-widget-container\">\n\t\t\t\t\t\t\t<div class=\"elementor-divider\">\n\t\t\t<span class=\"elementor-divider-separator\">\n\t\t\t\t\t\t<\/span>\n\t\t<\/div>\n\t\t\t\t\t\t<\/div>\n\t\t\t\t<\/div>\n\t\t\t\t<div class=\"elementor-element elementor-element-e6c8163 elementor-widget elementor-widget-image\" data-id=\"e6c8163\" data-element_type=\"widget\" data-e-type=\"widget\" data-widget_type=\"image.default\">\n\t\t\t\t<div class=\"elementor-widget-container\">\n\t\t\t\t\t\t\t\t\t\t\t\t\t\t\t<img fetchpriority=\"high\" decoding=\"async\" width=\"768\" height=\"432\" src=\"https:\/\/eifeil.com\/wp-content\/uploads\/2023\/06\/Teaser-13-768x432.png\" class=\"attachment-medium_large size-medium_large wp-image-4170\" alt=\"elearning eifeil\" srcset=\"https:\/\/eifeil.com\/wp-content\/uploads\/2023\/06\/Teaser-13-768x432.png 768w, https:\/\/eifeil.com\/wp-content\/uploads\/2023\/06\/Teaser-13-300x169.png 300w, https:\/\/eifeil.com\/wp-content\/uploads\/2023\/06\/Teaser-13-1024x576.png 1024w, https:\/\/eifeil.com\/wp-content\/uploads\/2023\/06\/Teaser-13-1536x864.png 1536w, https:\/\/eifeil.com\/wp-content\/uploads\/2023\/06\/Teaser-13-1000x563.png 1000w, https:\/\/eifeil.com\/wp-content\/uploads\/2023\/06\/Teaser-13-230x129.png 230w, https:\/\/eifeil.com\/wp-content\/uploads\/2023\/06\/Teaser-13-350x197.png 350w, https:\/\/eifeil.com\/wp-content\/uploads\/2023\/06\/Teaser-13-480x270.png 480w, https:\/\/eifeil.com\/wp-content\/uploads\/2023\/06\/Teaser-13.png 1920w\" sizes=\"(max-width: 768px) 100vw, 768px\" \/>\t\t\t\t\t\t\t\t\t\t\t\t\t\t\t<\/div>\n\t\t\t\t<\/div>\n\t\t\t\t<div class=\"elementor-element elementor-element-cb24c3d elementor-widget elementor-widget-spacer\" data-id=\"cb24c3d\" data-element_type=\"widget\" data-e-type=\"widget\" data-widget_type=\"spacer.default\">\n\t\t\t\t<div class=\"elementor-widget-container\">\n\t\t\t\t\t\t\t<div class=\"elementor-spacer\">\n\t\t\t<div class=\"elementor-spacer-inner\"><\/div>\n\t\t<\/div>\n\t\t\t\t\t\t<\/div>\n\t\t\t\t<\/div>\n\t\t\t\t<div class=\"elementor-element elementor-element-0ff8071 elementor-widget elementor-widget-text-editor\" data-id=\"0ff8071\" data-element_type=\"widget\" data-e-type=\"widget\" data-widget_type=\"text-editor.default\">\n\t\t\t\t<div class=\"elementor-widget-container\">\n\t\t\t\t\t\t\t\t\t<p><strong>Transformez votre passion pour la musique en profession\u00a0<\/strong><\/p><p><strong>avec nos formations en ligne sur l\u2019\u00e9dition musicale !\u00a0<\/strong><\/p>\t\t\t\t\t\t\t\t<\/div>\n\t\t\t\t<\/div>\n\t\t\t\t<div class=\"elementor-element elementor-element-778ca3a elementor-widget elementor-widget-text-editor\" data-id=\"778ca3a\" data-element_type=\"widget\" data-e-type=\"widget\" data-widget_type=\"text-editor.default\">\n\t\t\t\t<div class=\"elementor-widget-container\">\n\t\t\t\t\t\t\t\t\t<p>D\u00e9couvrez le monde fascinant de l\u2019\u00e9dition musicale \u00e0 votre rythme, depuis le confort de votre domicile. Nos formations en ligne sont con\u00e7ues pour vous fournir les outils essentiels afin de comprendre les rouages du secteur musical, de la gestion des droits d\u2019auteur \u00e0 la cr\u00e9ation de votre propre structure d\u2019\u00e9dition musicale.\u00a0<\/p>\t\t\t\t\t\t\t\t<\/div>\n\t\t\t\t<\/div>\n\t\t\t\t<div class=\"elementor-element elementor-element-23b5dd7 elementor-widget elementor-widget-text-editor\" data-id=\"23b5dd7\" data-element_type=\"widget\" data-e-type=\"widget\" data-widget_type=\"text-editor.default\">\n\t\t\t\t<div class=\"elementor-widget-container\">\n\t\t\t\t\t\t\t\t\t<p><strong>AU PROGRAMME :\u00a0<\/strong><\/p><div class=\"flex-1 overflow-hidden\"><div class=\"react-scroll-to-bottom--css-azufm-79elbk h-full dark:bg-gray-800\"><div class=\"react-scroll-to-bottom--css-azufm-1n7m0yu\"><div class=\"flex flex-col text-sm dark:bg-gray-800\"><div class=\"group w-full text-gray-800 dark:text-gray-100 border-b border-black\/10 dark:border-gray-900\/50 bg-gray-50 dark:bg-[#444654]\"><div class=\"flex p-4 gap-4 text-base md:gap-6 md:max-w-2xl lg:max-w-[38rem] xl:max-w-3xl md:py-6 lg:px-0 m-auto\"><div class=\"relative flex w-[calc(100%-50px)] flex-col gap-1 md:gap-3 lg:w-[calc(100%-115px)]\"><div class=\"flex flex-grow flex-col gap-3\"><div class=\"min-h-[20px] flex items-start overflow-x-auto whitespace-pre-wrap break-words flex-col gap-4\"><div class=\"markdown prose w-full break-words dark:prose-invert light\"><p>\ud83d\udca1\u00a0<strong>Enrichissez vos connaissances sur la Sacem<\/strong>\u00a0<\/p><p>\ud83d\ude80\u00a0<strong>Cr\u00e9ez votre propre structure d\u2019\u00e9dition musicale<\/strong>\u00a0<\/p><p>\ud83d\udcb0\u00a0<strong>Financez votre projet musical<\/strong>\u00a0<\/p><\/div><\/div><\/div><\/div><\/div><\/div><\/div><\/div><\/div><\/div>\t\t\t\t\t\t\t\t<\/div>\n\t\t\t\t<\/div>\n\t\t\t\t<div class=\"elementor-element elementor-element-de9703b elementor-widget elementor-widget-spacer\" data-id=\"de9703b\" data-element_type=\"widget\" data-e-type=\"widget\" data-widget_type=\"spacer.default\">\n\t\t\t\t<div class=\"elementor-widget-container\">\n\t\t\t\t\t\t\t<div class=\"elementor-spacer\">\n\t\t\t<div class=\"elementor-spacer-inner\"><\/div>\n\t\t<\/div>\n\t\t\t\t\t\t<\/div>\n\t\t\t\t<\/div>\n\t\t\t\t<div class=\"elementor-element elementor-element-d359abd elementor-widget elementor-widget-text-editor\" data-id=\"d359abd\" data-element_type=\"widget\" data-e-type=\"widget\" data-widget_type=\"text-editor.default\">\n\t\t\t\t<div class=\"elementor-widget-container\">\n\t\t\t\t\t\t\t\t\t<p><strong>Et ce n\u2019est pas tout !\u00a0Pour votre premier achat, b\u00e9n\u00e9ficiez d\u2019une r\u00e9duction exceptionnelle de 30% !\u00a0<\/strong><\/p><p><strong>Une occasion en or pour d\u00e9marrer votre parcours d\u2019apprentissage dans l\u2019\u00e9dition musicale.<\/strong><\/p>\t\t\t\t\t\t\t\t<\/div>\n\t\t\t\t<\/div>\n\t\t\t\t<div class=\"elementor-element elementor-element-89bdbe9 elementor-widget elementor-widget-text-editor\" data-id=\"89bdbe9\" data-element_type=\"widget\" data-e-type=\"widget\" data-widget_type=\"text-editor.default\">\n\t\t\t\t<div class=\"elementor-widget-container\">\n\t\t\t\t\t\t\t\t\t<p>\ud83c\udfbc Que vous soyez un artiste en herbe ou un professionnel aguerri, nos formations vous offrent une opportunit\u00e9 unique de booster vos comp\u00e9tences et faire grandir votre carri\u00e8re musicale.<\/p><p>N\u2019attendez plus ! D\u00e9veloppez vos talents, explorez votre passion et faites de la musique votre m\u00e9tier. Rejoignez notre communaut\u00e9 d\u2019apprenants et d\u2019experts passionn\u00e9s et engagez-vous dans une aventure musicale extraordinaire.<\/p>\t\t\t\t\t\t\t\t<\/div>\n\t\t\t\t<\/div>\n\t\t\t\t<div class=\"elementor-element elementor-element-e47186a elementor-align-center elementor-widget elementor-widget-button\" data-id=\"e47186a\" data-element_type=\"widget\" data-e-type=\"widget\" data-widget_type=\"button.default\">\n\t\t\t\t<div class=\"elementor-widget-container\">\n\t\t\t\t\t\t\t\t\t<div class=\"elementor-button-wrapper\">\n\t\t\t\t\t<a class=\"elementor-button elementor-button-link elementor-size-sm\" href=\"https:\/\/federationeifeil.systeme.io\/e-learning-edition-musicale-eifeil\" target=\"_blank\">\n\t\t\t\t\t\t<span class=\"elementor-button-content-wrapper\">\n\t\t\t\t\t\t\t\t\t<span class=\"elementor-button-text\">Formez vous d\u00e8s aujourd'hui !<\/span>\n\t\t\t\t\t<\/span>\n\t\t\t\t\t<\/a>\n\t\t\t\t<\/div>\n\t\t\t\t\t\t\t\t<\/div>\n\t\t\t\t<\/div>\n\t\t\t\t\t<\/div>\n\t\t<\/div>\n\t\t\t\t\t<\/div>\n\t\t<\/section>\n\t\t\t\t<\/div>\n\t\t","protected":false},"excerpt":{"rendered":"<p>La structure juridique des entreprises en France pr\u00e9sente plusieurs formes de soci\u00e9t\u00e9s, parmi lesquelles la Soci\u00e9t\u00e9 par Actions Simplifi\u00e9e (SAS) et la Soci\u00e9t\u00e9 Anonyme (SA) se distinguent nettement. Chacune de [&hellip;]<\/p>\n","protected":false},"author":1,"featured_media":5118,"comment_status":"open","ping_status":"open","sticky":false,"template":"","format":"standard","meta":{"footnotes":""},"categories":[24,20],"tags":[],"class_list":["post-5107","post","type-post","status-publish","format-standard","has-post-thumbnail","hentry","category-environnement-professionnel","category-metier"],"yoast_head":"<!-- This site is optimized with the Yoast SEO plugin v26.6 - https:\/\/yoast.com\/wordpress\/plugins\/seo\/ -->\n<title>Cr\u00e9er sa structure d\u2019\u00e9dition musicale -\u00a0SAS vs SA : Pourquoi privil\u00e9gier la SAS pour votre entreprise ? - EIFEIL<\/title>\n<meta name=\"robots\" content=\"index, follow, max-snippet:-1, max-image-preview:large, max-video-preview:-1\" \/>\n<link rel=\"canonical\" href=\"https:\/\/eifeil.com\/index.php\/2024\/01\/04\/creer-sa-structure-dedition-musicale-sas-vs-sa-pourquoi-privilegier-la-sas-pour-votre-entreprise\/\" \/>\n<meta property=\"og:locale\" content=\"fr_FR\" \/>\n<meta property=\"og:type\" content=\"article\" \/>\n<meta property=\"og:title\" content=\"Cr\u00e9er sa structure d\u2019\u00e9dition musicale -\u00a0SAS vs SA : Pourquoi privil\u00e9gier la SAS pour votre entreprise ? - EIFEIL\" \/>\n<meta property=\"og:description\" content=\"La structure juridique des entreprises en France pr\u00e9sente plusieurs formes de soci\u00e9t\u00e9s, parmi lesquelles la Soci\u00e9t\u00e9 par Actions Simplifi\u00e9e (SAS) et la Soci\u00e9t\u00e9 Anonyme (SA) se distinguent nettement. Chacune de [&hellip;]\" \/>\n<meta property=\"og:url\" content=\"https:\/\/eifeil.com\/index.php\/2024\/01\/04\/creer-sa-structure-dedition-musicale-sas-vs-sa-pourquoi-privilegier-la-sas-pour-votre-entreprise\/\" \/>\n<meta property=\"og:site_name\" content=\"EIFEIL\" \/>\n<meta property=\"article:published_time\" content=\"2024-01-04T14:32:37+00:00\" \/>\n<meta property=\"article:modified_time\" content=\"2024-01-04T15:00:32+00:00\" \/>\n<meta property=\"og:image\" content=\"https:\/\/eifeil.com\/wp-content\/uploads\/2024\/01\/blog.png\" \/>\n\t<meta property=\"og:image:width\" content=\"1640\" \/>\n\t<meta property=\"og:image:height\" content=\"924\" \/>\n\t<meta property=\"og:image:type\" content=\"image\/png\" \/>\n<meta name=\"author\" content=\"admin6173\" \/>\n<meta name=\"twitter:card\" content=\"summary_large_image\" \/>\n<meta name=\"twitter:label1\" content=\"\u00c9crit par\" \/>\n\t<meta name=\"twitter:data1\" content=\"admin6173\" \/>\n\t<meta name=\"twitter:label2\" content=\"Dur\u00e9e de lecture estim\u00e9e\" \/>\n\t<meta name=\"twitter:data2\" content=\"5 minutes\" \/>\n<script type=\"application\/ld+json\" class=\"yoast-schema-graph\">{\"@context\":\"https:\/\/schema.org\",\"@graph\":[{\"@type\":\"WebPage\",\"@id\":\"https:\/\/eifeil.com\/index.php\/2024\/01\/04\/creer-sa-structure-dedition-musicale-sas-vs-sa-pourquoi-privilegier-la-sas-pour-votre-entreprise\/\",\"url\":\"https:\/\/eifeil.com\/index.php\/2024\/01\/04\/creer-sa-structure-dedition-musicale-sas-vs-sa-pourquoi-privilegier-la-sas-pour-votre-entreprise\/\",\"name\":\"Cr\u00e9er sa structure d\u2019\u00e9dition musicale -\u00a0SAS vs SA : Pourquoi privil\u00e9gier la SAS pour votre entreprise ? - EIFEIL\",\"isPartOf\":{\"@id\":\"https:\/\/eifeil.com\/#website\"},\"primaryImageOfPage\":{\"@id\":\"https:\/\/eifeil.com\/index.php\/2024\/01\/04\/creer-sa-structure-dedition-musicale-sas-vs-sa-pourquoi-privilegier-la-sas-pour-votre-entreprise\/#primaryimage\"},\"image\":{\"@id\":\"https:\/\/eifeil.com\/index.php\/2024\/01\/04\/creer-sa-structure-dedition-musicale-sas-vs-sa-pourquoi-privilegier-la-sas-pour-votre-entreprise\/#primaryimage\"},\"thumbnailUrl\":\"https:\/\/eifeil.com\/wp-content\/uploads\/2024\/01\/blog.png\",\"datePublished\":\"2024-01-04T14:32:37+00:00\",\"dateModified\":\"2024-01-04T15:00:32+00:00\",\"author\":{\"@id\":\"https:\/\/eifeil.com\/#\/schema\/person\/d3398e3af494abb571fb142b5ef074d2\"},\"breadcrumb\":{\"@id\":\"https:\/\/eifeil.com\/index.php\/2024\/01\/04\/creer-sa-structure-dedition-musicale-sas-vs-sa-pourquoi-privilegier-la-sas-pour-votre-entreprise\/#breadcrumb\"},\"inLanguage\":\"fr-FR\",\"potentialAction\":[{\"@type\":\"ReadAction\",\"target\":[\"https:\/\/eifeil.com\/index.php\/2024\/01\/04\/creer-sa-structure-dedition-musicale-sas-vs-sa-pourquoi-privilegier-la-sas-pour-votre-entreprise\/\"]}]},{\"@type\":\"ImageObject\",\"inLanguage\":\"fr-FR\",\"@id\":\"https:\/\/eifeil.com\/index.php\/2024\/01\/04\/creer-sa-structure-dedition-musicale-sas-vs-sa-pourquoi-privilegier-la-sas-pour-votre-entreprise\/#primaryimage\",\"url\":\"https:\/\/eifeil.com\/wp-content\/uploads\/2024\/01\/blog.png\",\"contentUrl\":\"https:\/\/eifeil.com\/wp-content\/uploads\/2024\/01\/blog.png\",\"width\":1640,\"height\":924,\"caption\":\"sas vs sasu\"},{\"@type\":\"BreadcrumbList\",\"@id\":\"https:\/\/eifeil.com\/index.php\/2024\/01\/04\/creer-sa-structure-dedition-musicale-sas-vs-sa-pourquoi-privilegier-la-sas-pour-votre-entreprise\/#breadcrumb\",\"itemListElement\":[{\"@type\":\"ListItem\",\"position\":1,\"name\":\"Accueil\",\"item\":\"https:\/\/eifeil.com\/\"},{\"@type\":\"ListItem\",\"position\":2,\"name\":\"Cr\u00e9er sa structure d\u2019\u00e9dition musicale &#8211;\u00a0SAS vs SA : Pourquoi privil\u00e9gier la SAS pour votre entreprise ?\"}]},{\"@type\":\"WebSite\",\"@id\":\"https:\/\/eifeil.com\/#website\",\"url\":\"https:\/\/eifeil.com\/\",\"name\":\"EIFEIL\",\"description\":\"\u00c9diteurs Ind\u00e9pendants F\u00e9d\u00e9r\u00e9s en France\",\"potentialAction\":[{\"@type\":\"SearchAction\",\"target\":{\"@type\":\"EntryPoint\",\"urlTemplate\":\"https:\/\/eifeil.com\/?s={search_term_string}\"},\"query-input\":{\"@type\":\"PropertyValueSpecification\",\"valueRequired\":true,\"valueName\":\"search_term_string\"}}],\"inLanguage\":\"fr-FR\"},{\"@type\":\"Person\",\"@id\":\"https:\/\/eifeil.com\/#\/schema\/person\/d3398e3af494abb571fb142b5ef074d2\",\"name\":\"admin6173\",\"image\":{\"@type\":\"ImageObject\",\"inLanguage\":\"fr-FR\",\"@id\":\"https:\/\/eifeil.com\/#\/schema\/person\/image\/\",\"url\":\"https:\/\/secure.gravatar.com\/avatar\/af326bdf008db93c146414fceef6a0c32555518597f72f45b2400acfce1c7224?s=96&d=mm&r=g\",\"contentUrl\":\"https:\/\/secure.gravatar.com\/avatar\/af326bdf008db93c146414fceef6a0c32555518597f72f45b2400acfce1c7224?s=96&d=mm&r=g\",\"caption\":\"admin6173\"},\"sameAs\":[\"http:\/\/eifeil.com\/di13089-ovh\"],\"url\":\"https:\/\/eifeil.com\/index.php\/author\/admin6173\/\"}]}<\/script>\n<!-- \/ Yoast SEO plugin. -->","yoast_head_json":{"title":"Cr\u00e9er sa structure d\u2019\u00e9dition musicale -\u00a0SAS vs SA : Pourquoi privil\u00e9gier la SAS pour votre entreprise ? - EIFEIL","robots":{"index":"index","follow":"follow","max-snippet":"max-snippet:-1","max-image-preview":"max-image-preview:large","max-video-preview":"max-video-preview:-1"},"canonical":"https:\/\/eifeil.com\/index.php\/2024\/01\/04\/creer-sa-structure-dedition-musicale-sas-vs-sa-pourquoi-privilegier-la-sas-pour-votre-entreprise\/","og_locale":"fr_FR","og_type":"article","og_title":"Cr\u00e9er sa structure d\u2019\u00e9dition musicale -\u00a0SAS vs SA : Pourquoi privil\u00e9gier la SAS pour votre entreprise ? - EIFEIL","og_description":"La structure juridique des entreprises en France pr\u00e9sente plusieurs formes de soci\u00e9t\u00e9s, parmi lesquelles la Soci\u00e9t\u00e9 par Actions Simplifi\u00e9e (SAS) et la Soci\u00e9t\u00e9 Anonyme (SA) se distinguent nettement. Chacune de [&hellip;]","og_url":"https:\/\/eifeil.com\/index.php\/2024\/01\/04\/creer-sa-structure-dedition-musicale-sas-vs-sa-pourquoi-privilegier-la-sas-pour-votre-entreprise\/","og_site_name":"EIFEIL","article_published_time":"2024-01-04T14:32:37+00:00","article_modified_time":"2024-01-04T15:00:32+00:00","og_image":[{"width":1640,"height":924,"url":"https:\/\/eifeil.com\/wp-content\/uploads\/2024\/01\/blog.png","type":"image\/png"}],"author":"admin6173","twitter_card":"summary_large_image","twitter_misc":{"\u00c9crit par":"admin6173","Dur\u00e9e de lecture estim\u00e9e":"5 minutes"},"schema":{"@context":"https:\/\/schema.org","@graph":[{"@type":"WebPage","@id":"https:\/\/eifeil.com\/index.php\/2024\/01\/04\/creer-sa-structure-dedition-musicale-sas-vs-sa-pourquoi-privilegier-la-sas-pour-votre-entreprise\/","url":"https:\/\/eifeil.com\/index.php\/2024\/01\/04\/creer-sa-structure-dedition-musicale-sas-vs-sa-pourquoi-privilegier-la-sas-pour-votre-entreprise\/","name":"Cr\u00e9er sa structure d\u2019\u00e9dition musicale -\u00a0SAS vs SA : Pourquoi privil\u00e9gier la SAS pour votre entreprise ? - EIFEIL","isPartOf":{"@id":"https:\/\/eifeil.com\/#website"},"primaryImageOfPage":{"@id":"https:\/\/eifeil.com\/index.php\/2024\/01\/04\/creer-sa-structure-dedition-musicale-sas-vs-sa-pourquoi-privilegier-la-sas-pour-votre-entreprise\/#primaryimage"},"image":{"@id":"https:\/\/eifeil.com\/index.php\/2024\/01\/04\/creer-sa-structure-dedition-musicale-sas-vs-sa-pourquoi-privilegier-la-sas-pour-votre-entreprise\/#primaryimage"},"thumbnailUrl":"https:\/\/eifeil.com\/wp-content\/uploads\/2024\/01\/blog.png","datePublished":"2024-01-04T14:32:37+00:00","dateModified":"2024-01-04T15:00:32+00:00","author":{"@id":"https:\/\/eifeil.com\/#\/schema\/person\/d3398e3af494abb571fb142b5ef074d2"},"breadcrumb":{"@id":"https:\/\/eifeil.com\/index.php\/2024\/01\/04\/creer-sa-structure-dedition-musicale-sas-vs-sa-pourquoi-privilegier-la-sas-pour-votre-entreprise\/#breadcrumb"},"inLanguage":"fr-FR","potentialAction":[{"@type":"ReadAction","target":["https:\/\/eifeil.com\/index.php\/2024\/01\/04\/creer-sa-structure-dedition-musicale-sas-vs-sa-pourquoi-privilegier-la-sas-pour-votre-entreprise\/"]}]},{"@type":"ImageObject","inLanguage":"fr-FR","@id":"https:\/\/eifeil.com\/index.php\/2024\/01\/04\/creer-sa-structure-dedition-musicale-sas-vs-sa-pourquoi-privilegier-la-sas-pour-votre-entreprise\/#primaryimage","url":"https:\/\/eifeil.com\/wp-content\/uploads\/2024\/01\/blog.png","contentUrl":"https:\/\/eifeil.com\/wp-content\/uploads\/2024\/01\/blog.png","width":1640,"height":924,"caption":"sas vs sasu"},{"@type":"BreadcrumbList","@id":"https:\/\/eifeil.com\/index.php\/2024\/01\/04\/creer-sa-structure-dedition-musicale-sas-vs-sa-pourquoi-privilegier-la-sas-pour-votre-entreprise\/#breadcrumb","itemListElement":[{"@type":"ListItem","position":1,"name":"Accueil","item":"https:\/\/eifeil.com\/"},{"@type":"ListItem","position":2,"name":"Cr\u00e9er sa structure d\u2019\u00e9dition musicale &#8211;\u00a0SAS vs SA : Pourquoi privil\u00e9gier la SAS pour votre entreprise ?"}]},{"@type":"WebSite","@id":"https:\/\/eifeil.com\/#website","url":"https:\/\/eifeil.com\/","name":"EIFEIL","description":"\u00c9diteurs Ind\u00e9pendants F\u00e9d\u00e9r\u00e9s en France","potentialAction":[{"@type":"SearchAction","target":{"@type":"EntryPoint","urlTemplate":"https:\/\/eifeil.com\/?s={search_term_string}"},"query-input":{"@type":"PropertyValueSpecification","valueRequired":true,"valueName":"search_term_string"}}],"inLanguage":"fr-FR"},{"@type":"Person","@id":"https:\/\/eifeil.com\/#\/schema\/person\/d3398e3af494abb571fb142b5ef074d2","name":"admin6173","image":{"@type":"ImageObject","inLanguage":"fr-FR","@id":"https:\/\/eifeil.com\/#\/schema\/person\/image\/","url":"https:\/\/secure.gravatar.com\/avatar\/af326bdf008db93c146414fceef6a0c32555518597f72f45b2400acfce1c7224?s=96&d=mm&r=g","contentUrl":"https:\/\/secure.gravatar.com\/avatar\/af326bdf008db93c146414fceef6a0c32555518597f72f45b2400acfce1c7224?s=96&d=mm&r=g","caption":"admin6173"},"sameAs":["http:\/\/eifeil.com\/di13089-ovh"],"url":"https:\/\/eifeil.com\/index.php\/author\/admin6173\/"}]}},"_links":{"self":[{"href":"https:\/\/eifeil.com\/index.php\/wp-json\/wp\/v2\/posts\/5107","targetHints":{"allow":["GET"]}}],"collection":[{"href":"https:\/\/eifeil.com\/index.php\/wp-json\/wp\/v2\/posts"}],"about":[{"href":"https:\/\/eifeil.com\/index.php\/wp-json\/wp\/v2\/types\/post"}],"author":[{"embeddable":true,"href":"https:\/\/eifeil.com\/index.php\/wp-json\/wp\/v2\/users\/1"}],"replies":[{"embeddable":true,"href":"https:\/\/eifeil.com\/index.php\/wp-json\/wp\/v2\/comments?post=5107"}],"version-history":[{"count":20,"href":"https:\/\/eifeil.com\/index.php\/wp-json\/wp\/v2\/posts\/5107\/revisions"}],"predecessor-version":[{"id":5133,"href":"https:\/\/eifeil.com\/index.php\/wp-json\/wp\/v2\/posts\/5107\/revisions\/5133"}],"wp:featuredmedia":[{"embeddable":true,"href":"https:\/\/eifeil.com\/index.php\/wp-json\/wp\/v2\/media\/5118"}],"wp:attachment":[{"href":"https:\/\/eifeil.com\/index.php\/wp-json\/wp\/v2\/media?parent=5107"}],"wp:term":[{"taxonomy":"category","embeddable":true,"href":"https:\/\/eifeil.com\/index.php\/wp-json\/wp\/v2\/categories?post=5107"},{"taxonomy":"post_tag","embeddable":true,"href":"https:\/\/eifeil.com\/index.php\/wp-json\/wp\/v2\/tags?post=5107"}],"curies":[{"name":"wp","href":"https:\/\/api.w.org\/{rel}","templated":true}]}}