{"id":5156,"date":"2024-01-22T12:11:59","date_gmt":"2024-01-22T11:11:59","guid":{"rendered":"https:\/\/eifeil.com\/?p=5156"},"modified":"2024-01-22T12:17:09","modified_gmt":"2024-01-22T11:17:09","slug":"gerer-sa-structure-dedition-musicale-lobligation-de-declaration-des-comptes-bancaires-etrangers","status":"publish","type":"post","link":"https:\/\/eifeil.com\/index.php\/2024\/01\/22\/gerer-sa-structure-dedition-musicale-lobligation-de-declaration-des-comptes-bancaires-etrangers\/","title":{"rendered":"G\u00e9rer sa structure d\u2019\u00e9dition musicale : L\u2019obligation de d\u00e9claration des comptes bancaires \u00e9trangers\u00a0"},"content":{"rendered":"\t\t<div data-elementor-type=\"wp-post\" data-elementor-id=\"5156\" class=\"elementor elementor-5156\">\n\t\t\t\t\t\t<section class=\"elementor-section elementor-top-section elementor-element elementor-element-12dbdde elementor-section-boxed elementor-section-height-default elementor-section-height-default\" data-id=\"12dbdde\" data-element_type=\"section\" data-e-type=\"section\">\n\t\t\t\t\t\t<div class=\"elementor-container elementor-column-gap-default\">\n\t\t\t\t\t<div class=\"elementor-column elementor-col-100 elementor-top-column elementor-element elementor-element-a129428\" data-id=\"a129428\" data-element_type=\"column\" data-e-type=\"column\">\n\t\t\t<div class=\"elementor-widget-wrap elementor-element-populated\">\n\t\t\t\t\t\t<div class=\"elementor-element elementor-element-a512701 elementor-widget elementor-widget-spacer\" data-id=\"a512701\" data-element_type=\"widget\" data-e-type=\"widget\" data-widget_type=\"spacer.default\">\n\t\t\t\t<div class=\"elementor-widget-container\">\n\t\t\t\t\t\t\t<div class=\"elementor-spacer\">\n\t\t\t<div class=\"elementor-spacer-inner\"><\/div>\n\t\t<\/div>\n\t\t\t\t\t\t<\/div>\n\t\t\t\t<\/div>\n\t\t\t\t<div class=\"elementor-element elementor-element-cc694c8 elementor-widget elementor-widget-text-editor\" data-id=\"cc694c8\" data-element_type=\"widget\" data-e-type=\"widget\" data-widget_type=\"text-editor.default\">\n\t\t\t\t<div class=\"elementor-widget-container\">\n\t\t\t\t\t\t\t\t\t<p><span style=\"font-weight: 400;\">La gestion des comptes bancaires \u00e9trangers par les dirigeants d&rsquo;entreprise est un sujet technique, principalement en raison de la complexit\u00e9 des obligations l\u00e9gales de d\u00e9claration. Selon les directives \u00e9mises par le Conseil d&rsquo;\u00c9tat, cette obligation de d\u00e9claration ne se limite pas uniquement aux titulaires de comptes, mais s&rsquo;\u00e9tend \u00e9galement \u00e0 toutes les personnes physiques ou morales ayant eu recours \u00e0 l&rsquo;utilisation d&rsquo;un compte bancaire \u00e9tranger. Cela inclut les dirigeants d&rsquo;entreprises qui, pour des raisons strat\u00e9giques ou op\u00e9rationnelles, peuvent \u00eatre amen\u00e9s \u00e0 g\u00e9rer ou \u00e0 utiliser de tels comptes.<\/span><\/p>\t\t\t\t\t\t\t\t<\/div>\n\t\t\t\t<\/div>\n\t\t\t\t<div class=\"elementor-element elementor-element-f14258a elementor-widget elementor-widget-heading\" data-id=\"f14258a\" data-element_type=\"widget\" data-e-type=\"widget\" data-widget_type=\"heading.default\">\n\t\t\t\t<div class=\"elementor-widget-container\">\n\t\t\t\t\t<h2 class=\"elementor-heading-title elementor-size-default\">D\u00c9FINITION DE L'OBLIGATION DE D\u00c9CLARATION<\/h2>\t\t\t\t<\/div>\n\t\t\t\t<\/div>\n\t\t\t\t<div class=\"elementor-element elementor-element-aec937e elementor-widget elementor-widget-spacer\" data-id=\"aec937e\" data-element_type=\"widget\" data-e-type=\"widget\" data-widget_type=\"spacer.default\">\n\t\t\t\t<div class=\"elementor-widget-container\">\n\t\t\t\t\t\t\t<div class=\"elementor-spacer\">\n\t\t\t<div class=\"elementor-spacer-inner\"><\/div>\n\t\t<\/div>\n\t\t\t\t\t\t<\/div>\n\t\t\t\t<\/div>\n\t\t\t\t<div class=\"elementor-element elementor-element-4d78c41 elementor-widget elementor-widget-text-editor\" data-id=\"4d78c41\" data-element_type=\"widget\" data-e-type=\"widget\" data-widget_type=\"text-editor.default\">\n\t\t\t\t<div class=\"elementor-widget-container\">\n\t\t\t\t\t\t\t\t\t<p><span style=\"font-family: -apple-system, BlinkMacSystemFont, 'Segoe UI', Roboto, Oxygen-Sans, Ubuntu, Cantarell, 'Helvetica Neue', sans-serif;\">L&rsquo;obligation de d\u00e9claration repr\u00e9sente une exigence l\u00e9gale primordiale dans le cadre de la gouvernance des soci\u00e9t\u00e9s commerciales. Cette r\u00e9glementation stipule que les dirigeants de ces soci\u00e9t\u00e9s sont tenus de d\u00e9clarer les comptes d\u00e9tenus \u00e0 l&rsquo;\u00e9tranger par leur entreprise, sous certaines conditions sp\u00e9cifiques. \u00c9tablie par la loi n\u00b0 2018-898 du 23 octobre 2018, cette obligation s&rsquo;inscrit dans un effort plus large visant \u00e0 promouvoir la transparence financi\u00e8re et \u00e0 lutter contre la fraude fiscale.<\/span><\/p><p><span style=\"font-weight: 400;\">Concr\u00e8tement, cette obligation concerne tous les comptes bancaires \u00e9trangers, y compris ceux dont le b\u00e9n\u00e9ficiaire effectif pourrait \u00eatre dissimul\u00e9 derri\u00e8re des structures juridiques complexes ou opaques. L&rsquo;objectif est de s&rsquo;assurer que toutes les activit\u00e9s financi\u00e8res internationales sont d\u00fbment enregistr\u00e9es et transparentes aux yeux des autorit\u00e9s fiscales.<\/span><\/p>\t\t\t\t\t\t\t\t<\/div>\n\t\t\t\t<\/div>\n\t\t\t\t<div class=\"elementor-element elementor-element-dd853cd elementor-widget elementor-widget-heading\" data-id=\"dd853cd\" data-element_type=\"widget\" data-e-type=\"widget\" data-widget_type=\"heading.default\">\n\t\t\t\t<div class=\"elementor-widget-container\">\n\t\t\t\t\t<h2 class=\"elementor-heading-title elementor-size-default\">LES DIRIGEANTS ET L'OBLIGATION DE D\u00c9CLARATION <\/h2>\t\t\t\t<\/div>\n\t\t\t\t<\/div>\n\t\t\t\t<div class=\"elementor-element elementor-element-e690f8b elementor-widget elementor-widget-spacer\" data-id=\"e690f8b\" data-element_type=\"widget\" data-e-type=\"widget\" data-widget_type=\"spacer.default\">\n\t\t\t\t<div class=\"elementor-widget-container\">\n\t\t\t\t\t\t\t<div class=\"elementor-spacer\">\n\t\t\t<div class=\"elementor-spacer-inner\"><\/div>\n\t\t<\/div>\n\t\t\t\t\t\t<\/div>\n\t\t\t\t<\/div>\n\t\t\t\t<div class=\"elementor-element elementor-element-a9da3e6 elementor-widget elementor-widget-text-editor\" data-id=\"a9da3e6\" data-element_type=\"widget\" data-e-type=\"widget\" data-widget_type=\"text-editor.default\">\n\t\t\t\t<div class=\"elementor-widget-container\">\n\t\t\t\t\t\t\t\t\t<p><span style=\"font-weight: 400;\">La port\u00e9e de cette r\u00e9glementation est donc large. Elle inclut non seulement les comptes bancaires directs, mais aussi les comptes indirects, o\u00f9 le dirigeant d&rsquo;entreprise peut exercer un contr\u00f4le ou obtenir un b\u00e9n\u00e9fice financier, m\u00eame si son nom n&rsquo;appara\u00eet pas explicitement en tant que titulaire du compte. Cette mesure vise \u00e0 emp\u00eacher les pratiques d&rsquo;\u00e9vasion fiscale o\u00f9 les b\u00e9n\u00e9ficiaires effectifs utilisent des entit\u00e9s interpos\u00e9es pour masquer leur identit\u00e9.<\/span><\/p><p><span style=\"font-weight: 400;\">Le respect de cette obligation est crucial pour les dirigeants d&rsquo;entreprise. Le manquement \u00e0 cette exigence peut entra\u00eener des cons\u00e9quences s\u00e9v\u00e8res, telles que des sanctions financi\u00e8res importantes, voire des poursuites judiciaires dans les cas les plus graves. En outre, la non-conformit\u00e9 peut nuire \u00e0 la r\u00e9putation de l&rsquo;entreprise, affectant sa cr\u00e9dibilit\u00e9 et sa position sur le march\u00e9.<\/span><\/p><p><span style=\"font-weight: 400;\">Les dirigeants d&rsquo;entreprise doivent donc \u00eatre vigilants et s&rsquo;assurer que toutes les dispositions de la loi sont respect\u00e9es. Cela implique souvent la mise en place de syst\u00e8mes de contr\u00f4le interne et la consultation r\u00e9guli\u00e8re avec des experts en fiscalit\u00e9 et en droit des affaires internationales. En fin de compte, l&rsquo;adh\u00e9sion \u00e0 cette obligation de d\u00e9claration est non seulement une responsabilit\u00e9 l\u00e9gale, mais aussi un \u00e9l\u00e9ment cl\u00e9 de la responsabilit\u00e9 d&rsquo;entreprise et de la gouvernance \u00e9thique.<\/span><\/p>\t\t\t\t\t\t\t\t<\/div>\n\t\t\t\t<\/div>\n\t\t\t\t<div class=\"elementor-element elementor-element-3fe4904 elementor-widget elementor-widget-heading\" data-id=\"3fe4904\" data-element_type=\"widget\" data-e-type=\"widget\" data-widget_type=\"heading.default\">\n\t\t\t\t<div class=\"elementor-widget-container\">\n\t\t\t\t\t<h2 class=\"elementor-heading-title elementor-size-default\">LES EXCEPTIONS \u00c0 L'OBLIGATION DE D\u00c9CLARATION : LE CAS DES PARTICIPATIONS DANS UNE SOCI\u00c9T\u00c9 \u00c9TRANG\u00c8RE<\/h2>\t\t\t\t<\/div>\n\t\t\t\t<\/div>\n\t\t\t\t<div class=\"elementor-element elementor-element-9141d10 elementor-widget elementor-widget-spacer\" data-id=\"9141d10\" data-element_type=\"widget\" data-e-type=\"widget\" data-widget_type=\"spacer.default\">\n\t\t\t\t<div class=\"elementor-widget-container\">\n\t\t\t\t\t\t\t<div class=\"elementor-spacer\">\n\t\t\t<div class=\"elementor-spacer-inner\"><\/div>\n\t\t<\/div>\n\t\t\t\t\t\t<\/div>\n\t\t\t\t<\/div>\n\t\t\t\t<div class=\"elementor-element elementor-element-3b2027a elementor-widget elementor-widget-text-editor\" data-id=\"3b2027a\" data-element_type=\"widget\" data-e-type=\"widget\" data-widget_type=\"text-editor.default\">\n\t\t\t\t<div class=\"elementor-widget-container\">\n\t\t\t\t\t\t\t\t\t<p><span style=\"font-weight: 400;\">N\u00e9anmoins, il est important de noter que les dispositions actuelles relatives \u00e0 l&rsquo;obligation de d\u00e9claration des comptes \u00e9trangers n&rsquo;ont pas modifi\u00e9 les principes \u00e9tablis par la r\u00e9ponse minist\u00e9rielle Poisson (Assembl\u00e9e Nationale, 29 d\u00e9cembre 2015, n\u00b0 82934). Cette r\u00e9ponse apporte une clarification essentielle : le fait de d\u00e9tenir une participation dans une soci\u00e9t\u00e9 \u00e9trang\u00e8re ou d&rsquo;en \u00eatre le dirigeant ne d\u00e9clenche pas automatiquement l&rsquo;obligation de d\u00e9claration des comptes de cette soci\u00e9t\u00e9.<\/span><\/p><p><span style=\"font-weight: 400;\">Cette distinction signifie que les dirigeants ou actionnaires de soci\u00e9t\u00e9s \u00e9trang\u00e8res ne sont pas syst\u00e9matiquement tenus de d\u00e9clarer les comptes de ces entit\u00e9s dans le cadre de leur d\u00e9claration personnelle, \u00e0 moins qu&rsquo;ils ne soient personnellement titulaires ou co-titulaires de ces comptes. En d&rsquo;autres termes, une personne qui poss\u00e8de des parts dans une soci\u00e9t\u00e9 \u00e9trang\u00e8re, ou qui occupe une fonction de direction dans cette soci\u00e9t\u00e9, n&rsquo;est pas soumise \u00e0 l&rsquo;obligation de d\u00e9claration, sauf si elle exerce un contr\u00f4le direct sur les comptes bancaires de la soci\u00e9t\u00e9.<\/span><\/p>\t\t\t\t\t\t\t\t<\/div>\n\t\t\t\t<\/div>\n\t\t\t\t<div class=\"elementor-element elementor-element-5b13115 elementor-widget elementor-widget-spacer\" data-id=\"5b13115\" data-element_type=\"widget\" data-e-type=\"widget\" data-widget_type=\"spacer.default\">\n\t\t\t\t<div class=\"elementor-widget-container\">\n\t\t\t\t\t\t\t<div class=\"elementor-spacer\">\n\t\t\t<div class=\"elementor-spacer-inner\"><\/div>\n\t\t<\/div>\n\t\t\t\t\t\t<\/div>\n\t\t\t\t<\/div>\n\t\t\t\t<div class=\"elementor-element elementor-element-dd6b84d elementor-widget elementor-widget-text-editor\" data-id=\"dd6b84d\" data-element_type=\"widget\" data-e-type=\"widget\" data-widget_type=\"text-editor.default\">\n\t\t\t\t<div class=\"elementor-widget-container\">\n\t\t\t\t\t\t\t\t\t<p><strong>En conclusion, l&rsquo;obligation de d\u00e9claration des comptes bancaires \u00e9trangers s&rsquo;\u00e9tend \u00e0 un large \u00e9ventail de personnes et d&rsquo;entit\u00e9s. N\u00e9anmoins, certaines exceptions existent, notamment pour les personnes d\u00e9tenant une participation dans une soci\u00e9t\u00e9 \u00e9trang\u00e8re ou en \u00e9tant le dirigeant.<\/strong><\/p>\t\t\t\t\t\t\t\t<\/div>\n\t\t\t\t<\/div>\n\t\t\t\t\t<\/div>\n\t\t<\/div>\n\t\t\t\t\t<\/div>\n\t\t<\/section>\n\t\t\t\t<\/div>\n\t\t","protected":false},"excerpt":{"rendered":"<p>La gestion des comptes bancaires \u00e9trangers par les dirigeants d&rsquo;entreprise est un sujet technique, principalement en raison de la complexit\u00e9 des obligations l\u00e9gales de d\u00e9claration. Selon les directives \u00e9mises par [&hellip;]<\/p>\n","protected":false},"author":1,"featured_media":5166,"comment_status":"closed","ping_status":"closed","sticky":false,"template":"","format":"standard","meta":{"footnotes":""},"categories":[24,20],"tags":[],"class_list":["post-5156","post","type-post","status-publish","format-standard","has-post-thumbnail","hentry","category-environnement-professionnel","category-metier"],"yoast_head":"<!-- This site is optimized with the Yoast SEO plugin v26.6 - https:\/\/yoast.com\/wordpress\/plugins\/seo\/ -->\n<title>G\u00e9rer sa structure d\u2019\u00e9dition musicale : L\u2019obligation de d\u00e9claration des comptes bancaires \u00e9trangers\u00a0 - EIFEIL<\/title>\n<meta name=\"description\" content=\"G\u00e9rer sa structure d\u2019\u00e9dition musicale - L\u2019obligation de d\u00e9claration des comptes bancaires \u00e9trangers quand on est \u00e9diteur de musique\" \/>\n<meta name=\"robots\" content=\"index, follow, max-snippet:-1, max-image-preview:large, max-video-preview:-1\" \/>\n<link rel=\"canonical\" href=\"https:\/\/eifeil.com\/index.php\/2024\/01\/22\/gerer-sa-structure-dedition-musicale-lobligation-de-declaration-des-comptes-bancaires-etrangers\/\" \/>\n<meta property=\"og:locale\" content=\"fr_FR\" \/>\n<meta property=\"og:type\" content=\"article\" \/>\n<meta property=\"og:title\" content=\"G\u00e9rer sa structure d\u2019\u00e9dition musicale : L\u2019obligation de d\u00e9claration des comptes bancaires \u00e9trangers\u00a0 - EIFEIL\" \/>\n<meta property=\"og:description\" content=\"G\u00e9rer sa structure d\u2019\u00e9dition musicale - L\u2019obligation de d\u00e9claration des comptes bancaires \u00e9trangers quand on est \u00e9diteur de musique\" \/>\n<meta property=\"og:url\" content=\"https:\/\/eifeil.com\/index.php\/2024\/01\/22\/gerer-sa-structure-dedition-musicale-lobligation-de-declaration-des-comptes-bancaires-etrangers\/\" \/>\n<meta property=\"og:site_name\" content=\"EIFEIL\" \/>\n<meta property=\"article:published_time\" content=\"2024-01-22T11:11:59+00:00\" \/>\n<meta property=\"article:modified_time\" content=\"2024-01-22T11:17:09+00:00\" \/>\n<meta property=\"og:image\" content=\"https:\/\/eifeil.com\/wp-content\/uploads\/2024\/01\/blog-3.png\" \/>\n\t<meta property=\"og:image:width\" content=\"1640\" \/>\n\t<meta property=\"og:image:height\" content=\"924\" \/>\n\t<meta property=\"og:image:type\" content=\"image\/png\" \/>\n<meta name=\"author\" content=\"admin6173\" \/>\n<meta name=\"twitter:card\" content=\"summary_large_image\" \/>\n<meta name=\"twitter:label1\" content=\"\u00c9crit par\" \/>\n\t<meta name=\"twitter:data1\" content=\"admin6173\" \/>\n\t<meta name=\"twitter:label2\" content=\"Dur\u00e9e de lecture estim\u00e9e\" \/>\n\t<meta name=\"twitter:data2\" content=\"4 minutes\" \/>\n<script type=\"application\/ld+json\" class=\"yoast-schema-graph\">{\"@context\":\"https:\/\/schema.org\",\"@graph\":[{\"@type\":\"WebPage\",\"@id\":\"https:\/\/eifeil.com\/index.php\/2024\/01\/22\/gerer-sa-structure-dedition-musicale-lobligation-de-declaration-des-comptes-bancaires-etrangers\/\",\"url\":\"https:\/\/eifeil.com\/index.php\/2024\/01\/22\/gerer-sa-structure-dedition-musicale-lobligation-de-declaration-des-comptes-bancaires-etrangers\/\",\"name\":\"G\u00e9rer sa structure d\u2019\u00e9dition musicale : L\u2019obligation de d\u00e9claration des comptes bancaires \u00e9trangers\u00a0 - EIFEIL\",\"isPartOf\":{\"@id\":\"https:\/\/eifeil.com\/#website\"},\"primaryImageOfPage\":{\"@id\":\"https:\/\/eifeil.com\/index.php\/2024\/01\/22\/gerer-sa-structure-dedition-musicale-lobligation-de-declaration-des-comptes-bancaires-etrangers\/#primaryimage\"},\"image\":{\"@id\":\"https:\/\/eifeil.com\/index.php\/2024\/01\/22\/gerer-sa-structure-dedition-musicale-lobligation-de-declaration-des-comptes-bancaires-etrangers\/#primaryimage\"},\"thumbnailUrl\":\"https:\/\/eifeil.com\/wp-content\/uploads\/2024\/01\/blog-3.png\",\"datePublished\":\"2024-01-22T11:11:59+00:00\",\"dateModified\":\"2024-01-22T11:17:09+00:00\",\"author\":{\"@id\":\"https:\/\/eifeil.com\/#\/schema\/person\/d3398e3af494abb571fb142b5ef074d2\"},\"description\":\"G\u00e9rer sa structure d\u2019\u00e9dition musicale - L\u2019obligation de d\u00e9claration des comptes bancaires \u00e9trangers quand on est \u00e9diteur de musique\",\"breadcrumb\":{\"@id\":\"https:\/\/eifeil.com\/index.php\/2024\/01\/22\/gerer-sa-structure-dedition-musicale-lobligation-de-declaration-des-comptes-bancaires-etrangers\/#breadcrumb\"},\"inLanguage\":\"fr-FR\",\"potentialAction\":[{\"@type\":\"ReadAction\",\"target\":[\"https:\/\/eifeil.com\/index.php\/2024\/01\/22\/gerer-sa-structure-dedition-musicale-lobligation-de-declaration-des-comptes-bancaires-etrangers\/\"]}]},{\"@type\":\"ImageObject\",\"inLanguage\":\"fr-FR\",\"@id\":\"https:\/\/eifeil.com\/index.php\/2024\/01\/22\/gerer-sa-structure-dedition-musicale-lobligation-de-declaration-des-comptes-bancaires-etrangers\/#primaryimage\",\"url\":\"https:\/\/eifeil.com\/wp-content\/uploads\/2024\/01\/blog-3.png\",\"contentUrl\":\"https:\/\/eifeil.com\/wp-content\/uploads\/2024\/01\/blog-3.png\",\"width\":1640,\"height\":924,\"caption\":\"blog eifeil\"},{\"@type\":\"BreadcrumbList\",\"@id\":\"https:\/\/eifeil.com\/index.php\/2024\/01\/22\/gerer-sa-structure-dedition-musicale-lobligation-de-declaration-des-comptes-bancaires-etrangers\/#breadcrumb\",\"itemListElement\":[{\"@type\":\"ListItem\",\"position\":1,\"name\":\"Accueil\",\"item\":\"https:\/\/eifeil.com\/\"},{\"@type\":\"ListItem\",\"position\":2,\"name\":\"G\u00e9rer sa structure d\u2019\u00e9dition musicale : L\u2019obligation de d\u00e9claration des comptes bancaires \u00e9trangers\u00a0\"}]},{\"@type\":\"WebSite\",\"@id\":\"https:\/\/eifeil.com\/#website\",\"url\":\"https:\/\/eifeil.com\/\",\"name\":\"EIFEIL\",\"description\":\"\u00c9diteurs Ind\u00e9pendants F\u00e9d\u00e9r\u00e9s en France\",\"potentialAction\":[{\"@type\":\"SearchAction\",\"target\":{\"@type\":\"EntryPoint\",\"urlTemplate\":\"https:\/\/eifeil.com\/?s={search_term_string}\"},\"query-input\":{\"@type\":\"PropertyValueSpecification\",\"valueRequired\":true,\"valueName\":\"search_term_string\"}}],\"inLanguage\":\"fr-FR\"},{\"@type\":\"Person\",\"@id\":\"https:\/\/eifeil.com\/#\/schema\/person\/d3398e3af494abb571fb142b5ef074d2\",\"name\":\"admin6173\",\"image\":{\"@type\":\"ImageObject\",\"inLanguage\":\"fr-FR\",\"@id\":\"https:\/\/eifeil.com\/#\/schema\/person\/image\/\",\"url\":\"https:\/\/secure.gravatar.com\/avatar\/af326bdf008db93c146414fceef6a0c32555518597f72f45b2400acfce1c7224?s=96&d=mm&r=g\",\"contentUrl\":\"https:\/\/secure.gravatar.com\/avatar\/af326bdf008db93c146414fceef6a0c32555518597f72f45b2400acfce1c7224?s=96&d=mm&r=g\",\"caption\":\"admin6173\"},\"sameAs\":[\"http:\/\/eifeil.com\/di13089-ovh\"],\"url\":\"https:\/\/eifeil.com\/index.php\/author\/admin6173\/\"}]}<\/script>\n<!-- \/ Yoast SEO plugin. -->","yoast_head_json":{"title":"G\u00e9rer sa structure d\u2019\u00e9dition musicale : L\u2019obligation de d\u00e9claration des comptes bancaires \u00e9trangers\u00a0 - EIFEIL","description":"G\u00e9rer sa structure d\u2019\u00e9dition musicale - L\u2019obligation de d\u00e9claration des comptes bancaires \u00e9trangers quand on est \u00e9diteur de musique","robots":{"index":"index","follow":"follow","max-snippet":"max-snippet:-1","max-image-preview":"max-image-preview:large","max-video-preview":"max-video-preview:-1"},"canonical":"https:\/\/eifeil.com\/index.php\/2024\/01\/22\/gerer-sa-structure-dedition-musicale-lobligation-de-declaration-des-comptes-bancaires-etrangers\/","og_locale":"fr_FR","og_type":"article","og_title":"G\u00e9rer sa structure d\u2019\u00e9dition musicale : L\u2019obligation de d\u00e9claration des comptes bancaires \u00e9trangers\u00a0 - EIFEIL","og_description":"G\u00e9rer sa structure d\u2019\u00e9dition musicale - L\u2019obligation de d\u00e9claration des comptes bancaires \u00e9trangers quand on est \u00e9diteur de musique","og_url":"https:\/\/eifeil.com\/index.php\/2024\/01\/22\/gerer-sa-structure-dedition-musicale-lobligation-de-declaration-des-comptes-bancaires-etrangers\/","og_site_name":"EIFEIL","article_published_time":"2024-01-22T11:11:59+00:00","article_modified_time":"2024-01-22T11:17:09+00:00","og_image":[{"width":1640,"height":924,"url":"https:\/\/eifeil.com\/wp-content\/uploads\/2024\/01\/blog-3.png","type":"image\/png"}],"author":"admin6173","twitter_card":"summary_large_image","twitter_misc":{"\u00c9crit par":"admin6173","Dur\u00e9e de lecture estim\u00e9e":"4 minutes"},"schema":{"@context":"https:\/\/schema.org","@graph":[{"@type":"WebPage","@id":"https:\/\/eifeil.com\/index.php\/2024\/01\/22\/gerer-sa-structure-dedition-musicale-lobligation-de-declaration-des-comptes-bancaires-etrangers\/","url":"https:\/\/eifeil.com\/index.php\/2024\/01\/22\/gerer-sa-structure-dedition-musicale-lobligation-de-declaration-des-comptes-bancaires-etrangers\/","name":"G\u00e9rer sa structure d\u2019\u00e9dition musicale : L\u2019obligation de d\u00e9claration des comptes bancaires \u00e9trangers\u00a0 - EIFEIL","isPartOf":{"@id":"https:\/\/eifeil.com\/#website"},"primaryImageOfPage":{"@id":"https:\/\/eifeil.com\/index.php\/2024\/01\/22\/gerer-sa-structure-dedition-musicale-lobligation-de-declaration-des-comptes-bancaires-etrangers\/#primaryimage"},"image":{"@id":"https:\/\/eifeil.com\/index.php\/2024\/01\/22\/gerer-sa-structure-dedition-musicale-lobligation-de-declaration-des-comptes-bancaires-etrangers\/#primaryimage"},"thumbnailUrl":"https:\/\/eifeil.com\/wp-content\/uploads\/2024\/01\/blog-3.png","datePublished":"2024-01-22T11:11:59+00:00","dateModified":"2024-01-22T11:17:09+00:00","author":{"@id":"https:\/\/eifeil.com\/#\/schema\/person\/d3398e3af494abb571fb142b5ef074d2"},"description":"G\u00e9rer sa structure d\u2019\u00e9dition musicale - L\u2019obligation de d\u00e9claration des comptes bancaires \u00e9trangers quand on est \u00e9diteur de musique","breadcrumb":{"@id":"https:\/\/eifeil.com\/index.php\/2024\/01\/22\/gerer-sa-structure-dedition-musicale-lobligation-de-declaration-des-comptes-bancaires-etrangers\/#breadcrumb"},"inLanguage":"fr-FR","potentialAction":[{"@type":"ReadAction","target":["https:\/\/eifeil.com\/index.php\/2024\/01\/22\/gerer-sa-structure-dedition-musicale-lobligation-de-declaration-des-comptes-bancaires-etrangers\/"]}]},{"@type":"ImageObject","inLanguage":"fr-FR","@id":"https:\/\/eifeil.com\/index.php\/2024\/01\/22\/gerer-sa-structure-dedition-musicale-lobligation-de-declaration-des-comptes-bancaires-etrangers\/#primaryimage","url":"https:\/\/eifeil.com\/wp-content\/uploads\/2024\/01\/blog-3.png","contentUrl":"https:\/\/eifeil.com\/wp-content\/uploads\/2024\/01\/blog-3.png","width":1640,"height":924,"caption":"blog eifeil"},{"@type":"BreadcrumbList","@id":"https:\/\/eifeil.com\/index.php\/2024\/01\/22\/gerer-sa-structure-dedition-musicale-lobligation-de-declaration-des-comptes-bancaires-etrangers\/#breadcrumb","itemListElement":[{"@type":"ListItem","position":1,"name":"Accueil","item":"https:\/\/eifeil.com\/"},{"@type":"ListItem","position":2,"name":"G\u00e9rer sa structure d\u2019\u00e9dition musicale : L\u2019obligation de d\u00e9claration des comptes bancaires \u00e9trangers\u00a0"}]},{"@type":"WebSite","@id":"https:\/\/eifeil.com\/#website","url":"https:\/\/eifeil.com\/","name":"EIFEIL","description":"\u00c9diteurs Ind\u00e9pendants F\u00e9d\u00e9r\u00e9s en France","potentialAction":[{"@type":"SearchAction","target":{"@type":"EntryPoint","urlTemplate":"https:\/\/eifeil.com\/?s={search_term_string}"},"query-input":{"@type":"PropertyValueSpecification","valueRequired":true,"valueName":"search_term_string"}}],"inLanguage":"fr-FR"},{"@type":"Person","@id":"https:\/\/eifeil.com\/#\/schema\/person\/d3398e3af494abb571fb142b5ef074d2","name":"admin6173","image":{"@type":"ImageObject","inLanguage":"fr-FR","@id":"https:\/\/eifeil.com\/#\/schema\/person\/image\/","url":"https:\/\/secure.gravatar.com\/avatar\/af326bdf008db93c146414fceef6a0c32555518597f72f45b2400acfce1c7224?s=96&d=mm&r=g","contentUrl":"https:\/\/secure.gravatar.com\/avatar\/af326bdf008db93c146414fceef6a0c32555518597f72f45b2400acfce1c7224?s=96&d=mm&r=g","caption":"admin6173"},"sameAs":["http:\/\/eifeil.com\/di13089-ovh"],"url":"https:\/\/eifeil.com\/index.php\/author\/admin6173\/"}]}},"_links":{"self":[{"href":"https:\/\/eifeil.com\/index.php\/wp-json\/wp\/v2\/posts\/5156","targetHints":{"allow":["GET"]}}],"collection":[{"href":"https:\/\/eifeil.com\/index.php\/wp-json\/wp\/v2\/posts"}],"about":[{"href":"https:\/\/eifeil.com\/index.php\/wp-json\/wp\/v2\/types\/post"}],"author":[{"embeddable":true,"href":"https:\/\/eifeil.com\/index.php\/wp-json\/wp\/v2\/users\/1"}],"replies":[{"embeddable":true,"href":"https:\/\/eifeil.com\/index.php\/wp-json\/wp\/v2\/comments?post=5156"}],"version-history":[{"count":9,"href":"https:\/\/eifeil.com\/index.php\/wp-json\/wp\/v2\/posts\/5156\/revisions"}],"predecessor-version":[{"id":5165,"href":"https:\/\/eifeil.com\/index.php\/wp-json\/wp\/v2\/posts\/5156\/revisions\/5165"}],"wp:featuredmedia":[{"embeddable":true,"href":"https:\/\/eifeil.com\/index.php\/wp-json\/wp\/v2\/media\/5166"}],"wp:attachment":[{"href":"https:\/\/eifeil.com\/index.php\/wp-json\/wp\/v2\/media?parent=5156"}],"wp:term":[{"taxonomy":"category","embeddable":true,"href":"https:\/\/eifeil.com\/index.php\/wp-json\/wp\/v2\/categories?post=5156"},{"taxonomy":"post_tag","embeddable":true,"href":"https:\/\/eifeil.com\/index.php\/wp-json\/wp\/v2\/tags?post=5156"}],"curies":[{"name":"wp","href":"https:\/\/api.w.org\/{rel}","templated":true}]}}