{"id":5288,"date":"2024-02-09T11:55:05","date_gmt":"2024-02-09T10:55:05","guid":{"rendered":"https:\/\/eifeil.com\/?p=5288"},"modified":"2024-02-09T14:41:05","modified_gmt":"2024-02-09T13:41:05","slug":"vers-un-nouvel-age-dor-de-lentrepreneuriat-en-france","status":"publish","type":"post","link":"https:\/\/eifeil.com\/index.php\/2024\/02\/09\/vers-un-nouvel-age-dor-de-lentrepreneuriat-en-france\/","title":{"rendered":"Vers un nouvel \u00e2ge d&rsquo;or de l&rsquo;entrepreneuriat en France"},"content":{"rendered":"\t\t<div data-elementor-type=\"wp-post\" data-elementor-id=\"5288\" class=\"elementor elementor-5288\">\n\t\t\t\t\t\t<section class=\"elementor-section elementor-top-section elementor-element elementor-element-78af62e elementor-section-boxed elementor-section-height-default elementor-section-height-default\" data-id=\"78af62e\" data-element_type=\"section\" data-e-type=\"section\">\n\t\t\t\t\t\t<div class=\"elementor-container elementor-column-gap-default\">\n\t\t\t\t\t<div class=\"elementor-column elementor-col-100 elementor-top-column elementor-element elementor-element-73369da\" data-id=\"73369da\" data-element_type=\"column\" data-e-type=\"column\">\n\t\t\t<div class=\"elementor-widget-wrap elementor-element-populated\">\n\t\t\t\t\t\t<div class=\"elementor-element elementor-element-707e0a5 elementor-widget elementor-widget-spacer\" data-id=\"707e0a5\" data-element_type=\"widget\" data-e-type=\"widget\" data-widget_type=\"spacer.default\">\n\t\t\t\t<div class=\"elementor-widget-container\">\n\t\t\t\t\t\t\t<div class=\"elementor-spacer\">\n\t\t\t<div class=\"elementor-spacer-inner\"><\/div>\n\t\t<\/div>\n\t\t\t\t\t\t<\/div>\n\t\t\t\t<\/div>\n\t\t\t\t<div class=\"elementor-element elementor-element-bde6f0d elementor-widget elementor-widget-text-editor\" data-id=\"bde6f0d\" data-element_type=\"widget\" data-e-type=\"widget\" data-widget_type=\"text-editor.default\">\n\t\t\t\t<div class=\"elementor-widget-container\">\n\t\t\t\t\t\t\t\t\t<p>Dans un contexte o\u00f9 le march\u00e9 du travail est en plene mutatio et les mentalit\u00e9s li\u00e9es au milieu professionnelle se transforment, l&rsquo;int\u00e9r\u00eat pour l&rsquo;entrepreuneuriat en France conna\u00eet une croissance impressionnante. Une part de plus en plus importante de la population fran\u00e7aise est s\u00e9duite par l&rsquo;id\u00e9e de cr\u00e9er sa propre entreprise, illustrant ainsi un environnement entrepreneurial \u00e0 la fois dynamique et plein de promesses.\u00a0<\/p>\t\t\t\t\t\t\t\t<\/div>\n\t\t\t\t<\/div>\n\t\t\t\t<div class=\"elementor-element elementor-element-d19accf elementor-widget elementor-widget-spacer\" data-id=\"d19accf\" data-element_type=\"widget\" data-e-type=\"widget\" data-widget_type=\"spacer.default\">\n\t\t\t\t<div class=\"elementor-widget-container\">\n\t\t\t\t\t\t\t<div class=\"elementor-spacer\">\n\t\t\t<div class=\"elementor-spacer-inner\"><\/div>\n\t\t<\/div>\n\t\t\t\t\t\t<\/div>\n\t\t\t\t<\/div>\n\t\t\t\t<div class=\"elementor-element elementor-element-110858c elementor-widget elementor-widget-heading\" data-id=\"110858c\" data-element_type=\"widget\" data-e-type=\"widget\" data-widget_type=\"heading.default\">\n\t\t\t\t<div class=\"elementor-widget-container\">\n\t\t\t\t\t<h2 class=\"elementor-heading-title elementor-size-default\">La jeunesse au c\u0153ur de la r\u00e9volution entrepreneuriale !<\/h2>\t\t\t\t<\/div>\n\t\t\t\t<\/div>\n\t\t\t\t<div class=\"elementor-element elementor-element-b678072 elementor-widget elementor-widget-spacer\" data-id=\"b678072\" data-element_type=\"widget\" data-e-type=\"widget\" data-widget_type=\"spacer.default\">\n\t\t\t\t<div class=\"elementor-widget-container\">\n\t\t\t\t\t\t\t<div class=\"elementor-spacer\">\n\t\t\t<div class=\"elementor-spacer-inner\"><\/div>\n\t\t<\/div>\n\t\t\t\t\t\t<\/div>\n\t\t\t\t<\/div>\n\t\t\t\t<div class=\"elementor-element elementor-element-9dc2cb5 elementor-widget elementor-widget-text-editor\" data-id=\"9dc2cb5\" data-element_type=\"widget\" data-e-type=\"widget\" data-widget_type=\"text-editor.default\">\n\t\t\t\t<div class=\"elementor-widget-container\">\n\t\t\t\t\t\t\t\t\t<p>L&rsquo;Indice Entrepreneurial Fran\u00e7ais de 2023 r\u00e9v\u00e8le une initiation de plus en plus pr\u00e9coce \u00e0 l&rsquo;entrepreneuriat parmi les jeunes de moins de 30 ans. Actuellement, une majorit\u00e9 impressionnante de 58% de cette cat\u00e9gorie d&rsquo;\u00e2ge s&rsquo;engage activement dans le tissu entrepreneurial, t\u00e9moignant d&rsquo;un v\u00e9ritable dynamisme. Cette tendance ne se contente pas de rajeunir l&rsquo;\u00e9cosyst\u00e8me entrepreneurial ; elle pr\u00e9dit \u00e9galement un futur o\u00f9 l&rsquo;innovation et la prise de risque sont destin\u00e9es \u00e0 transformer profond\u00e9ment l&rsquo;\u00e9conomie fran\u00e7aise. Cette \u00e9volution traduit une mutation significative dans les aspirations et les comportements des jeunes, qui voient dans l&rsquo;entrepreneuriat non seulement une opportunit\u00e9 de carri\u00e8re, mais aussi un moyen d&rsquo;apporter des changements dans la soci\u00e9t\u00e9.<\/p>\t\t\t\t\t\t\t\t<\/div>\n\t\t\t\t<\/div>\n\t\t\t\t<div class=\"elementor-element elementor-element-6b46547 elementor-widget elementor-widget-spacer\" data-id=\"6b46547\" data-element_type=\"widget\" data-e-type=\"widget\" data-widget_type=\"spacer.default\">\n\t\t\t\t<div class=\"elementor-widget-container\">\n\t\t\t\t\t\t\t<div class=\"elementor-spacer\">\n\t\t\t<div class=\"elementor-spacer-inner\"><\/div>\n\t\t<\/div>\n\t\t\t\t\t\t<\/div>\n\t\t\t\t<\/div>\n\t\t\t\t<div class=\"elementor-element elementor-element-764759f elementor-widget elementor-widget-heading\" data-id=\"764759f\" data-element_type=\"widget\" data-e-type=\"widget\" data-widget_type=\"heading.default\">\n\t\t\t\t<div class=\"elementor-widget-container\">\n\t\t\t\t\t<h2 class=\"elementor-heading-title elementor-size-default\">Vers une parit\u00e9 et inclusion plus \u00e9quilibr\u00e9e<\/h2>\t\t\t\t<\/div>\n\t\t\t\t<\/div>\n\t\t\t\t<div class=\"elementor-element elementor-element-08182c7 elementor-widget elementor-widget-spacer\" data-id=\"08182c7\" data-element_type=\"widget\" data-e-type=\"widget\" data-widget_type=\"spacer.default\">\n\t\t\t\t<div class=\"elementor-widget-container\">\n\t\t\t\t\t\t\t<div class=\"elementor-spacer\">\n\t\t\t<div class=\"elementor-spacer-inner\"><\/div>\n\t\t<\/div>\n\t\t\t\t\t\t<\/div>\n\t\t\t\t<\/div>\n\t\t\t\t<div class=\"elementor-element elementor-element-97e5c9d elementor-widget elementor-widget-text-editor\" data-id=\"97e5c9d\" data-element_type=\"widget\" data-e-type=\"widget\" data-widget_type=\"text-editor.default\">\n\t\t\t\t<div class=\"elementor-widget-container\">\n\t\t\t\t\t\t\t\t\t<p>L&rsquo;esprit d&rsquo;entreprise transcende les fronti\u00e8res de genre et de classe sociale, se manifestant par des avanc\u00e9es notables vers une parit\u00e9 accrue dans l&rsquo;entrepreneuriat. La pr\u00e9sence croissante tant des hommes que des femmes dans cet \u00e9cosyst\u00e8me illustre cette tendance, refl\u00e9tant un progr\u00e8s vers l&rsquo;\u00e9galit\u00e9 des chances. De plus, les Quartiers Prioritaires de la Ville (QPV) t\u00e9moignent d&rsquo;une dynamique entrepreneuriale en plein essor, avec un int\u00e9r\u00eat croissant pour l&rsquo;entrepreneuriat : 26% de ses r\u00e9sidents se disent pr\u00eats \u00e0 se lancer en 2023, contre 20% en 2021. Cependant, cet \u00e9lan se traduit principalement par des intentions, soulignant la n\u00e9cessit\u00e9 de transformer ces aspirations en actions concr\u00e8tes. Ces d\u00e9veloppements sont essentiels pour enrichir le paysage entrepreneurial d&rsquo;une diversit\u00e9 et d&rsquo;une r\u00e9silience accrues.<\/p>\t\t\t\t\t\t\t\t<\/div>\n\t\t\t\t<\/div>\n\t\t\t\t<div class=\"elementor-element elementor-element-946d1ca elementor-widget elementor-widget-spacer\" data-id=\"946d1ca\" data-element_type=\"widget\" data-e-type=\"widget\" data-widget_type=\"spacer.default\">\n\t\t\t\t<div class=\"elementor-widget-container\">\n\t\t\t\t\t\t\t<div class=\"elementor-spacer\">\n\t\t\t<div class=\"elementor-spacer-inner\"><\/div>\n\t\t<\/div>\n\t\t\t\t\t\t<\/div>\n\t\t\t\t<\/div>\n\t\t\t\t<div class=\"elementor-element elementor-element-d8bba9c elementor-widget elementor-widget-heading\" data-id=\"d8bba9c\" data-element_type=\"widget\" data-e-type=\"widget\" data-widget_type=\"heading.default\">\n\t\t\t\t<div class=\"elementor-widget-container\">\n\t\t\t\t\t<h2 class=\"elementor-heading-title elementor-size-default\">La qu\u00eate de nouveaux d\u00e9fis : le moteur des entrepreneurs<\/h2>\t\t\t\t<\/div>\n\t\t\t\t<\/div>\n\t\t\t\t<div class=\"elementor-element elementor-element-1ffe692 elementor-widget elementor-widget-spacer\" data-id=\"1ffe692\" data-element_type=\"widget\" data-e-type=\"widget\" data-widget_type=\"spacer.default\">\n\t\t\t\t<div class=\"elementor-widget-container\">\n\t\t\t\t\t\t\t<div class=\"elementor-spacer\">\n\t\t\t<div class=\"elementor-spacer-inner\"><\/div>\n\t\t<\/div>\n\t\t\t\t\t\t<\/div>\n\t\t\t\t<\/div>\n\t\t\t\t<div class=\"elementor-element elementor-element-709e566 elementor-widget elementor-widget-text-editor\" data-id=\"709e566\" data-element_type=\"widget\" data-e-type=\"widget\" data-widget_type=\"text-editor.default\">\n\t\t\t\t<div class=\"elementor-widget-container\">\n\t\t\t\t\t\t\t\t\t<p>Les motivations qui poussent les entrepreneurs fran\u00e7ais \u00e0 se lancer dans l&rsquo;aventure entrepreneuriale transcendent largement le d\u00e9sir de gains financiers. La qu\u00eate d&rsquo;autonomie, la r\u00e9alisation de passions personnelles et l&rsquo;alignement avec leurs valeurs fondamentales sont au c\u0153ur de leurs ambitions. En outre, une grande majorit\u00e9 (75%) d&rsquo;anciens chefs d&rsquo;entreprise demeurent activement engag\u00e9s dans le monde de l&rsquo;entrepreneuriat, souvent anim\u00e9s par la recherche de nouveaux d\u00e9fis ou la volont\u00e9 de poursuivre d&rsquo;autres projets professionnels. Cette continuit\u00e9 dans l&rsquo;engagement entrepreneurial r\u00e9v\u00e8le une capacit\u00e9 remarquable de r\u00e9silience et d&rsquo;adaptabilit\u00e9, caract\u00e9ristique de l&rsquo;esprit entrepreneurial.<\/p>\t\t\t\t\t\t\t\t<\/div>\n\t\t\t\t<\/div>\n\t\t\t\t<div class=\"elementor-element elementor-element-9287fe2 elementor-widget elementor-widget-spacer\" data-id=\"9287fe2\" data-element_type=\"widget\" data-e-type=\"widget\" data-widget_type=\"spacer.default\">\n\t\t\t\t<div class=\"elementor-widget-container\">\n\t\t\t\t\t\t\t<div class=\"elementor-spacer\">\n\t\t\t<div class=\"elementor-spacer-inner\"><\/div>\n\t\t<\/div>\n\t\t\t\t\t\t<\/div>\n\t\t\t\t<\/div>\n\t\t\t\t<div class=\"elementor-element elementor-element-1c8ccff elementor-widget elementor-widget-text-editor\" data-id=\"1c8ccff\" data-element_type=\"widget\" data-e-type=\"widget\" data-widget_type=\"text-editor.default\">\n\t\t\t\t<div class=\"elementor-widget-container\">\n\t\t\t\t\t\t\t\t\t<p><strong>En conclusion, l&rsquo;entrepreneuriat en France vit une p\u00e9riode de floraison remarquable, impuls\u00e9e par une jeunesse intr\u00e9pide, un \u00e9lan vers plus de parit\u00e9 et d&rsquo;inclusion, ainsi que par des motivations profondes marqu\u00e9es par la recherche d&rsquo;ind\u00e9pendance et l&rsquo;accomplissement personnel. Ces transformations signalent l&rsquo;av\u00e8nement d&rsquo;une \u00e8re nouvelle et prometteuse pour l&rsquo;\u00e9cosyst\u00e8me entrepreneurial fran\u00e7ais, pr\u00e9sageant un futur dynamique et innovant !<\/strong><\/p>\t\t\t\t\t\t\t\t<\/div>\n\t\t\t\t<\/div>\n\t\t\t\t\t<\/div>\n\t\t<\/div>\n\t\t\t\t\t<\/div>\n\t\t<\/section>\n\t\t\t\t<\/div>\n\t\t","protected":false},"excerpt":{"rendered":"<p>Dans un contexte o\u00f9 le march\u00e9 du travail est en plene mutatio et les mentalit\u00e9s li\u00e9es au milieu professionnelle se transforment, l&rsquo;int\u00e9r\u00eat pour l&rsquo;entrepreuneuriat en France conna\u00eet une croissance impressionnante. [&hellip;]<\/p>\n","protected":false},"author":1,"featured_media":5301,"comment_status":"open","ping_status":"open","sticky":false,"template":"","format":"standard","meta":{"footnotes":""},"categories":[24],"tags":[],"class_list":["post-5288","post","type-post","status-publish","format-standard","has-post-thumbnail","hentry","category-environnement-professionnel"],"yoast_head":"<!-- This site is optimized with the Yoast SEO plugin v26.6 - https:\/\/yoast.com\/wordpress\/plugins\/seo\/ -->\n<title>Vers un nouvel \u00e2ge d&#039;or de l&#039;entrepreneuriat en France - EIFEIL<\/title>\n<meta name=\"description\" content=\"Vers un nouvel \u00e2ge d&#039;or de l&#039;entrepreneuriat en France ? L&#039;essor de l&#039;entrepreneuriat en France : Analyse d&#039;une tendance croissante.\" \/>\n<meta name=\"robots\" content=\"index, follow, max-snippet:-1, max-image-preview:large, max-video-preview:-1\" \/>\n<link rel=\"canonical\" href=\"https:\/\/eifeil.com\/index.php\/2024\/02\/09\/vers-un-nouvel-age-dor-de-lentrepreneuriat-en-france\/\" \/>\n<meta property=\"og:locale\" content=\"fr_FR\" \/>\n<meta property=\"og:type\" content=\"article\" \/>\n<meta property=\"og:title\" content=\"Vers un nouvel \u00e2ge d&#039;or de l&#039;entrepreneuriat en France - EIFEIL\" \/>\n<meta property=\"og:description\" content=\"Vers un nouvel \u00e2ge d&#039;or de l&#039;entrepreneuriat en France ? L&#039;essor de l&#039;entrepreneuriat en France : Analyse d&#039;une tendance croissante.\" \/>\n<meta property=\"og:url\" content=\"https:\/\/eifeil.com\/index.php\/2024\/02\/09\/vers-un-nouvel-age-dor-de-lentrepreneuriat-en-france\/\" \/>\n<meta property=\"og:site_name\" content=\"EIFEIL\" \/>\n<meta property=\"article:published_time\" content=\"2024-02-09T10:55:05+00:00\" \/>\n<meta property=\"article:modified_time\" content=\"2024-02-09T13:41:05+00:00\" \/>\n<meta property=\"og:image\" content=\"https:\/\/eifeil.com\/wp-content\/uploads\/2024\/02\/blog-6.png\" \/>\n\t<meta property=\"og:image:width\" content=\"1640\" \/>\n\t<meta property=\"og:image:height\" content=\"924\" \/>\n\t<meta property=\"og:image:type\" content=\"image\/png\" \/>\n<meta name=\"author\" content=\"admin6173\" \/>\n<meta name=\"twitter:card\" content=\"summary_large_image\" \/>\n<meta name=\"twitter:label1\" content=\"\u00c9crit par\" \/>\n\t<meta name=\"twitter:data1\" content=\"admin6173\" \/>\n\t<meta name=\"twitter:label2\" content=\"Dur\u00e9e de lecture estim\u00e9e\" \/>\n\t<meta name=\"twitter:data2\" content=\"3 minutes\" \/>\n<script type=\"application\/ld+json\" class=\"yoast-schema-graph\">{\"@context\":\"https:\/\/schema.org\",\"@graph\":[{\"@type\":\"WebPage\",\"@id\":\"https:\/\/eifeil.com\/index.php\/2024\/02\/09\/vers-un-nouvel-age-dor-de-lentrepreneuriat-en-france\/\",\"url\":\"https:\/\/eifeil.com\/index.php\/2024\/02\/09\/vers-un-nouvel-age-dor-de-lentrepreneuriat-en-france\/\",\"name\":\"Vers un nouvel \u00e2ge d'or de l'entrepreneuriat en France - EIFEIL\",\"isPartOf\":{\"@id\":\"https:\/\/eifeil.com\/#website\"},\"primaryImageOfPage\":{\"@id\":\"https:\/\/eifeil.com\/index.php\/2024\/02\/09\/vers-un-nouvel-age-dor-de-lentrepreneuriat-en-france\/#primaryimage\"},\"image\":{\"@id\":\"https:\/\/eifeil.com\/index.php\/2024\/02\/09\/vers-un-nouvel-age-dor-de-lentrepreneuriat-en-france\/#primaryimage\"},\"thumbnailUrl\":\"https:\/\/eifeil.com\/wp-content\/uploads\/2024\/02\/blog-6.png\",\"datePublished\":\"2024-02-09T10:55:05+00:00\",\"dateModified\":\"2024-02-09T13:41:05+00:00\",\"author\":{\"@id\":\"https:\/\/eifeil.com\/#\/schema\/person\/d3398e3af494abb571fb142b5ef074d2\"},\"description\":\"Vers un nouvel \u00e2ge d'or de l'entrepreneuriat en France ? L'essor de l'entrepreneuriat en France : Analyse d'une tendance croissante.\",\"breadcrumb\":{\"@id\":\"https:\/\/eifeil.com\/index.php\/2024\/02\/09\/vers-un-nouvel-age-dor-de-lentrepreneuriat-en-france\/#breadcrumb\"},\"inLanguage\":\"fr-FR\",\"potentialAction\":[{\"@type\":\"ReadAction\",\"target\":[\"https:\/\/eifeil.com\/index.php\/2024\/02\/09\/vers-un-nouvel-age-dor-de-lentrepreneuriat-en-france\/\"]}]},{\"@type\":\"ImageObject\",\"inLanguage\":\"fr-FR\",\"@id\":\"https:\/\/eifeil.com\/index.php\/2024\/02\/09\/vers-un-nouvel-age-dor-de-lentrepreneuriat-en-france\/#primaryimage\",\"url\":\"https:\/\/eifeil.com\/wp-content\/uploads\/2024\/02\/blog-6.png\",\"contentUrl\":\"https:\/\/eifeil.com\/wp-content\/uploads\/2024\/02\/blog-6.png\",\"width\":1640,\"height\":924,\"caption\":\"blog eifeil\"},{\"@type\":\"BreadcrumbList\",\"@id\":\"https:\/\/eifeil.com\/index.php\/2024\/02\/09\/vers-un-nouvel-age-dor-de-lentrepreneuriat-en-france\/#breadcrumb\",\"itemListElement\":[{\"@type\":\"ListItem\",\"position\":1,\"name\":\"Accueil\",\"item\":\"https:\/\/eifeil.com\/\"},{\"@type\":\"ListItem\",\"position\":2,\"name\":\"Vers un nouvel \u00e2ge d&rsquo;or de l&rsquo;entrepreneuriat en France\"}]},{\"@type\":\"WebSite\",\"@id\":\"https:\/\/eifeil.com\/#website\",\"url\":\"https:\/\/eifeil.com\/\",\"name\":\"EIFEIL\",\"description\":\"\u00c9diteurs Ind\u00e9pendants F\u00e9d\u00e9r\u00e9s en France\",\"potentialAction\":[{\"@type\":\"SearchAction\",\"target\":{\"@type\":\"EntryPoint\",\"urlTemplate\":\"https:\/\/eifeil.com\/?s={search_term_string}\"},\"query-input\":{\"@type\":\"PropertyValueSpecification\",\"valueRequired\":true,\"valueName\":\"search_term_string\"}}],\"inLanguage\":\"fr-FR\"},{\"@type\":\"Person\",\"@id\":\"https:\/\/eifeil.com\/#\/schema\/person\/d3398e3af494abb571fb142b5ef074d2\",\"name\":\"admin6173\",\"image\":{\"@type\":\"ImageObject\",\"inLanguage\":\"fr-FR\",\"@id\":\"https:\/\/eifeil.com\/#\/schema\/person\/image\/\",\"url\":\"https:\/\/secure.gravatar.com\/avatar\/af326bdf008db93c146414fceef6a0c32555518597f72f45b2400acfce1c7224?s=96&d=mm&r=g\",\"contentUrl\":\"https:\/\/secure.gravatar.com\/avatar\/af326bdf008db93c146414fceef6a0c32555518597f72f45b2400acfce1c7224?s=96&d=mm&r=g\",\"caption\":\"admin6173\"},\"sameAs\":[\"http:\/\/eifeil.com\/di13089-ovh\"],\"url\":\"https:\/\/eifeil.com\/index.php\/author\/admin6173\/\"}]}<\/script>\n<!-- \/ Yoast SEO plugin. -->","yoast_head_json":{"title":"Vers un nouvel \u00e2ge d'or de l'entrepreneuriat en France - EIFEIL","description":"Vers un nouvel \u00e2ge d'or de l'entrepreneuriat en France ? L'essor de l'entrepreneuriat en France : Analyse d'une tendance croissante.","robots":{"index":"index","follow":"follow","max-snippet":"max-snippet:-1","max-image-preview":"max-image-preview:large","max-video-preview":"max-video-preview:-1"},"canonical":"https:\/\/eifeil.com\/index.php\/2024\/02\/09\/vers-un-nouvel-age-dor-de-lentrepreneuriat-en-france\/","og_locale":"fr_FR","og_type":"article","og_title":"Vers un nouvel \u00e2ge d'or de l'entrepreneuriat en France - EIFEIL","og_description":"Vers un nouvel \u00e2ge d'or de l'entrepreneuriat en France ? L'essor de l'entrepreneuriat en France : Analyse d'une tendance croissante.","og_url":"https:\/\/eifeil.com\/index.php\/2024\/02\/09\/vers-un-nouvel-age-dor-de-lentrepreneuriat-en-france\/","og_site_name":"EIFEIL","article_published_time":"2024-02-09T10:55:05+00:00","article_modified_time":"2024-02-09T13:41:05+00:00","og_image":[{"width":1640,"height":924,"url":"https:\/\/eifeil.com\/wp-content\/uploads\/2024\/02\/blog-6.png","type":"image\/png"}],"author":"admin6173","twitter_card":"summary_large_image","twitter_misc":{"\u00c9crit par":"admin6173","Dur\u00e9e de lecture estim\u00e9e":"3 minutes"},"schema":{"@context":"https:\/\/schema.org","@graph":[{"@type":"WebPage","@id":"https:\/\/eifeil.com\/index.php\/2024\/02\/09\/vers-un-nouvel-age-dor-de-lentrepreneuriat-en-france\/","url":"https:\/\/eifeil.com\/index.php\/2024\/02\/09\/vers-un-nouvel-age-dor-de-lentrepreneuriat-en-france\/","name":"Vers un nouvel \u00e2ge d'or de l'entrepreneuriat en France - EIFEIL","isPartOf":{"@id":"https:\/\/eifeil.com\/#website"},"primaryImageOfPage":{"@id":"https:\/\/eifeil.com\/index.php\/2024\/02\/09\/vers-un-nouvel-age-dor-de-lentrepreneuriat-en-france\/#primaryimage"},"image":{"@id":"https:\/\/eifeil.com\/index.php\/2024\/02\/09\/vers-un-nouvel-age-dor-de-lentrepreneuriat-en-france\/#primaryimage"},"thumbnailUrl":"https:\/\/eifeil.com\/wp-content\/uploads\/2024\/02\/blog-6.png","datePublished":"2024-02-09T10:55:05+00:00","dateModified":"2024-02-09T13:41:05+00:00","author":{"@id":"https:\/\/eifeil.com\/#\/schema\/person\/d3398e3af494abb571fb142b5ef074d2"},"description":"Vers un nouvel \u00e2ge d'or de l'entrepreneuriat en France ? L'essor de l'entrepreneuriat en France : Analyse d'une tendance croissante.","breadcrumb":{"@id":"https:\/\/eifeil.com\/index.php\/2024\/02\/09\/vers-un-nouvel-age-dor-de-lentrepreneuriat-en-france\/#breadcrumb"},"inLanguage":"fr-FR","potentialAction":[{"@type":"ReadAction","target":["https:\/\/eifeil.com\/index.php\/2024\/02\/09\/vers-un-nouvel-age-dor-de-lentrepreneuriat-en-france\/"]}]},{"@type":"ImageObject","inLanguage":"fr-FR","@id":"https:\/\/eifeil.com\/index.php\/2024\/02\/09\/vers-un-nouvel-age-dor-de-lentrepreneuriat-en-france\/#primaryimage","url":"https:\/\/eifeil.com\/wp-content\/uploads\/2024\/02\/blog-6.png","contentUrl":"https:\/\/eifeil.com\/wp-content\/uploads\/2024\/02\/blog-6.png","width":1640,"height":924,"caption":"blog eifeil"},{"@type":"BreadcrumbList","@id":"https:\/\/eifeil.com\/index.php\/2024\/02\/09\/vers-un-nouvel-age-dor-de-lentrepreneuriat-en-france\/#breadcrumb","itemListElement":[{"@type":"ListItem","position":1,"name":"Accueil","item":"https:\/\/eifeil.com\/"},{"@type":"ListItem","position":2,"name":"Vers un nouvel \u00e2ge d&rsquo;or de l&rsquo;entrepreneuriat en France"}]},{"@type":"WebSite","@id":"https:\/\/eifeil.com\/#website","url":"https:\/\/eifeil.com\/","name":"EIFEIL","description":"\u00c9diteurs Ind\u00e9pendants F\u00e9d\u00e9r\u00e9s en France","potentialAction":[{"@type":"SearchAction","target":{"@type":"EntryPoint","urlTemplate":"https:\/\/eifeil.com\/?s={search_term_string}"},"query-input":{"@type":"PropertyValueSpecification","valueRequired":true,"valueName":"search_term_string"}}],"inLanguage":"fr-FR"},{"@type":"Person","@id":"https:\/\/eifeil.com\/#\/schema\/person\/d3398e3af494abb571fb142b5ef074d2","name":"admin6173","image":{"@type":"ImageObject","inLanguage":"fr-FR","@id":"https:\/\/eifeil.com\/#\/schema\/person\/image\/","url":"https:\/\/secure.gravatar.com\/avatar\/af326bdf008db93c146414fceef6a0c32555518597f72f45b2400acfce1c7224?s=96&d=mm&r=g","contentUrl":"https:\/\/secure.gravatar.com\/avatar\/af326bdf008db93c146414fceef6a0c32555518597f72f45b2400acfce1c7224?s=96&d=mm&r=g","caption":"admin6173"},"sameAs":["http:\/\/eifeil.com\/di13089-ovh"],"url":"https:\/\/eifeil.com\/index.php\/author\/admin6173\/"}]}},"_links":{"self":[{"href":"https:\/\/eifeil.com\/index.php\/wp-json\/wp\/v2\/posts\/5288","targetHints":{"allow":["GET"]}}],"collection":[{"href":"https:\/\/eifeil.com\/index.php\/wp-json\/wp\/v2\/posts"}],"about":[{"href":"https:\/\/eifeil.com\/index.php\/wp-json\/wp\/v2\/types\/post"}],"author":[{"embeddable":true,"href":"https:\/\/eifeil.com\/index.php\/wp-json\/wp\/v2\/users\/1"}],"replies":[{"embeddable":true,"href":"https:\/\/eifeil.com\/index.php\/wp-json\/wp\/v2\/comments?post=5288"}],"version-history":[{"count":11,"href":"https:\/\/eifeil.com\/index.php\/wp-json\/wp\/v2\/posts\/5288\/revisions"}],"predecessor-version":[{"id":5299,"href":"https:\/\/eifeil.com\/index.php\/wp-json\/wp\/v2\/posts\/5288\/revisions\/5299"}],"wp:featuredmedia":[{"embeddable":true,"href":"https:\/\/eifeil.com\/index.php\/wp-json\/wp\/v2\/media\/5301"}],"wp:attachment":[{"href":"https:\/\/eifeil.com\/index.php\/wp-json\/wp\/v2\/media?parent=5288"}],"wp:term":[{"taxonomy":"category","embeddable":true,"href":"https:\/\/eifeil.com\/index.php\/wp-json\/wp\/v2\/categories?post=5288"},{"taxonomy":"post_tag","embeddable":true,"href":"https:\/\/eifeil.com\/index.php\/wp-json\/wp\/v2\/tags?post=5288"}],"curies":[{"name":"wp","href":"https:\/\/api.w.org\/{rel}","templated":true}]}}