{"id":5917,"date":"2024-06-10T11:47:50","date_gmt":"2024-06-10T09:47:50","guid":{"rendered":"https:\/\/eifeil.com\/?p=5917"},"modified":"2024-06-10T11:48:32","modified_gmt":"2024-06-10T09:48:32","slug":"notes-de-frais-un-impact-financier-non-negligeable-pour-les-cadres","status":"publish","type":"post","link":"https:\/\/eifeil.com\/index.php\/2024\/06\/10\/notes-de-frais-un-impact-financier-non-negligeable-pour-les-cadres\/","title":{"rendered":"Notes de frais : un impact financier non n\u00e9gligeable pour les cadres"},"content":{"rendered":"\t\t<div data-elementor-type=\"wp-post\" data-elementor-id=\"5917\" class=\"elementor elementor-5917\">\n\t\t\t\t\t\t<section class=\"elementor-section elementor-top-section elementor-element elementor-element-d2e6928 elementor-section-boxed elementor-section-height-default elementor-section-height-default\" data-id=\"d2e6928\" data-element_type=\"section\" data-e-type=\"section\">\n\t\t\t\t\t\t<div class=\"elementor-container elementor-column-gap-default\">\n\t\t\t\t\t<div class=\"elementor-column elementor-col-100 elementor-top-column elementor-element elementor-element-ec0975e\" data-id=\"ec0975e\" data-element_type=\"column\" data-e-type=\"column\">\n\t\t\t<div class=\"elementor-widget-wrap elementor-element-populated\">\n\t\t\t\t\t\t<div class=\"elementor-element elementor-element-991e71c elementor-widget elementor-widget-text-editor\" data-id=\"991e71c\" data-element_type=\"widget\" data-e-type=\"widget\" data-widget_type=\"text-editor.default\">\n\t\t\t\t<div class=\"elementor-widget-container\">\n\t\t\t\t\t\t\t\t\t<p>Dans le monde professionnel, les notes de frais occupent une place cruciale dans la gestion des d\u00e9penses des cadres. Cependant, une r\u00e9cente \u00e9tude men\u00e9e par Mooncard et l&rsquo;Ifop a r\u00e9v\u00e9l\u00e9 un probl\u00e8me alarmant : un nombre significatif de ces professionnels<b> r<\/b>encontre des difficult\u00e9s financi\u00e8res directement li\u00e9es \u00e0 la gestion de ces frai<\/p>\t\t\t\t\t\t\t\t<\/div>\n\t\t\t\t<\/div>\n\t\t\t\t\t<\/div>\n\t\t<\/div>\n\t\t\t\t\t<\/div>\n\t\t<\/section>\n\t\t\t\t<section class=\"elementor-section elementor-top-section elementor-element elementor-element-67419b0 elementor-section-boxed elementor-section-height-default elementor-section-height-default\" data-id=\"67419b0\" data-element_type=\"section\" data-e-type=\"section\">\n\t\t\t\t\t\t<div class=\"elementor-container elementor-column-gap-default\">\n\t\t\t\t\t<div class=\"elementor-column elementor-col-100 elementor-top-column elementor-element elementor-element-2825a8f\" data-id=\"2825a8f\" data-element_type=\"column\" data-e-type=\"column\">\n\t\t\t<div class=\"elementor-widget-wrap elementor-element-populated\">\n\t\t\t\t\t\t<div class=\"elementor-element elementor-element-e5f496b elementor-widget elementor-widget-heading\" data-id=\"e5f496b\" data-element_type=\"widget\" data-e-type=\"widget\" data-widget_type=\"heading.default\">\n\t\t\t\t<div class=\"elementor-widget-container\">\n\t\t\t\t\t<h2 class=\"elementor-heading-title elementor-size-default\">LES CONS\u00c9QUENCES DES AVANCES DE FRAIS<\/h2>\t\t\t\t<\/div>\n\t\t\t\t<\/div>\n\t\t\t\t<div class=\"elementor-element elementor-element-8e27c33 elementor-widget elementor-widget-text-editor\" data-id=\"8e27c33\" data-element_type=\"widget\" data-e-type=\"widget\" data-widget_type=\"text-editor.default\">\n\t\t\t\t<div class=\"elementor-widget-container\">\n\t\t\t\t\t\t\t\t\t<p>D&rsquo;apr\u00e8s l&rsquo;\u00e9tude, 32% des cadres ont connu des difficult\u00e9s financi\u00e8res \u00e0 cause de leurs notes de frais, et 17% ont m\u00eame subi un d\u00e9couvert bancaire apr\u00e8s avoir avanc\u00e9 des frais professionnels avec leurs propres fonds. Cela s&rsquo;explique souvent par une augmentation de la fr\u00e9quence et du montant des d\u00e9penses engag\u00e9es, avec une moyenne de 8,6 notes de frais par an, et plus de la moiti\u00e9 des cadres d\u00e9pensant plus de 100 euros par mois. Ces chiffres soulignent un d\u00e9fi croissant : celui de maintenir un \u00e9quilibre financier face aux exigences professionnelles.<\/p>\t\t\t\t\t\t\t\t<\/div>\n\t\t\t\t<\/div>\n\t\t\t\t<div class=\"elementor-element elementor-element-f398b99 elementor-widget elementor-widget-heading\" data-id=\"f398b99\" data-element_type=\"widget\" data-e-type=\"widget\" data-widget_type=\"heading.default\">\n\t\t\t\t<div class=\"elementor-widget-container\">\n\t\t\t\t\t<h2 class=\"elementor-heading-title elementor-size-default\">L'INFLATION ET SON IMPACT SUR LES D\u00c9PENSES PROFESSIONNELLES<\/h2>\t\t\t\t<\/div>\n\t\t\t\t<\/div>\n\t\t\t\t<div class=\"elementor-element elementor-element-1e1f35d elementor-widget elementor-widget-text-editor\" data-id=\"1e1f35d\" data-element_type=\"widget\" data-e-type=\"widget\" data-widget_type=\"text-editor.default\">\n\t\t\t\t<div class=\"elementor-widget-container\">\n\t\t\t\t\t\t\t\t\t<p>L&rsquo;inflation a aggrav\u00e9 la situation, entra\u00eenant une hausse significative des co\u00fbts li\u00e9s \u00e0 la restauration et \u00e0 l&rsquo;essence (61%), au transport (39%), \u00e0 l&rsquo;h\u00f4tellerie (36%) et aux fournitures de bureau (13%). Ces augmentations p\u00e8sent lourdement sur les budgets des cadres qui doivent avancer ces frais. Pour \u00e9viter de mettre en p\u00e9ril leur situation financi\u00e8re, de nombreuses entreprises imposent des limitations de d\u00e9penses, ce qui peut restreindre leur capacit\u00e9 \u00e0 op\u00e9rer efficacement.<\/p>\t\t\t\t\t\t\t\t<\/div>\n\t\t\t\t<\/div>\n\t\t\t\t<div class=\"elementor-element elementor-element-8d31c79 elementor-widget elementor-widget-heading\" data-id=\"8d31c79\" data-element_type=\"widget\" data-e-type=\"widget\" data-widget_type=\"heading.default\">\n\t\t\t\t<div class=\"elementor-widget-container\">\n\t\t\t\t\t<h2 class=\"elementor-heading-title elementor-size-default\">STRAT\u00c9GIES ET SOLUTIONS ADOPT\u00c9ES PAR LES CADRES\n<\/h2>\t\t\t\t<\/div>\n\t\t\t\t<\/div>\n\t\t\t\t<div class=\"elementor-element elementor-element-05f77af elementor-widget elementor-widget-text-editor\" data-id=\"05f77af\" data-element_type=\"widget\" data-e-type=\"widget\" data-widget_type=\"text-editor.default\">\n\t\t\t\t<div class=\"elementor-widget-container\">\n\t\t\t\t\t\t\t\t\t<p>Face \u00e0 ces contraintes financi\u00e8res, 78% des cadres estiment que certaines d\u00e9penses devraient \u00eatre prises en charge directement par l&rsquo;entreprise, un sentiment encore plus marqu\u00e9 chez ceux ayant subi un d\u00e9couvert bancaire. De plus, la perte de justificatifs est une source d&rsquo;inqui\u00e9tude pour 58% des cadres, soulignant le besoin d&rsquo;une meilleure gestion des notes de frais pour all\u00e9ger la pression sur eux. Sylvain Montoro, Directeur Financier de Mooncard, insiste sur l&rsquo;importance pour les entreprises de reconna\u00eetre l&rsquo;impact de cette gestion sur le bien-\u00eatre financier de leurs employ\u00e9s.<\/p><p>En conclusion, la gestion des notes de frais est une question d&rsquo;\u00e9quilibre financier pour les cadres, un probl\u00e8me rendu encore plus complexe par l&rsquo;inflation. La solution r\u00e9side peut-\u00eatre dans une prise en charge plus directe par les entreprises, ainsi qu&rsquo;une meilleure gestion des justificatifs pour r\u00e9duire le stress et les risques financiers des cadres. Envisagez-vous des mesures pour optimiser la gestion des notes de frais dans votre entreprise ?<\/p>\t\t\t\t\t\t\t\t<\/div>\n\t\t\t\t<\/div>\n\t\t\t\t\t<\/div>\n\t\t<\/div>\n\t\t\t\t\t<\/div>\n\t\t<\/section>\n\t\t\t\t<\/div>\n\t\t","protected":false},"excerpt":{"rendered":"<p>Dans le monde professionnel, les notes de frais occupent une place cruciale dans la gestion des d\u00e9penses des cadres. Cependant, une r\u00e9cente \u00e9tude men\u00e9e par Mooncard et l&rsquo;Ifop a r\u00e9v\u00e9l\u00e9 [&hellip;]<\/p>\n","protected":false},"author":1,"featured_media":5922,"comment_status":"open","ping_status":"open","sticky":false,"template":"","format":"standard","meta":{"footnotes":""},"categories":[24,20],"tags":[],"class_list":["post-5917","post","type-post","status-publish","format-standard","has-post-thumbnail","hentry","category-environnement-professionnel","category-metier"],"yoast_head":"<!-- This site is optimized with the Yoast SEO plugin v26.6 - https:\/\/yoast.com\/wordpress\/plugins\/seo\/ -->\n<title>Notes de frais : un impact financier non n\u00e9gligeable pour les cadres - EIFEIL<\/title>\n<meta name=\"robots\" content=\"index, follow, max-snippet:-1, max-image-preview:large, max-video-preview:-1\" \/>\n<link rel=\"canonical\" href=\"https:\/\/eifeil.com\/index.php\/2024\/06\/10\/notes-de-frais-un-impact-financier-non-negligeable-pour-les-cadres\/\" \/>\n<meta property=\"og:locale\" content=\"fr_FR\" \/>\n<meta property=\"og:type\" content=\"article\" \/>\n<meta property=\"og:title\" content=\"Notes de frais : un impact financier non n\u00e9gligeable pour les cadres - EIFEIL\" \/>\n<meta property=\"og:description\" content=\"Dans le monde professionnel, les notes de frais occupent une place cruciale dans la gestion des d\u00e9penses des cadres. Cependant, une r\u00e9cente \u00e9tude men\u00e9e par Mooncard et l&rsquo;Ifop a r\u00e9v\u00e9l\u00e9 [&hellip;]\" \/>\n<meta property=\"og:url\" content=\"https:\/\/eifeil.com\/index.php\/2024\/06\/10\/notes-de-frais-un-impact-financier-non-negligeable-pour-les-cadres\/\" \/>\n<meta property=\"og:site_name\" content=\"EIFEIL\" \/>\n<meta property=\"article:published_time\" content=\"2024-06-10T09:47:50+00:00\" \/>\n<meta property=\"article:modified_time\" content=\"2024-06-10T09:48:32+00:00\" \/>\n<meta property=\"og:image\" content=\"https:\/\/eifeil.com\/wp-content\/uploads\/2024\/06\/blog-6.png\" \/>\n\t<meta property=\"og:image:width\" content=\"1640\" \/>\n\t<meta property=\"og:image:height\" content=\"924\" \/>\n\t<meta property=\"og:image:type\" content=\"image\/png\" \/>\n<meta name=\"author\" content=\"admin6173\" \/>\n<meta name=\"twitter:card\" content=\"summary_large_image\" \/>\n<meta name=\"twitter:label1\" content=\"\u00c9crit par\" \/>\n\t<meta name=\"twitter:data1\" content=\"admin6173\" \/>\n\t<meta name=\"twitter:label2\" content=\"Dur\u00e9e de lecture estim\u00e9e\" \/>\n\t<meta name=\"twitter:data2\" content=\"2 minutes\" \/>\n<script type=\"application\/ld+json\" class=\"yoast-schema-graph\">{\"@context\":\"https:\/\/schema.org\",\"@graph\":[{\"@type\":\"WebPage\",\"@id\":\"https:\/\/eifeil.com\/index.php\/2024\/06\/10\/notes-de-frais-un-impact-financier-non-negligeable-pour-les-cadres\/\",\"url\":\"https:\/\/eifeil.com\/index.php\/2024\/06\/10\/notes-de-frais-un-impact-financier-non-negligeable-pour-les-cadres\/\",\"name\":\"Notes de frais : un impact financier non n\u00e9gligeable pour les cadres - EIFEIL\",\"isPartOf\":{\"@id\":\"https:\/\/eifeil.com\/#website\"},\"primaryImageOfPage\":{\"@id\":\"https:\/\/eifeil.com\/index.php\/2024\/06\/10\/notes-de-frais-un-impact-financier-non-negligeable-pour-les-cadres\/#primaryimage\"},\"image\":{\"@id\":\"https:\/\/eifeil.com\/index.php\/2024\/06\/10\/notes-de-frais-un-impact-financier-non-negligeable-pour-les-cadres\/#primaryimage\"},\"thumbnailUrl\":\"https:\/\/eifeil.com\/wp-content\/uploads\/2024\/06\/blog-6.png\",\"datePublished\":\"2024-06-10T09:47:50+00:00\",\"dateModified\":\"2024-06-10T09:48:32+00:00\",\"author\":{\"@id\":\"https:\/\/eifeil.com\/#\/schema\/person\/d3398e3af494abb571fb142b5ef074d2\"},\"breadcrumb\":{\"@id\":\"https:\/\/eifeil.com\/index.php\/2024\/06\/10\/notes-de-frais-un-impact-financier-non-negligeable-pour-les-cadres\/#breadcrumb\"},\"inLanguage\":\"fr-FR\",\"potentialAction\":[{\"@type\":\"ReadAction\",\"target\":[\"https:\/\/eifeil.com\/index.php\/2024\/06\/10\/notes-de-frais-un-impact-financier-non-negligeable-pour-les-cadres\/\"]}]},{\"@type\":\"ImageObject\",\"inLanguage\":\"fr-FR\",\"@id\":\"https:\/\/eifeil.com\/index.php\/2024\/06\/10\/notes-de-frais-un-impact-financier-non-negligeable-pour-les-cadres\/#primaryimage\",\"url\":\"https:\/\/eifeil.com\/wp-content\/uploads\/2024\/06\/blog-6.png\",\"contentUrl\":\"https:\/\/eifeil.com\/wp-content\/uploads\/2024\/06\/blog-6.png\",\"width\":1640,\"height\":924},{\"@type\":\"BreadcrumbList\",\"@id\":\"https:\/\/eifeil.com\/index.php\/2024\/06\/10\/notes-de-frais-un-impact-financier-non-negligeable-pour-les-cadres\/#breadcrumb\",\"itemListElement\":[{\"@type\":\"ListItem\",\"position\":1,\"name\":\"Accueil\",\"item\":\"https:\/\/eifeil.com\/\"},{\"@type\":\"ListItem\",\"position\":2,\"name\":\"Notes de frais : un impact financier non n\u00e9gligeable pour les cadres\"}]},{\"@type\":\"WebSite\",\"@id\":\"https:\/\/eifeil.com\/#website\",\"url\":\"https:\/\/eifeil.com\/\",\"name\":\"EIFEIL\",\"description\":\"\u00c9diteurs Ind\u00e9pendants F\u00e9d\u00e9r\u00e9s en France\",\"potentialAction\":[{\"@type\":\"SearchAction\",\"target\":{\"@type\":\"EntryPoint\",\"urlTemplate\":\"https:\/\/eifeil.com\/?s={search_term_string}\"},\"query-input\":{\"@type\":\"PropertyValueSpecification\",\"valueRequired\":true,\"valueName\":\"search_term_string\"}}],\"inLanguage\":\"fr-FR\"},{\"@type\":\"Person\",\"@id\":\"https:\/\/eifeil.com\/#\/schema\/person\/d3398e3af494abb571fb142b5ef074d2\",\"name\":\"admin6173\",\"image\":{\"@type\":\"ImageObject\",\"inLanguage\":\"fr-FR\",\"@id\":\"https:\/\/eifeil.com\/#\/schema\/person\/image\/\",\"url\":\"https:\/\/secure.gravatar.com\/avatar\/af326bdf008db93c146414fceef6a0c32555518597f72f45b2400acfce1c7224?s=96&d=mm&r=g\",\"contentUrl\":\"https:\/\/secure.gravatar.com\/avatar\/af326bdf008db93c146414fceef6a0c32555518597f72f45b2400acfce1c7224?s=96&d=mm&r=g\",\"caption\":\"admin6173\"},\"sameAs\":[\"http:\/\/eifeil.com\/di13089-ovh\"],\"url\":\"https:\/\/eifeil.com\/index.php\/author\/admin6173\/\"}]}<\/script>\n<!-- \/ Yoast SEO plugin. -->","yoast_head_json":{"title":"Notes de frais : un impact financier non n\u00e9gligeable pour les cadres - EIFEIL","robots":{"index":"index","follow":"follow","max-snippet":"max-snippet:-1","max-image-preview":"max-image-preview:large","max-video-preview":"max-video-preview:-1"},"canonical":"https:\/\/eifeil.com\/index.php\/2024\/06\/10\/notes-de-frais-un-impact-financier-non-negligeable-pour-les-cadres\/","og_locale":"fr_FR","og_type":"article","og_title":"Notes de frais : un impact financier non n\u00e9gligeable pour les cadres - EIFEIL","og_description":"Dans le monde professionnel, les notes de frais occupent une place cruciale dans la gestion des d\u00e9penses des cadres. Cependant, une r\u00e9cente \u00e9tude men\u00e9e par Mooncard et l&rsquo;Ifop a r\u00e9v\u00e9l\u00e9 [&hellip;]","og_url":"https:\/\/eifeil.com\/index.php\/2024\/06\/10\/notes-de-frais-un-impact-financier-non-negligeable-pour-les-cadres\/","og_site_name":"EIFEIL","article_published_time":"2024-06-10T09:47:50+00:00","article_modified_time":"2024-06-10T09:48:32+00:00","og_image":[{"width":1640,"height":924,"url":"https:\/\/eifeil.com\/wp-content\/uploads\/2024\/06\/blog-6.png","type":"image\/png"}],"author":"admin6173","twitter_card":"summary_large_image","twitter_misc":{"\u00c9crit par":"admin6173","Dur\u00e9e de lecture estim\u00e9e":"2 minutes"},"schema":{"@context":"https:\/\/schema.org","@graph":[{"@type":"WebPage","@id":"https:\/\/eifeil.com\/index.php\/2024\/06\/10\/notes-de-frais-un-impact-financier-non-negligeable-pour-les-cadres\/","url":"https:\/\/eifeil.com\/index.php\/2024\/06\/10\/notes-de-frais-un-impact-financier-non-negligeable-pour-les-cadres\/","name":"Notes de frais : un impact financier non n\u00e9gligeable pour les cadres - EIFEIL","isPartOf":{"@id":"https:\/\/eifeil.com\/#website"},"primaryImageOfPage":{"@id":"https:\/\/eifeil.com\/index.php\/2024\/06\/10\/notes-de-frais-un-impact-financier-non-negligeable-pour-les-cadres\/#primaryimage"},"image":{"@id":"https:\/\/eifeil.com\/index.php\/2024\/06\/10\/notes-de-frais-un-impact-financier-non-negligeable-pour-les-cadres\/#primaryimage"},"thumbnailUrl":"https:\/\/eifeil.com\/wp-content\/uploads\/2024\/06\/blog-6.png","datePublished":"2024-06-10T09:47:50+00:00","dateModified":"2024-06-10T09:48:32+00:00","author":{"@id":"https:\/\/eifeil.com\/#\/schema\/person\/d3398e3af494abb571fb142b5ef074d2"},"breadcrumb":{"@id":"https:\/\/eifeil.com\/index.php\/2024\/06\/10\/notes-de-frais-un-impact-financier-non-negligeable-pour-les-cadres\/#breadcrumb"},"inLanguage":"fr-FR","potentialAction":[{"@type":"ReadAction","target":["https:\/\/eifeil.com\/index.php\/2024\/06\/10\/notes-de-frais-un-impact-financier-non-negligeable-pour-les-cadres\/"]}]},{"@type":"ImageObject","inLanguage":"fr-FR","@id":"https:\/\/eifeil.com\/index.php\/2024\/06\/10\/notes-de-frais-un-impact-financier-non-negligeable-pour-les-cadres\/#primaryimage","url":"https:\/\/eifeil.com\/wp-content\/uploads\/2024\/06\/blog-6.png","contentUrl":"https:\/\/eifeil.com\/wp-content\/uploads\/2024\/06\/blog-6.png","width":1640,"height":924},{"@type":"BreadcrumbList","@id":"https:\/\/eifeil.com\/index.php\/2024\/06\/10\/notes-de-frais-un-impact-financier-non-negligeable-pour-les-cadres\/#breadcrumb","itemListElement":[{"@type":"ListItem","position":1,"name":"Accueil","item":"https:\/\/eifeil.com\/"},{"@type":"ListItem","position":2,"name":"Notes de frais : un impact financier non n\u00e9gligeable pour les cadres"}]},{"@type":"WebSite","@id":"https:\/\/eifeil.com\/#website","url":"https:\/\/eifeil.com\/","name":"EIFEIL","description":"\u00c9diteurs Ind\u00e9pendants F\u00e9d\u00e9r\u00e9s en France","potentialAction":[{"@type":"SearchAction","target":{"@type":"EntryPoint","urlTemplate":"https:\/\/eifeil.com\/?s={search_term_string}"},"query-input":{"@type":"PropertyValueSpecification","valueRequired":true,"valueName":"search_term_string"}}],"inLanguage":"fr-FR"},{"@type":"Person","@id":"https:\/\/eifeil.com\/#\/schema\/person\/d3398e3af494abb571fb142b5ef074d2","name":"admin6173","image":{"@type":"ImageObject","inLanguage":"fr-FR","@id":"https:\/\/eifeil.com\/#\/schema\/person\/image\/","url":"https:\/\/secure.gravatar.com\/avatar\/af326bdf008db93c146414fceef6a0c32555518597f72f45b2400acfce1c7224?s=96&d=mm&r=g","contentUrl":"https:\/\/secure.gravatar.com\/avatar\/af326bdf008db93c146414fceef6a0c32555518597f72f45b2400acfce1c7224?s=96&d=mm&r=g","caption":"admin6173"},"sameAs":["http:\/\/eifeil.com\/di13089-ovh"],"url":"https:\/\/eifeil.com\/index.php\/author\/admin6173\/"}]}},"_links":{"self":[{"href":"https:\/\/eifeil.com\/index.php\/wp-json\/wp\/v2\/posts\/5917","targetHints":{"allow":["GET"]}}],"collection":[{"href":"https:\/\/eifeil.com\/index.php\/wp-json\/wp\/v2\/posts"}],"about":[{"href":"https:\/\/eifeil.com\/index.php\/wp-json\/wp\/v2\/types\/post"}],"author":[{"embeddable":true,"href":"https:\/\/eifeil.com\/index.php\/wp-json\/wp\/v2\/users\/1"}],"replies":[{"embeddable":true,"href":"https:\/\/eifeil.com\/index.php\/wp-json\/wp\/v2\/comments?post=5917"}],"version-history":[{"count":4,"href":"https:\/\/eifeil.com\/index.php\/wp-json\/wp\/v2\/posts\/5917\/revisions"}],"predecessor-version":[{"id":5921,"href":"https:\/\/eifeil.com\/index.php\/wp-json\/wp\/v2\/posts\/5917\/revisions\/5921"}],"wp:featuredmedia":[{"embeddable":true,"href":"https:\/\/eifeil.com\/index.php\/wp-json\/wp\/v2\/media\/5922"}],"wp:attachment":[{"href":"https:\/\/eifeil.com\/index.php\/wp-json\/wp\/v2\/media?parent=5917"}],"wp:term":[{"taxonomy":"category","embeddable":true,"href":"https:\/\/eifeil.com\/index.php\/wp-json\/wp\/v2\/categories?post=5917"},{"taxonomy":"post_tag","embeddable":true,"href":"https:\/\/eifeil.com\/index.php\/wp-json\/wp\/v2\/tags?post=5917"}],"curies":[{"name":"wp","href":"https:\/\/api.w.org\/{rel}","templated":true}]}}