{"id":6076,"date":"2024-09-02T11:23:26","date_gmt":"2024-09-02T09:23:26","guid":{"rendered":"https:\/\/eifeil.com\/?p=6076"},"modified":"2024-09-02T11:40:55","modified_gmt":"2024-09-02T09:40:55","slug":"statuts-juridiques-dune-sasu-quelles-sont-les-mentions-obligatoires","status":"publish","type":"post","link":"https:\/\/eifeil.com\/index.php\/2024\/09\/02\/statuts-juridiques-dune-sasu-quelles-sont-les-mentions-obligatoires\/","title":{"rendered":"Statuts juridiques d&rsquo;une SASU : Quelles sont les mentions obligatoires ?"},"content":{"rendered":"\t\t<div data-elementor-type=\"wp-post\" data-elementor-id=\"6076\" class=\"elementor elementor-6076\">\n\t\t\t\t\t\t<section class=\"elementor-section elementor-top-section elementor-element elementor-element-1d5a8a4 elementor-section-boxed elementor-section-height-default elementor-section-height-default\" data-id=\"1d5a8a4\" data-element_type=\"section\" data-e-type=\"section\">\n\t\t\t\t\t\t<div class=\"elementor-container elementor-column-gap-default\">\n\t\t\t\t\t<div class=\"elementor-column elementor-col-100 elementor-top-column elementor-element elementor-element-1066c7f\" data-id=\"1066c7f\" data-element_type=\"column\" data-e-type=\"column\">\n\t\t\t<div class=\"elementor-widget-wrap elementor-element-populated\">\n\t\t\t\t\t\t<div class=\"elementor-element elementor-element-9c1d493 elementor-widget elementor-widget-spacer\" data-id=\"9c1d493\" data-element_type=\"widget\" data-e-type=\"widget\" data-widget_type=\"spacer.default\">\n\t\t\t\t<div class=\"elementor-widget-container\">\n\t\t\t\t\t\t\t<div class=\"elementor-spacer\">\n\t\t\t<div class=\"elementor-spacer-inner\"><\/div>\n\t\t<\/div>\n\t\t\t\t\t\t<\/div>\n\t\t\t\t<\/div>\n\t\t\t\t<div class=\"elementor-element elementor-element-ec0bdcb elementor-widget elementor-widget-text-editor\" data-id=\"ec0bdcb\" data-element_type=\"widget\" data-e-type=\"widget\" data-widget_type=\"text-editor.default\">\n\t\t\t\t<div class=\"elementor-widget-container\">\n\t\t\t\t\t\t\t\t\t<p>Les statuts d&rsquo;une Soci\u00e9t\u00e9 par Actions Simplifi\u00e9e Unipersonnelle (SASU) sont un document fondamental pour la cr\u00e9ation de cette structure juridique. Ils doivent inclure certaines mentions obligatoires pour \u00eatre valides et conformes \u00e0 la l\u00e9gislation en vigueur.<\/p>\t\t\t\t\t\t\t\t<\/div>\n\t\t\t\t<\/div>\n\t\t\t\t<div class=\"elementor-element elementor-element-4e9f0f5 elementor-widget elementor-widget-heading\" data-id=\"4e9f0f5\" data-element_type=\"widget\" data-e-type=\"widget\" data-widget_type=\"heading.default\">\n\t\t\t\t<div class=\"elementor-widget-container\">\n\t\t\t\t\t<h2 class=\"elementor-heading-title elementor-size-default\">MENTIONS OBLIGATOIRES DES STATUTS<\/h2>\t\t\t\t<\/div>\n\t\t\t\t<\/div>\n\t\t\t\t<div class=\"elementor-element elementor-element-1dcd0ac elementor-widget elementor-widget-text-editor\" data-id=\"1dcd0ac\" data-element_type=\"widget\" data-e-type=\"widget\" data-widget_type=\"text-editor.default\">\n\t\t\t\t<div class=\"elementor-widget-container\">\n\t\t\t\t\t\t\t\t\t<p>Les statuts d&rsquo;une SASU doivent imp\u00e9rativement contenir plusieurs informations essentielles. Parmi celles-ci, on retrouve :<\/p><ul><li><strong> la d\u00e9nomination sociale<\/strong>, qui est le nom de la soci\u00e9t\u00e9, l&rsquo;objet social, qui d\u00e9crit l&rsquo;activit\u00e9 principale de l&rsquo;entreprise ;<\/li><li><strong>le si\u00e8ge social<\/strong>, qui est l&rsquo;adresse de l&rsquo;entreprise ;<\/li><li><strong>le montant du capital social ;<\/strong><\/li><li><strong>la dur\u00e9e de la soci\u00e9t\u00e9.<\/strong><\/li><\/ul><p>Ces \u00e9l\u00e9ments sont cruciaux pour d\u00e9finir l&rsquo;identit\u00e9 et les bases juridiques de la SASU.<\/p>\t\t\t\t\t\t\t\t<\/div>\n\t\t\t\t<\/div>\n\t\t\t\t<div class=\"elementor-element elementor-element-b4755fc elementor-widget elementor-widget-heading\" data-id=\"b4755fc\" data-element_type=\"widget\" data-e-type=\"widget\" data-widget_type=\"heading.default\">\n\t\t\t\t<div class=\"elementor-widget-container\">\n\t\t\t\t\t<h2 class=\"elementor-heading-title elementor-size-default\">LIBERT\u00c9 CONTRACTUELLE ET FLEXIBILIT\u00c9<\/h2>\t\t\t\t<\/div>\n\t\t\t\t<\/div>\n\t\t\t\t<div class=\"elementor-element elementor-element-d0536f3 elementor-widget elementor-widget-text-editor\" data-id=\"d0536f3\" data-element_type=\"widget\" data-e-type=\"widget\" data-widget_type=\"text-editor.default\">\n\t\t\t\t<div class=\"elementor-widget-container\">\n\t\t\t\t\t\t\t\t\t<p>L&rsquo;un des grands avantages de la SASU r\u00e9side dans la libert\u00e9 contractuelle qu&rsquo;elle offre. L&rsquo;associ\u00e9 unique a la possibilit\u00e9 de personnaliser les r\u00e8gles de fonctionnement de la soci\u00e9t\u00e9 selon ses besoins et ses objectifs.<\/p><p>Cette flexibilit\u00e9 est particuli\u00e8rement appr\u00e9ci\u00e9e par les entrepreneurs qui souhaitent adapter leur structure juridique \u00e0 leur vision et \u00e0 leur strat\u00e9gie d&rsquo;entreprise. Par exemple, le capital social peut \u00eatre fix\u00e9 \u00e0 un minimum de 1 euro, rendant la cr\u00e9ation de la SASU accessible m\u00eame avec des moyens financiers limit\u00e9s.<\/p>\t\t\t\t\t\t\t\t<\/div>\n\t\t\t\t<\/div>\n\t\t\t\t<div class=\"elementor-element elementor-element-17d1ef8 elementor-widget elementor-widget-heading\" data-id=\"17d1ef8\" data-element_type=\"widget\" data-e-type=\"widget\" data-widget_type=\"heading.default\">\n\t\t\t\t<div class=\"elementor-widget-container\">\n\t\t\t\t\t<h2 class=\"elementor-heading-title elementor-size-default\">RESPONSABILIT\u00c9 LIMIT\u00c9E ET FORMALIT\u00c9S DE CR\u00c9ATION<\/h2>\t\t\t\t<\/div>\n\t\t\t\t<\/div>\n\t\t\t\t<div class=\"elementor-element elementor-element-1470d59 elementor-widget elementor-widget-text-editor\" data-id=\"1470d59\" data-element_type=\"widget\" data-e-type=\"widget\" data-widget_type=\"text-editor.default\">\n\t\t\t\t<div class=\"elementor-widget-container\">\n\t\t\t\t\t\t\t\t\t<div align=\"justify\">La SASU permet \u00e0 l&rsquo;associ\u00e9 unique de b\u00e9n\u00e9ficier d&rsquo;une responsabilit\u00e9 limit\u00e9e \u00e0 ses apports, prot\u00e9geant ainsi son patrimoine personnel en cas de difficult\u00e9s financi\u00e8res de la soci\u00e9t\u00e9.<\/div><div align=\"justify\">\u00a0<\/div><div align=\"justify\">Pour cr\u00e9er une SASU, il est n\u00e9cessaire de :<\/div><ul><li><strong> r\u00e9diger les statuts ; <\/strong><\/li><li><strong>publier un avis de constitution dans un journal d&rsquo;annonces l\u00e9gales ;<\/strong><\/li><li><strong>de proc\u00e9der \u00e0 l&rsquo;immatriculation au registre du commerce et des soci\u00e9t\u00e9s (RCS)<\/strong>.<\/li><\/ul><p>Ces formalit\u00e9s, bien que contraignantes, sont indispensables pour donner une existence l\u00e9gale \u00e0 la SASU.<\/p><div align=\"justify\">\u00a0<\/div><div align=\"justify\">En r\u00e9sum\u00e9, les statuts d&rsquo;une SASU doivent inclure des mentions obligatoires telles que la d\u00e9nomination sociale, l&rsquo;objet social, le si\u00e8ge social, le montant du capital social, et la dur\u00e9e de la soci\u00e9t\u00e9. La flexibilit\u00e9 et la protection offertes par cette structure juridique en font un choix attractif pour de nombreux entrepreneurs.<\/div>\t\t\t\t\t\t\t\t<\/div>\n\t\t\t\t<\/div>\n\t\t\t\t\t<\/div>\n\t\t<\/div>\n\t\t\t\t\t<\/div>\n\t\t<\/section>\n\t\t\t\t<\/div>\n\t\t","protected":false},"excerpt":{"rendered":"<p>Les statuts d&rsquo;une Soci\u00e9t\u00e9 par Actions Simplifi\u00e9e Unipersonnelle (SASU) sont un document fondamental pour la cr\u00e9ation de cette structure juridique. Ils doivent inclure certaines mentions obligatoires pour \u00eatre valides et [&hellip;]<\/p>\n","protected":false},"author":1,"featured_media":6081,"comment_status":"open","ping_status":"open","sticky":false,"template":"","format":"standard","meta":{"footnotes":""},"categories":[24,20],"tags":[],"class_list":["post-6076","post","type-post","status-publish","format-standard","has-post-thumbnail","hentry","category-environnement-professionnel","category-metier"],"yoast_head":"<!-- This site is optimized with the Yoast SEO plugin v26.6 - https:\/\/yoast.com\/wordpress\/plugins\/seo\/ -->\n<title>Statuts juridiques d&#039;une SASU : Quelles sont les mentions obligatoires ? - EIFEIL<\/title>\n<meta name=\"description\" content=\"Statuts juridiques d&#039;une SASU : Quelles sont les mentions obligatoires \u00e0 ne pas oublier ! Lisez cet article pour \u00eatre incollable.\" \/>\n<meta name=\"robots\" content=\"index, follow, max-snippet:-1, max-image-preview:large, max-video-preview:-1\" \/>\n<link rel=\"canonical\" href=\"https:\/\/eifeil.com\/index.php\/2024\/09\/02\/statuts-juridiques-dune-sasu-quelles-sont-les-mentions-obligatoires\/\" \/>\n<meta property=\"og:locale\" content=\"fr_FR\" \/>\n<meta property=\"og:type\" content=\"article\" \/>\n<meta property=\"og:title\" content=\"Statuts juridiques d&#039;une SASU : Quelles sont les mentions obligatoires ? - EIFEIL\" \/>\n<meta property=\"og:description\" content=\"Statuts juridiques d&#039;une SASU : Quelles sont les mentions obligatoires \u00e0 ne pas oublier ! Lisez cet article pour \u00eatre incollable.\" \/>\n<meta property=\"og:url\" content=\"https:\/\/eifeil.com\/index.php\/2024\/09\/02\/statuts-juridiques-dune-sasu-quelles-sont-les-mentions-obligatoires\/\" \/>\n<meta property=\"og:site_name\" content=\"EIFEIL\" \/>\n<meta property=\"article:published_time\" content=\"2024-09-02T09:23:26+00:00\" \/>\n<meta property=\"article:modified_time\" content=\"2024-09-02T09:40:55+00:00\" \/>\n<meta property=\"og:image\" content=\"https:\/\/eifeil.com\/wp-content\/uploads\/2024\/09\/Bannieres-blog.png\" \/>\n\t<meta property=\"og:image:width\" content=\"1640\" \/>\n\t<meta property=\"og:image:height\" content=\"924\" \/>\n\t<meta property=\"og:image:type\" content=\"image\/png\" \/>\n<meta name=\"author\" content=\"admin6173\" \/>\n<meta name=\"twitter:card\" content=\"summary_large_image\" \/>\n<meta name=\"twitter:label1\" content=\"\u00c9crit par\" \/>\n\t<meta name=\"twitter:data1\" content=\"admin6173\" \/>\n\t<meta name=\"twitter:label2\" content=\"Dur\u00e9e de lecture estim\u00e9e\" \/>\n\t<meta name=\"twitter:data2\" content=\"2 minutes\" \/>\n<script type=\"application\/ld+json\" class=\"yoast-schema-graph\">{\"@context\":\"https:\/\/schema.org\",\"@graph\":[{\"@type\":\"WebPage\",\"@id\":\"https:\/\/eifeil.com\/index.php\/2024\/09\/02\/statuts-juridiques-dune-sasu-quelles-sont-les-mentions-obligatoires\/\",\"url\":\"https:\/\/eifeil.com\/index.php\/2024\/09\/02\/statuts-juridiques-dune-sasu-quelles-sont-les-mentions-obligatoires\/\",\"name\":\"Statuts juridiques d'une SASU : Quelles sont les mentions obligatoires ? - EIFEIL\",\"isPartOf\":{\"@id\":\"https:\/\/eifeil.com\/#website\"},\"primaryImageOfPage\":{\"@id\":\"https:\/\/eifeil.com\/index.php\/2024\/09\/02\/statuts-juridiques-dune-sasu-quelles-sont-les-mentions-obligatoires\/#primaryimage\"},\"image\":{\"@id\":\"https:\/\/eifeil.com\/index.php\/2024\/09\/02\/statuts-juridiques-dune-sasu-quelles-sont-les-mentions-obligatoires\/#primaryimage\"},\"thumbnailUrl\":\"https:\/\/eifeil.com\/wp-content\/uploads\/2024\/09\/Bannieres-blog.png\",\"datePublished\":\"2024-09-02T09:23:26+00:00\",\"dateModified\":\"2024-09-02T09:40:55+00:00\",\"author\":{\"@id\":\"https:\/\/eifeil.com\/#\/schema\/person\/d3398e3af494abb571fb142b5ef074d2\"},\"description\":\"Statuts juridiques d'une SASU : Quelles sont les mentions obligatoires \u00e0 ne pas oublier ! Lisez cet article pour \u00eatre incollable.\",\"breadcrumb\":{\"@id\":\"https:\/\/eifeil.com\/index.php\/2024\/09\/02\/statuts-juridiques-dune-sasu-quelles-sont-les-mentions-obligatoires\/#breadcrumb\"},\"inLanguage\":\"fr-FR\",\"potentialAction\":[{\"@type\":\"ReadAction\",\"target\":[\"https:\/\/eifeil.com\/index.php\/2024\/09\/02\/statuts-juridiques-dune-sasu-quelles-sont-les-mentions-obligatoires\/\"]}]},{\"@type\":\"ImageObject\",\"inLanguage\":\"fr-FR\",\"@id\":\"https:\/\/eifeil.com\/index.php\/2024\/09\/02\/statuts-juridiques-dune-sasu-quelles-sont-les-mentions-obligatoires\/#primaryimage\",\"url\":\"https:\/\/eifeil.com\/wp-content\/uploads\/2024\/09\/Bannieres-blog.png\",\"contentUrl\":\"https:\/\/eifeil.com\/wp-content\/uploads\/2024\/09\/Bannieres-blog.png\",\"width\":1640,\"height\":924},{\"@type\":\"BreadcrumbList\",\"@id\":\"https:\/\/eifeil.com\/index.php\/2024\/09\/02\/statuts-juridiques-dune-sasu-quelles-sont-les-mentions-obligatoires\/#breadcrumb\",\"itemListElement\":[{\"@type\":\"ListItem\",\"position\":1,\"name\":\"Accueil\",\"item\":\"https:\/\/eifeil.com\/\"},{\"@type\":\"ListItem\",\"position\":2,\"name\":\"Statuts juridiques d&rsquo;une SASU : Quelles sont les mentions obligatoires ?\"}]},{\"@type\":\"WebSite\",\"@id\":\"https:\/\/eifeil.com\/#website\",\"url\":\"https:\/\/eifeil.com\/\",\"name\":\"EIFEIL\",\"description\":\"\u00c9diteurs Ind\u00e9pendants F\u00e9d\u00e9r\u00e9s en France\",\"potentialAction\":[{\"@type\":\"SearchAction\",\"target\":{\"@type\":\"EntryPoint\",\"urlTemplate\":\"https:\/\/eifeil.com\/?s={search_term_string}\"},\"query-input\":{\"@type\":\"PropertyValueSpecification\",\"valueRequired\":true,\"valueName\":\"search_term_string\"}}],\"inLanguage\":\"fr-FR\"},{\"@type\":\"Person\",\"@id\":\"https:\/\/eifeil.com\/#\/schema\/person\/d3398e3af494abb571fb142b5ef074d2\",\"name\":\"admin6173\",\"image\":{\"@type\":\"ImageObject\",\"inLanguage\":\"fr-FR\",\"@id\":\"https:\/\/eifeil.com\/#\/schema\/person\/image\/\",\"url\":\"https:\/\/secure.gravatar.com\/avatar\/af326bdf008db93c146414fceef6a0c32555518597f72f45b2400acfce1c7224?s=96&d=mm&r=g\",\"contentUrl\":\"https:\/\/secure.gravatar.com\/avatar\/af326bdf008db93c146414fceef6a0c32555518597f72f45b2400acfce1c7224?s=96&d=mm&r=g\",\"caption\":\"admin6173\"},\"sameAs\":[\"http:\/\/eifeil.com\/di13089-ovh\"],\"url\":\"https:\/\/eifeil.com\/index.php\/author\/admin6173\/\"}]}<\/script>\n<!-- \/ Yoast SEO plugin. -->","yoast_head_json":{"title":"Statuts juridiques d'une SASU : Quelles sont les mentions obligatoires ? - EIFEIL","description":"Statuts juridiques d'une SASU : Quelles sont les mentions obligatoires \u00e0 ne pas oublier ! Lisez cet article pour \u00eatre incollable.","robots":{"index":"index","follow":"follow","max-snippet":"max-snippet:-1","max-image-preview":"max-image-preview:large","max-video-preview":"max-video-preview:-1"},"canonical":"https:\/\/eifeil.com\/index.php\/2024\/09\/02\/statuts-juridiques-dune-sasu-quelles-sont-les-mentions-obligatoires\/","og_locale":"fr_FR","og_type":"article","og_title":"Statuts juridiques d'une SASU : Quelles sont les mentions obligatoires ? - EIFEIL","og_description":"Statuts juridiques d'une SASU : Quelles sont les mentions obligatoires \u00e0 ne pas oublier ! Lisez cet article pour \u00eatre incollable.","og_url":"https:\/\/eifeil.com\/index.php\/2024\/09\/02\/statuts-juridiques-dune-sasu-quelles-sont-les-mentions-obligatoires\/","og_site_name":"EIFEIL","article_published_time":"2024-09-02T09:23:26+00:00","article_modified_time":"2024-09-02T09:40:55+00:00","og_image":[{"width":1640,"height":924,"url":"https:\/\/eifeil.com\/wp-content\/uploads\/2024\/09\/Bannieres-blog.png","type":"image\/png"}],"author":"admin6173","twitter_card":"summary_large_image","twitter_misc":{"\u00c9crit par":"admin6173","Dur\u00e9e de lecture estim\u00e9e":"2 minutes"},"schema":{"@context":"https:\/\/schema.org","@graph":[{"@type":"WebPage","@id":"https:\/\/eifeil.com\/index.php\/2024\/09\/02\/statuts-juridiques-dune-sasu-quelles-sont-les-mentions-obligatoires\/","url":"https:\/\/eifeil.com\/index.php\/2024\/09\/02\/statuts-juridiques-dune-sasu-quelles-sont-les-mentions-obligatoires\/","name":"Statuts juridiques d'une SASU : Quelles sont les mentions obligatoires ? - EIFEIL","isPartOf":{"@id":"https:\/\/eifeil.com\/#website"},"primaryImageOfPage":{"@id":"https:\/\/eifeil.com\/index.php\/2024\/09\/02\/statuts-juridiques-dune-sasu-quelles-sont-les-mentions-obligatoires\/#primaryimage"},"image":{"@id":"https:\/\/eifeil.com\/index.php\/2024\/09\/02\/statuts-juridiques-dune-sasu-quelles-sont-les-mentions-obligatoires\/#primaryimage"},"thumbnailUrl":"https:\/\/eifeil.com\/wp-content\/uploads\/2024\/09\/Bannieres-blog.png","datePublished":"2024-09-02T09:23:26+00:00","dateModified":"2024-09-02T09:40:55+00:00","author":{"@id":"https:\/\/eifeil.com\/#\/schema\/person\/d3398e3af494abb571fb142b5ef074d2"},"description":"Statuts juridiques d'une SASU : Quelles sont les mentions obligatoires \u00e0 ne pas oublier ! Lisez cet article pour \u00eatre incollable.","breadcrumb":{"@id":"https:\/\/eifeil.com\/index.php\/2024\/09\/02\/statuts-juridiques-dune-sasu-quelles-sont-les-mentions-obligatoires\/#breadcrumb"},"inLanguage":"fr-FR","potentialAction":[{"@type":"ReadAction","target":["https:\/\/eifeil.com\/index.php\/2024\/09\/02\/statuts-juridiques-dune-sasu-quelles-sont-les-mentions-obligatoires\/"]}]},{"@type":"ImageObject","inLanguage":"fr-FR","@id":"https:\/\/eifeil.com\/index.php\/2024\/09\/02\/statuts-juridiques-dune-sasu-quelles-sont-les-mentions-obligatoires\/#primaryimage","url":"https:\/\/eifeil.com\/wp-content\/uploads\/2024\/09\/Bannieres-blog.png","contentUrl":"https:\/\/eifeil.com\/wp-content\/uploads\/2024\/09\/Bannieres-blog.png","width":1640,"height":924},{"@type":"BreadcrumbList","@id":"https:\/\/eifeil.com\/index.php\/2024\/09\/02\/statuts-juridiques-dune-sasu-quelles-sont-les-mentions-obligatoires\/#breadcrumb","itemListElement":[{"@type":"ListItem","position":1,"name":"Accueil","item":"https:\/\/eifeil.com\/"},{"@type":"ListItem","position":2,"name":"Statuts juridiques d&rsquo;une SASU : Quelles sont les mentions obligatoires ?"}]},{"@type":"WebSite","@id":"https:\/\/eifeil.com\/#website","url":"https:\/\/eifeil.com\/","name":"EIFEIL","description":"\u00c9diteurs Ind\u00e9pendants F\u00e9d\u00e9r\u00e9s en France","potentialAction":[{"@type":"SearchAction","target":{"@type":"EntryPoint","urlTemplate":"https:\/\/eifeil.com\/?s={search_term_string}"},"query-input":{"@type":"PropertyValueSpecification","valueRequired":true,"valueName":"search_term_string"}}],"inLanguage":"fr-FR"},{"@type":"Person","@id":"https:\/\/eifeil.com\/#\/schema\/person\/d3398e3af494abb571fb142b5ef074d2","name":"admin6173","image":{"@type":"ImageObject","inLanguage":"fr-FR","@id":"https:\/\/eifeil.com\/#\/schema\/person\/image\/","url":"https:\/\/secure.gravatar.com\/avatar\/af326bdf008db93c146414fceef6a0c32555518597f72f45b2400acfce1c7224?s=96&d=mm&r=g","contentUrl":"https:\/\/secure.gravatar.com\/avatar\/af326bdf008db93c146414fceef6a0c32555518597f72f45b2400acfce1c7224?s=96&d=mm&r=g","caption":"admin6173"},"sameAs":["http:\/\/eifeil.com\/di13089-ovh"],"url":"https:\/\/eifeil.com\/index.php\/author\/admin6173\/"}]}},"_links":{"self":[{"href":"https:\/\/eifeil.com\/index.php\/wp-json\/wp\/v2\/posts\/6076","targetHints":{"allow":["GET"]}}],"collection":[{"href":"https:\/\/eifeil.com\/index.php\/wp-json\/wp\/v2\/posts"}],"about":[{"href":"https:\/\/eifeil.com\/index.php\/wp-json\/wp\/v2\/types\/post"}],"author":[{"embeddable":true,"href":"https:\/\/eifeil.com\/index.php\/wp-json\/wp\/v2\/users\/1"}],"replies":[{"embeddable":true,"href":"https:\/\/eifeil.com\/index.php\/wp-json\/wp\/v2\/comments?post=6076"}],"version-history":[{"count":4,"href":"https:\/\/eifeil.com\/index.php\/wp-json\/wp\/v2\/posts\/6076\/revisions"}],"predecessor-version":[{"id":6080,"href":"https:\/\/eifeil.com\/index.php\/wp-json\/wp\/v2\/posts\/6076\/revisions\/6080"}],"wp:featuredmedia":[{"embeddable":true,"href":"https:\/\/eifeil.com\/index.php\/wp-json\/wp\/v2\/media\/6081"}],"wp:attachment":[{"href":"https:\/\/eifeil.com\/index.php\/wp-json\/wp\/v2\/media?parent=6076"}],"wp:term":[{"taxonomy":"category","embeddable":true,"href":"https:\/\/eifeil.com\/index.php\/wp-json\/wp\/v2\/categories?post=6076"},{"taxonomy":"post_tag","embeddable":true,"href":"https:\/\/eifeil.com\/index.php\/wp-json\/wp\/v2\/tags?post=6076"}],"curies":[{"name":"wp","href":"https:\/\/api.w.org\/{rel}","templated":true}]}}