{"id":6097,"date":"2024-09-06T17:44:41","date_gmt":"2024-09-06T15:44:41","guid":{"rendered":"https:\/\/eifeil.com\/?p=6097"},"modified":"2024-09-06T17:49:52","modified_gmt":"2024-09-06T15:49:52","slug":"nommer-le-gerant-dune-eurl-les-etapes-cles","status":"publish","type":"post","link":"https:\/\/eifeil.com\/index.php\/2024\/09\/06\/nommer-le-gerant-dune-eurl-les-etapes-cles\/","title":{"rendered":"Nommer le G\u00e9rant d&rsquo;une EURL : Les \u00c9tapes Cl\u00e9s"},"content":{"rendered":"\t\t<div data-elementor-type=\"wp-post\" data-elementor-id=\"6097\" class=\"elementor elementor-6097\">\n\t\t\t\t\t\t<section class=\"elementor-section elementor-top-section elementor-element elementor-element-307d13a elementor-section-boxed elementor-section-height-default elementor-section-height-default\" data-id=\"307d13a\" data-element_type=\"section\" data-e-type=\"section\">\n\t\t\t\t\t\t<div class=\"elementor-container elementor-column-gap-default\">\n\t\t\t\t\t<div class=\"elementor-column elementor-col-100 elementor-top-column elementor-element elementor-element-49f6628\" data-id=\"49f6628\" data-element_type=\"column\" data-e-type=\"column\">\n\t\t\t<div class=\"elementor-widget-wrap elementor-element-populated\">\n\t\t\t\t\t\t<div class=\"elementor-element elementor-element-f3c9b61 elementor-widget elementor-widget-spacer\" data-id=\"f3c9b61\" data-element_type=\"widget\" data-e-type=\"widget\" data-widget_type=\"spacer.default\">\n\t\t\t\t<div class=\"elementor-widget-container\">\n\t\t\t\t\t\t\t<div class=\"elementor-spacer\">\n\t\t\t<div class=\"elementor-spacer-inner\"><\/div>\n\t\t<\/div>\n\t\t\t\t\t\t<\/div>\n\t\t\t\t<\/div>\n\t\t\t\t<div class=\"elementor-element elementor-element-72fe3cc elementor-widget elementor-widget-text-editor\" data-id=\"72fe3cc\" data-element_type=\"widget\" data-e-type=\"widget\" data-widget_type=\"text-editor.default\">\n\t\t\t\t<div class=\"elementor-widget-container\">\n\t\t\t\t\t\t\t\t\t<p>La nomination du g\u00e9rant d&rsquo;une EURL (Entreprise Unipersonnelle \u00e0 Responsabilit\u00e9 Limit\u00e9e) est une \u00e9tape cruciale dans la gestion de cette forme juridique. Que vous soyez en train de cr\u00e9er votre entreprise ou que vous souhaitiez modifier la direction actuelle, voici un guide pour vous accompagner dans cette d\u00e9marche.<\/p>\t\t\t\t\t\t\t\t<\/div>\n\t\t\t\t<\/div>\n\t\t\t\t<div class=\"elementor-element elementor-element-364fd20 elementor-widget elementor-widget-heading\" data-id=\"364fd20\" data-element_type=\"widget\" data-e-type=\"widget\" data-widget_type=\"heading.default\">\n\t\t\t\t<div class=\"elementor-widget-container\">\n\t\t\t\t\t<h2 class=\"elementor-heading-title elementor-size-default\">1. R\u00e9daction des Statuts et Choix du G\u00e9rant<\/h2>\t\t\t\t<\/div>\n\t\t\t\t<\/div>\n\t\t\t\t<div class=\"elementor-element elementor-element-bc9fe1c elementor-widget elementor-widget-text-editor\" data-id=\"bc9fe1c\" data-element_type=\"widget\" data-e-type=\"widget\" data-widget_type=\"text-editor.default\">\n\t\t\t\t<div class=\"elementor-widget-container\">\n\t\t\t\t\t\t\t\t\t<p>Lors de la cr\u00e9ation de votre EURL, la nomination du g\u00e9rant doit \u00eatre mentionn\u00e9e dans les statuts de l&rsquo;entreprise. Cette nomination peut se faire d\u00e8s la r\u00e9daction initiale des statuts ou par une modification ult\u00e9rieure. Le g\u00e9rant peut \u00eatre l&rsquo;associ\u00e9 unique ou une personne ext\u00e9rieure \u00e0 l&rsquo;entreprise. Il est essentiel de choisir quelqu&rsquo;un de confiance, car le g\u00e9rant aura des pouvoirs \u00e9tendus pour g\u00e9rer l&rsquo;entreprise au quotidien.<\/p>\t\t\t\t\t\t\t\t<\/div>\n\t\t\t\t<\/div>\n\t\t\t\t<div class=\"elementor-element elementor-element-97d2986 elementor-widget elementor-widget-spacer\" data-id=\"97d2986\" data-element_type=\"widget\" data-e-type=\"widget\" data-widget_type=\"spacer.default\">\n\t\t\t\t<div class=\"elementor-widget-container\">\n\t\t\t\t\t\t\t<div class=\"elementor-spacer\">\n\t\t\t<div class=\"elementor-spacer-inner\"><\/div>\n\t\t<\/div>\n\t\t\t\t\t\t<\/div>\n\t\t\t\t<\/div>\n\t\t\t\t<div class=\"elementor-element elementor-element-22b2d9d elementor-widget elementor-widget-heading\" data-id=\"22b2d9d\" data-element_type=\"widget\" data-e-type=\"widget\" data-widget_type=\"heading.default\">\n\t\t\t\t<div class=\"elementor-widget-container\">\n\t\t\t\t\t<h2 class=\"elementor-heading-title elementor-size-default\">2. Formalit\u00e9s de Nomination et Publication<\/h2>\t\t\t\t<\/div>\n\t\t\t\t<\/div>\n\t\t\t\t<div class=\"elementor-element elementor-element-fc2dbb9 elementor-widget elementor-widget-text-editor\" data-id=\"fc2dbb9\" data-element_type=\"widget\" data-e-type=\"widget\" data-widget_type=\"text-editor.default\">\n\t\t\t\t<div class=\"elementor-widget-container\">\n\t\t\t\t\t\t\t\t\t<p>Une fois le g\u00e9rant choisi, il faut r\u00e9diger un acte de nomination. Cet acte peut \u00eatre inclus dans les statuts ou faire l&rsquo;objet d&rsquo;un document s\u00e9par\u00e9. Ensuite, la nomination doit \u00eatre publi\u00e9e dans un journal d&rsquo;annonces l\u00e9gales. Cette \u00e9tape est obligatoire pour informer les tiers de la nouvelle direction de l&rsquo;entreprise.. La publication doit inclure des informations pr\u00e9cises sur la nomination pour \u00eatre valide.<\/p>\t\t\t\t\t\t\t\t<\/div>\n\t\t\t\t<\/div>\n\t\t\t\t<div class=\"elementor-element elementor-element-9cfc115 elementor-widget elementor-widget-spacer\" data-id=\"9cfc115\" data-element_type=\"widget\" data-e-type=\"widget\" data-widget_type=\"spacer.default\">\n\t\t\t\t<div class=\"elementor-widget-container\">\n\t\t\t\t\t\t\t<div class=\"elementor-spacer\">\n\t\t\t<div class=\"elementor-spacer-inner\"><\/div>\n\t\t<\/div>\n\t\t\t\t\t\t<\/div>\n\t\t\t\t<\/div>\n\t\t\t\t<div class=\"elementor-element elementor-element-782edfa elementor-widget elementor-widget-heading\" data-id=\"782edfa\" data-element_type=\"widget\" data-e-type=\"widget\" data-widget_type=\"heading.default\">\n\t\t\t\t<div class=\"elementor-widget-container\">\n\t\t\t\t\t<h2 class=\"elementor-heading-title elementor-size-default\">3. D\u00e9p\u00f4t au Greffe et Inscription au RCS<\/h2>\t\t\t\t<\/div>\n\t\t\t\t<\/div>\n\t\t\t\t<div class=\"elementor-element elementor-element-9502cc9 elementor-widget elementor-widget-text-editor\" data-id=\"9502cc9\" data-element_type=\"widget\" data-e-type=\"widget\" data-widget_type=\"text-editor.default\">\n\t\t\t\t<div class=\"elementor-widget-container\">\n\t\t\t\t\t\t\t\t\t<div align=\"justify\">Le dossier de nomination, comprenant les statuts mis \u00e0 jour et l&rsquo;acte de nomination, doit \u00eatre d\u00e9pos\u00e9 au greffe du tribunal de commerce. Ce d\u00e9p\u00f4t officialise la nomination. Par la suite, la nomination du g\u00e9rant doit \u00eatre inscrite au Registre du Commerce et des Soci\u00e9t\u00e9s (RCS). Cette inscription est une formalit\u00e9 indispensable pour que la nomination soit opposable aux tiers. Les co\u00fbts li\u00e9s \u00e0 ces d\u00e9marches peuvent varier, mais ils incluent g\u00e9n\u00e9ralement les frais de publication et les frais de greffe.. Les d\u00e9lais pour finaliser la nomination peuvent prendre quelques semaines.<\/div><div align=\"justify\">\u00a0<\/div><div align=\"justify\">En suivant ces \u00e9tapes, vous vous assurez que la nomination du g\u00e9rant de votre EURL est conforme aux exigences l\u00e9gales et administratives.<\/div>\t\t\t\t\t\t\t\t<\/div>\n\t\t\t\t<\/div>\n\t\t\t\t<div class=\"elementor-element elementor-element-0d33ebe elementor-widget elementor-widget-spacer\" data-id=\"0d33ebe\" data-element_type=\"widget\" data-e-type=\"widget\" data-widget_type=\"spacer.default\">\n\t\t\t\t<div class=\"elementor-widget-container\">\n\t\t\t\t\t\t\t<div class=\"elementor-spacer\">\n\t\t\t<div class=\"elementor-spacer-inner\"><\/div>\n\t\t<\/div>\n\t\t\t\t\t\t<\/div>\n\t\t\t\t<\/div>\n\t\t\t\t\t<\/div>\n\t\t<\/div>\n\t\t\t\t\t<\/div>\n\t\t<\/section>\n\t\t\t\t<\/div>\n\t\t","protected":false},"excerpt":{"rendered":"<p>La nomination du g\u00e9rant d&rsquo;une EURL (Entreprise Unipersonnelle \u00e0 Responsabilit\u00e9 Limit\u00e9e) est une \u00e9tape cruciale dans la gestion de cette forme juridique. Que vous soyez en train de cr\u00e9er votre [&hellip;]<\/p>\n","protected":false},"author":1,"featured_media":6103,"comment_status":"open","ping_status":"open","sticky":false,"template":"","format":"standard","meta":{"footnotes":""},"categories":[24,22,20],"tags":[],"class_list":["post-6097","post","type-post","status-publish","format-standard","has-post-thumbnail","hentry","category-environnement-professionnel","category-financement","category-metier"],"yoast_head":"<!-- This site is optimized with the Yoast SEO plugin v26.6 - https:\/\/yoast.com\/wordpress\/plugins\/seo\/ -->\n<title>Nommer le G\u00e9rant d&#039;une EURL : Les \u00c9tapes Cl\u00e9s - EIFEIL<\/title>\n<meta name=\"description\" content=\"D\u00e9couvrez-les quelques \u00e9tapes cl\u00e9s pour nommer le g\u00e9rant de votre EURL. Voici un guide pour vous accompagner dans cette d\u00e9marche.\" \/>\n<meta name=\"robots\" content=\"index, follow, max-snippet:-1, max-image-preview:large, max-video-preview:-1\" \/>\n<link rel=\"canonical\" href=\"https:\/\/eifeil.com\/index.php\/2024\/09\/06\/nommer-le-gerant-dune-eurl-les-etapes-cles\/\" \/>\n<meta property=\"og:locale\" content=\"fr_FR\" \/>\n<meta property=\"og:type\" content=\"article\" \/>\n<meta property=\"og:title\" content=\"Nommer le G\u00e9rant d&#039;une EURL : Les \u00c9tapes Cl\u00e9s - EIFEIL\" \/>\n<meta property=\"og:description\" content=\"D\u00e9couvrez-les quelques \u00e9tapes cl\u00e9s pour nommer le g\u00e9rant de votre EURL. Voici un guide pour vous accompagner dans cette d\u00e9marche.\" \/>\n<meta property=\"og:url\" content=\"https:\/\/eifeil.com\/index.php\/2024\/09\/06\/nommer-le-gerant-dune-eurl-les-etapes-cles\/\" \/>\n<meta property=\"og:site_name\" content=\"EIFEIL\" \/>\n<meta property=\"article:published_time\" content=\"2024-09-06T15:44:41+00:00\" \/>\n<meta property=\"article:modified_time\" content=\"2024-09-06T15:49:52+00:00\" \/>\n<meta property=\"og:image\" content=\"https:\/\/eifeil.com\/wp-content\/uploads\/2024\/09\/Bannieres-blog-2.png\" \/>\n\t<meta property=\"og:image:width\" content=\"1640\" \/>\n\t<meta property=\"og:image:height\" content=\"924\" \/>\n\t<meta property=\"og:image:type\" content=\"image\/png\" \/>\n<meta name=\"author\" content=\"admin6173\" \/>\n<meta name=\"twitter:card\" content=\"summary_large_image\" \/>\n<meta name=\"twitter:label1\" content=\"\u00c9crit par\" \/>\n\t<meta name=\"twitter:data1\" content=\"admin6173\" \/>\n\t<meta name=\"twitter:label2\" content=\"Dur\u00e9e de lecture estim\u00e9e\" \/>\n\t<meta name=\"twitter:data2\" content=\"2 minutes\" \/>\n<script type=\"application\/ld+json\" class=\"yoast-schema-graph\">{\"@context\":\"https:\/\/schema.org\",\"@graph\":[{\"@type\":\"WebPage\",\"@id\":\"https:\/\/eifeil.com\/index.php\/2024\/09\/06\/nommer-le-gerant-dune-eurl-les-etapes-cles\/\",\"url\":\"https:\/\/eifeil.com\/index.php\/2024\/09\/06\/nommer-le-gerant-dune-eurl-les-etapes-cles\/\",\"name\":\"Nommer le G\u00e9rant d'une EURL : Les \u00c9tapes Cl\u00e9s - EIFEIL\",\"isPartOf\":{\"@id\":\"https:\/\/eifeil.com\/#website\"},\"primaryImageOfPage\":{\"@id\":\"https:\/\/eifeil.com\/index.php\/2024\/09\/06\/nommer-le-gerant-dune-eurl-les-etapes-cles\/#primaryimage\"},\"image\":{\"@id\":\"https:\/\/eifeil.com\/index.php\/2024\/09\/06\/nommer-le-gerant-dune-eurl-les-etapes-cles\/#primaryimage\"},\"thumbnailUrl\":\"https:\/\/eifeil.com\/wp-content\/uploads\/2024\/09\/Bannieres-blog-2.png\",\"datePublished\":\"2024-09-06T15:44:41+00:00\",\"dateModified\":\"2024-09-06T15:49:52+00:00\",\"author\":{\"@id\":\"https:\/\/eifeil.com\/#\/schema\/person\/d3398e3af494abb571fb142b5ef074d2\"},\"description\":\"D\u00e9couvrez-les quelques \u00e9tapes cl\u00e9s pour nommer le g\u00e9rant de votre EURL. Voici un guide pour vous accompagner dans cette d\u00e9marche.\",\"breadcrumb\":{\"@id\":\"https:\/\/eifeil.com\/index.php\/2024\/09\/06\/nommer-le-gerant-dune-eurl-les-etapes-cles\/#breadcrumb\"},\"inLanguage\":\"fr-FR\",\"potentialAction\":[{\"@type\":\"ReadAction\",\"target\":[\"https:\/\/eifeil.com\/index.php\/2024\/09\/06\/nommer-le-gerant-dune-eurl-les-etapes-cles\/\"]}]},{\"@type\":\"ImageObject\",\"inLanguage\":\"fr-FR\",\"@id\":\"https:\/\/eifeil.com\/index.php\/2024\/09\/06\/nommer-le-gerant-dune-eurl-les-etapes-cles\/#primaryimage\",\"url\":\"https:\/\/eifeil.com\/wp-content\/uploads\/2024\/09\/Bannieres-blog-2.png\",\"contentUrl\":\"https:\/\/eifeil.com\/wp-content\/uploads\/2024\/09\/Bannieres-blog-2.png\",\"width\":1640,\"height\":924},{\"@type\":\"BreadcrumbList\",\"@id\":\"https:\/\/eifeil.com\/index.php\/2024\/09\/06\/nommer-le-gerant-dune-eurl-les-etapes-cles\/#breadcrumb\",\"itemListElement\":[{\"@type\":\"ListItem\",\"position\":1,\"name\":\"Accueil\",\"item\":\"https:\/\/eifeil.com\/\"},{\"@type\":\"ListItem\",\"position\":2,\"name\":\"Nommer le G\u00e9rant d&rsquo;une EURL : Les \u00c9tapes Cl\u00e9s\"}]},{\"@type\":\"WebSite\",\"@id\":\"https:\/\/eifeil.com\/#website\",\"url\":\"https:\/\/eifeil.com\/\",\"name\":\"EIFEIL\",\"description\":\"\u00c9diteurs Ind\u00e9pendants F\u00e9d\u00e9r\u00e9s en France\",\"potentialAction\":[{\"@type\":\"SearchAction\",\"target\":{\"@type\":\"EntryPoint\",\"urlTemplate\":\"https:\/\/eifeil.com\/?s={search_term_string}\"},\"query-input\":{\"@type\":\"PropertyValueSpecification\",\"valueRequired\":true,\"valueName\":\"search_term_string\"}}],\"inLanguage\":\"fr-FR\"},{\"@type\":\"Person\",\"@id\":\"https:\/\/eifeil.com\/#\/schema\/person\/d3398e3af494abb571fb142b5ef074d2\",\"name\":\"admin6173\",\"image\":{\"@type\":\"ImageObject\",\"inLanguage\":\"fr-FR\",\"@id\":\"https:\/\/eifeil.com\/#\/schema\/person\/image\/\",\"url\":\"https:\/\/secure.gravatar.com\/avatar\/af326bdf008db93c146414fceef6a0c32555518597f72f45b2400acfce1c7224?s=96&d=mm&r=g\",\"contentUrl\":\"https:\/\/secure.gravatar.com\/avatar\/af326bdf008db93c146414fceef6a0c32555518597f72f45b2400acfce1c7224?s=96&d=mm&r=g\",\"caption\":\"admin6173\"},\"sameAs\":[\"http:\/\/eifeil.com\/di13089-ovh\"],\"url\":\"https:\/\/eifeil.com\/index.php\/author\/admin6173\/\"}]}<\/script>\n<!-- \/ Yoast SEO plugin. -->","yoast_head_json":{"title":"Nommer le G\u00e9rant d'une EURL : Les \u00c9tapes Cl\u00e9s - EIFEIL","description":"D\u00e9couvrez-les quelques \u00e9tapes cl\u00e9s pour nommer le g\u00e9rant de votre EURL. Voici un guide pour vous accompagner dans cette d\u00e9marche.","robots":{"index":"index","follow":"follow","max-snippet":"max-snippet:-1","max-image-preview":"max-image-preview:large","max-video-preview":"max-video-preview:-1"},"canonical":"https:\/\/eifeil.com\/index.php\/2024\/09\/06\/nommer-le-gerant-dune-eurl-les-etapes-cles\/","og_locale":"fr_FR","og_type":"article","og_title":"Nommer le G\u00e9rant d'une EURL : Les \u00c9tapes Cl\u00e9s - EIFEIL","og_description":"D\u00e9couvrez-les quelques \u00e9tapes cl\u00e9s pour nommer le g\u00e9rant de votre EURL. Voici un guide pour vous accompagner dans cette d\u00e9marche.","og_url":"https:\/\/eifeil.com\/index.php\/2024\/09\/06\/nommer-le-gerant-dune-eurl-les-etapes-cles\/","og_site_name":"EIFEIL","article_published_time":"2024-09-06T15:44:41+00:00","article_modified_time":"2024-09-06T15:49:52+00:00","og_image":[{"width":1640,"height":924,"url":"https:\/\/eifeil.com\/wp-content\/uploads\/2024\/09\/Bannieres-blog-2.png","type":"image\/png"}],"author":"admin6173","twitter_card":"summary_large_image","twitter_misc":{"\u00c9crit par":"admin6173","Dur\u00e9e de lecture estim\u00e9e":"2 minutes"},"schema":{"@context":"https:\/\/schema.org","@graph":[{"@type":"WebPage","@id":"https:\/\/eifeil.com\/index.php\/2024\/09\/06\/nommer-le-gerant-dune-eurl-les-etapes-cles\/","url":"https:\/\/eifeil.com\/index.php\/2024\/09\/06\/nommer-le-gerant-dune-eurl-les-etapes-cles\/","name":"Nommer le G\u00e9rant d'une EURL : Les \u00c9tapes Cl\u00e9s - EIFEIL","isPartOf":{"@id":"https:\/\/eifeil.com\/#website"},"primaryImageOfPage":{"@id":"https:\/\/eifeil.com\/index.php\/2024\/09\/06\/nommer-le-gerant-dune-eurl-les-etapes-cles\/#primaryimage"},"image":{"@id":"https:\/\/eifeil.com\/index.php\/2024\/09\/06\/nommer-le-gerant-dune-eurl-les-etapes-cles\/#primaryimage"},"thumbnailUrl":"https:\/\/eifeil.com\/wp-content\/uploads\/2024\/09\/Bannieres-blog-2.png","datePublished":"2024-09-06T15:44:41+00:00","dateModified":"2024-09-06T15:49:52+00:00","author":{"@id":"https:\/\/eifeil.com\/#\/schema\/person\/d3398e3af494abb571fb142b5ef074d2"},"description":"D\u00e9couvrez-les quelques \u00e9tapes cl\u00e9s pour nommer le g\u00e9rant de votre EURL. Voici un guide pour vous accompagner dans cette d\u00e9marche.","breadcrumb":{"@id":"https:\/\/eifeil.com\/index.php\/2024\/09\/06\/nommer-le-gerant-dune-eurl-les-etapes-cles\/#breadcrumb"},"inLanguage":"fr-FR","potentialAction":[{"@type":"ReadAction","target":["https:\/\/eifeil.com\/index.php\/2024\/09\/06\/nommer-le-gerant-dune-eurl-les-etapes-cles\/"]}]},{"@type":"ImageObject","inLanguage":"fr-FR","@id":"https:\/\/eifeil.com\/index.php\/2024\/09\/06\/nommer-le-gerant-dune-eurl-les-etapes-cles\/#primaryimage","url":"https:\/\/eifeil.com\/wp-content\/uploads\/2024\/09\/Bannieres-blog-2.png","contentUrl":"https:\/\/eifeil.com\/wp-content\/uploads\/2024\/09\/Bannieres-blog-2.png","width":1640,"height":924},{"@type":"BreadcrumbList","@id":"https:\/\/eifeil.com\/index.php\/2024\/09\/06\/nommer-le-gerant-dune-eurl-les-etapes-cles\/#breadcrumb","itemListElement":[{"@type":"ListItem","position":1,"name":"Accueil","item":"https:\/\/eifeil.com\/"},{"@type":"ListItem","position":2,"name":"Nommer le G\u00e9rant d&rsquo;une EURL : Les \u00c9tapes Cl\u00e9s"}]},{"@type":"WebSite","@id":"https:\/\/eifeil.com\/#website","url":"https:\/\/eifeil.com\/","name":"EIFEIL","description":"\u00c9diteurs Ind\u00e9pendants F\u00e9d\u00e9r\u00e9s en France","potentialAction":[{"@type":"SearchAction","target":{"@type":"EntryPoint","urlTemplate":"https:\/\/eifeil.com\/?s={search_term_string}"},"query-input":{"@type":"PropertyValueSpecification","valueRequired":true,"valueName":"search_term_string"}}],"inLanguage":"fr-FR"},{"@type":"Person","@id":"https:\/\/eifeil.com\/#\/schema\/person\/d3398e3af494abb571fb142b5ef074d2","name":"admin6173","image":{"@type":"ImageObject","inLanguage":"fr-FR","@id":"https:\/\/eifeil.com\/#\/schema\/person\/image\/","url":"https:\/\/secure.gravatar.com\/avatar\/af326bdf008db93c146414fceef6a0c32555518597f72f45b2400acfce1c7224?s=96&d=mm&r=g","contentUrl":"https:\/\/secure.gravatar.com\/avatar\/af326bdf008db93c146414fceef6a0c32555518597f72f45b2400acfce1c7224?s=96&d=mm&r=g","caption":"admin6173"},"sameAs":["http:\/\/eifeil.com\/di13089-ovh"],"url":"https:\/\/eifeil.com\/index.php\/author\/admin6173\/"}]}},"_links":{"self":[{"href":"https:\/\/eifeil.com\/index.php\/wp-json\/wp\/v2\/posts\/6097","targetHints":{"allow":["GET"]}}],"collection":[{"href":"https:\/\/eifeil.com\/index.php\/wp-json\/wp\/v2\/posts"}],"about":[{"href":"https:\/\/eifeil.com\/index.php\/wp-json\/wp\/v2\/types\/post"}],"author":[{"embeddable":true,"href":"https:\/\/eifeil.com\/index.php\/wp-json\/wp\/v2\/users\/1"}],"replies":[{"embeddable":true,"href":"https:\/\/eifeil.com\/index.php\/wp-json\/wp\/v2\/comments?post=6097"}],"version-history":[{"count":5,"href":"https:\/\/eifeil.com\/index.php\/wp-json\/wp\/v2\/posts\/6097\/revisions"}],"predecessor-version":[{"id":6102,"href":"https:\/\/eifeil.com\/index.php\/wp-json\/wp\/v2\/posts\/6097\/revisions\/6102"}],"wp:featuredmedia":[{"embeddable":true,"href":"https:\/\/eifeil.com\/index.php\/wp-json\/wp\/v2\/media\/6103"}],"wp:attachment":[{"href":"https:\/\/eifeil.com\/index.php\/wp-json\/wp\/v2\/media?parent=6097"}],"wp:term":[{"taxonomy":"category","embeddable":true,"href":"https:\/\/eifeil.com\/index.php\/wp-json\/wp\/v2\/categories?post=6097"},{"taxonomy":"post_tag","embeddable":true,"href":"https:\/\/eifeil.com\/index.php\/wp-json\/wp\/v2\/tags?post=6097"}],"curies":[{"name":"wp","href":"https:\/\/api.w.org\/{rel}","templated":true}]}}