{"id":6433,"date":"2024-10-22T16:27:12","date_gmt":"2024-10-22T14:27:12","guid":{"rendered":"https:\/\/eifeil.com\/?p=6433"},"modified":"2024-10-22T16:43:23","modified_gmt":"2024-10-22T14:43:23","slug":"creer-une-sas-les-mentions-obligatoires-des-statuts-juridiques","status":"publish","type":"post","link":"https:\/\/eifeil.com\/index.php\/2024\/10\/22\/creer-une-sas-les-mentions-obligatoires-des-statuts-juridiques\/","title":{"rendered":"Cr\u00e9er une SAS : les mentions obligatoires des statuts juridiques"},"content":{"rendered":"\t\t<div data-elementor-type=\"wp-post\" data-elementor-id=\"6433\" class=\"elementor elementor-6433\">\n\t\t\t\t\t\t<section class=\"elementor-section elementor-top-section elementor-element elementor-element-4ef1bee elementor-section-boxed elementor-section-height-default elementor-section-height-default\" data-id=\"4ef1bee\" data-element_type=\"section\" data-e-type=\"section\">\n\t\t\t\t\t\t<div class=\"elementor-container elementor-column-gap-default\">\n\t\t\t\t\t<div class=\"elementor-column elementor-col-100 elementor-top-column elementor-element elementor-element-9a80e9d\" data-id=\"9a80e9d\" data-element_type=\"column\" data-e-type=\"column\">\n\t\t\t<div class=\"elementor-widget-wrap elementor-element-populated\">\n\t\t\t\t\t\t<div class=\"elementor-element elementor-element-6a8fdca elementor-widget elementor-widget-spacer\" data-id=\"6a8fdca\" data-element_type=\"widget\" data-e-type=\"widget\" data-widget_type=\"spacer.default\">\n\t\t\t\t<div class=\"elementor-widget-container\">\n\t\t\t\t\t\t\t<div class=\"elementor-spacer\">\n\t\t\t<div class=\"elementor-spacer-inner\"><\/div>\n\t\t<\/div>\n\t\t\t\t\t\t<\/div>\n\t\t\t\t<\/div>\n\t\t\t\t<div class=\"elementor-element elementor-element-96d1812 elementor-widget elementor-widget-text-editor\" data-id=\"96d1812\" data-element_type=\"widget\" data-e-type=\"widget\" data-widget_type=\"text-editor.default\">\n\t\t\t\t<div class=\"elementor-widget-container\">\n\t\t\t\t\t\t\t\t\t<p>Saviez-vous que plus des deux tiers des entrepreneurs optent pour la Soci\u00e9t\u00e9 par Actions Simplifi\u00e9e (SAS) en raison de sa grande libert\u00e9 de fonctionnement ? La cr\u00e9ation d&rsquo;une SAS est une \u00e9tape importante pour tout chef d&rsquo;entreprise souhaitant b\u00e9n\u00e9ficier de cette flexibilit\u00e9. Cependant, il est essentiel de bien comprendre les mentions obligatoires \u00e0 inclure dans les statuts juridiques pour \u00e9viter tout \u00e9cueil juridique.<\/p>\t\t\t\t\t\t\t\t<\/div>\n\t\t\t\t<\/div>\n\t\t\t\t<div class=\"elementor-element elementor-element-567d8b2 elementor-widget elementor-widget-heading\" data-id=\"567d8b2\" data-element_type=\"widget\" data-e-type=\"widget\" data-widget_type=\"heading.default\">\n\t\t\t\t<div class=\"elementor-widget-container\">\n\t\t\t\t\t<h2 class=\"elementor-heading-title elementor-size-default\">Les mentions essentielles des statuts <\/h2>\t\t\t\t<\/div>\n\t\t\t\t<\/div>\n\t\t\t\t<div class=\"elementor-element elementor-element-855d8e2 elementor-widget elementor-widget-text-editor\" data-id=\"855d8e2\" data-element_type=\"widget\" data-e-type=\"widget\" data-widget_type=\"text-editor.default\">\n\t\t\t\t<div class=\"elementor-widget-container\">\n\t\t\t\t\t\t\t\t\t<p>Les statuts d&rsquo;une SAS doivent imp\u00e9rativement inclure certaines mentions pour \u00eatre valides. Parmi celles-ci, on retrouve la forme sociale (SAS), la d\u00e9nomination sociale, l&rsquo;adresse du si\u00e8ge social, l&rsquo;objet social, la dur\u00e9e de vie de l&rsquo;entreprise et les informations concernant les dirigeants.\u00a0<\/p>\t\t\t\t\t\t\t\t<\/div>\n\t\t\t\t<\/div>\n\t\t\t\t<div class=\"elementor-element elementor-element-75bdd28 elementor-widget elementor-widget-heading\" data-id=\"75bdd28\" data-element_type=\"widget\" data-e-type=\"widget\" data-widget_type=\"heading.default\">\n\t\t\t\t<div class=\"elementor-widget-container\">\n\t\t\t\t\t<h2 class=\"elementor-heading-title elementor-size-default\">Le capital social et les apports en nature\n<\/h2>\t\t\t\t<\/div>\n\t\t\t\t<\/div>\n\t\t\t\t<div class=\"elementor-element elementor-element-bde3dec elementor-widget elementor-widget-text-editor\" data-id=\"bde3dec\" data-element_type=\"widget\" data-e-type=\"widget\" data-widget_type=\"text-editor.default\">\n\t\t\t\t<div class=\"elementor-widget-container\">\n\t\t\t\t\t\t\t\t\t<p>Le capital social est un autre \u00e9l\u00e9ment cl\u00e9 des statuts. Il doit mentionner le montant du capital initial, le nombre d&rsquo;actions \u00e9mises, leur valeur nominale et l&rsquo;identit\u00e9 des titulaires. Si un associ\u00e9 r\u00e9alise un apport en nature, les statuts doivent \u00e9galement inclure l&rsquo;identit\u00e9 de l&rsquo;associ\u00e9, une description pr\u00e9cise du bien apport\u00e9, son estimation en num\u00e9raire, et le nombre d&rsquo;actions accord\u00e9es en \u00e9change.\u00a0<\/p>\t\t\t\t\t\t\t\t<\/div>\n\t\t\t\t<\/div>\n\t\t\t\t<div class=\"elementor-element elementor-element-029de1b elementor-widget elementor-widget-heading\" data-id=\"029de1b\" data-element_type=\"widget\" data-e-type=\"widget\" data-widget_type=\"heading.default\">\n\t\t\t\t<div class=\"elementor-widget-container\">\n\t\t\t\t\t<h2 class=\"elementor-heading-title elementor-size-default\">R\u00e9partition des b\u00e9n\u00e9fices et fonctionnement interne <\/h2>\t\t\t\t<\/div>\n\t\t\t\t<\/div>\n\t\t\t\t<div class=\"elementor-element elementor-element-11ea9f8 elementor-widget elementor-widget-text-editor\" data-id=\"11ea9f8\" data-element_type=\"widget\" data-e-type=\"widget\" data-widget_type=\"text-editor.default\">\n\t\t\t\t<div class=\"elementor-widget-container\">\n\t\t\t\t\t\t\t\t\t<div align=\"justify\">Les statuts doivent aussi d\u00e9finir les r\u00e8gles de r\u00e9partition des b\u00e9n\u00e9fices, la constitution de r\u00e9serves, et la distribution du boni de liquidation. En outre, ils doivent d\u00e9tailler les modalit\u00e9s de prise de d\u00e9cision, les pouvoirs des dirigeants et les formalit\u00e9s de souscription aux actions. Il est aussi possible d&rsquo;ajouter des clauses facultatives pour pr\u00e9ciser les modalit\u00e9s de gestion interne, comme des clauses de m\u00e9diation pour la gestion des conflits ou des clauses d&rsquo;exclusion et d&rsquo;\u00e9viction des associ\u00e9s.<\/div>\t\t\t\t\t\t\t\t<\/div>\n\t\t\t\t<\/div>\n\t\t\t\t<div class=\"elementor-element elementor-element-92fa679 elementor-widget elementor-widget-spacer\" data-id=\"92fa679\" data-element_type=\"widget\" data-e-type=\"widget\" data-widget_type=\"spacer.default\">\n\t\t\t\t<div class=\"elementor-widget-container\">\n\t\t\t\t\t\t\t<div class=\"elementor-spacer\">\n\t\t\t<div class=\"elementor-spacer-inner\"><\/div>\n\t\t<\/div>\n\t\t\t\t\t\t<\/div>\n\t\t\t\t<\/div>\n\t\t\t\t<div class=\"elementor-element elementor-element-402341f elementor-widget elementor-widget-text-editor\" data-id=\"402341f\" data-element_type=\"widget\" data-e-type=\"widget\" data-widget_type=\"text-editor.default\">\n\t\t\t\t<div class=\"elementor-widget-container\">\n\t\t\t\t\t\t\t\t\t<div align=\"justify\"><strong>En r\u00e9sum\u00e9, la r\u00e9daction des statuts d&rsquo;une SAS n\u00e9cessite une attention particuli\u00e8re aux mentions obligatoires pour garantir la conformit\u00e9 juridique de l&rsquo;entreprise.\u00a0<\/strong><\/div>\t\t\t\t\t\t\t\t<\/div>\n\t\t\t\t<\/div>\n\t\t\t\t\t<\/div>\n\t\t<\/div>\n\t\t\t\t\t<\/div>\n\t\t<\/section>\n\t\t\t\t<\/div>\n\t\t","protected":false},"excerpt":{"rendered":"<p>Saviez-vous que plus des deux tiers des entrepreneurs optent pour la Soci\u00e9t\u00e9 par Actions Simplifi\u00e9e (SAS) en raison de sa grande libert\u00e9 de fonctionnement ? La cr\u00e9ation d&rsquo;une SAS est [&hellip;]<\/p>\n","protected":false},"author":1,"featured_media":6438,"comment_status":"open","ping_status":"open","sticky":false,"template":"","format":"standard","meta":{"footnotes":""},"categories":[1],"tags":[],"class_list":["post-6433","post","type-post","status-publish","format-standard","has-post-thumbnail","hentry","category-non-classe"],"yoast_head":"<!-- This site is optimized with the Yoast SEO plugin v26.6 - https:\/\/yoast.com\/wordpress\/plugins\/seo\/ -->\n<title>Cr\u00e9er une SAS : les mentions obligatoires des statuts juridiques - EIFEIL<\/title>\n<meta name=\"description\" content=\"D\u00e9couvrez les mentions obligatoires des statuts juridiques \u00e0 choisir dans le cadre de la cr\u00e9ation de votre SAS.\" \/>\n<meta name=\"robots\" content=\"index, follow, max-snippet:-1, max-image-preview:large, max-video-preview:-1\" \/>\n<link rel=\"canonical\" href=\"https:\/\/eifeil.com\/index.php\/2024\/10\/22\/creer-une-sas-les-mentions-obligatoires-des-statuts-juridiques\/\" \/>\n<meta property=\"og:locale\" content=\"fr_FR\" \/>\n<meta property=\"og:type\" content=\"article\" \/>\n<meta property=\"og:title\" content=\"Cr\u00e9er une SAS : les mentions obligatoires des statuts juridiques - EIFEIL\" \/>\n<meta property=\"og:description\" content=\"D\u00e9couvrez les mentions obligatoires des statuts juridiques \u00e0 choisir dans le cadre de la cr\u00e9ation de votre SAS.\" \/>\n<meta property=\"og:url\" content=\"https:\/\/eifeil.com\/index.php\/2024\/10\/22\/creer-une-sas-les-mentions-obligatoires-des-statuts-juridiques\/\" \/>\n<meta property=\"og:site_name\" content=\"EIFEIL\" \/>\n<meta property=\"article:published_time\" content=\"2024-10-22T14:27:12+00:00\" \/>\n<meta property=\"article:modified_time\" content=\"2024-10-22T14:43:23+00:00\" \/>\n<meta property=\"og:image\" content=\"https:\/\/eifeil.com\/wp-content\/uploads\/2024\/10\/Bannieres-blog-3.png\" \/>\n\t<meta property=\"og:image:width\" content=\"1640\" \/>\n\t<meta property=\"og:image:height\" content=\"924\" \/>\n\t<meta property=\"og:image:type\" content=\"image\/png\" \/>\n<meta name=\"author\" content=\"admin6173\" \/>\n<meta name=\"twitter:card\" content=\"summary_large_image\" \/>\n<meta name=\"twitter:label1\" content=\"\u00c9crit par\" \/>\n\t<meta name=\"twitter:data1\" content=\"admin6173\" \/>\n\t<meta name=\"twitter:label2\" content=\"Dur\u00e9e de lecture estim\u00e9e\" \/>\n\t<meta name=\"twitter:data2\" content=\"2 minutes\" \/>\n<script type=\"application\/ld+json\" class=\"yoast-schema-graph\">{\"@context\":\"https:\/\/schema.org\",\"@graph\":[{\"@type\":\"WebPage\",\"@id\":\"https:\/\/eifeil.com\/index.php\/2024\/10\/22\/creer-une-sas-les-mentions-obligatoires-des-statuts-juridiques\/\",\"url\":\"https:\/\/eifeil.com\/index.php\/2024\/10\/22\/creer-une-sas-les-mentions-obligatoires-des-statuts-juridiques\/\",\"name\":\"Cr\u00e9er une SAS : les mentions obligatoires des statuts juridiques - EIFEIL\",\"isPartOf\":{\"@id\":\"https:\/\/eifeil.com\/#website\"},\"primaryImageOfPage\":{\"@id\":\"https:\/\/eifeil.com\/index.php\/2024\/10\/22\/creer-une-sas-les-mentions-obligatoires-des-statuts-juridiques\/#primaryimage\"},\"image\":{\"@id\":\"https:\/\/eifeil.com\/index.php\/2024\/10\/22\/creer-une-sas-les-mentions-obligatoires-des-statuts-juridiques\/#primaryimage\"},\"thumbnailUrl\":\"https:\/\/eifeil.com\/wp-content\/uploads\/2024\/10\/Bannieres-blog-3.png\",\"datePublished\":\"2024-10-22T14:27:12+00:00\",\"dateModified\":\"2024-10-22T14:43:23+00:00\",\"author\":{\"@id\":\"https:\/\/eifeil.com\/#\/schema\/person\/d3398e3af494abb571fb142b5ef074d2\"},\"description\":\"D\u00e9couvrez les mentions obligatoires des statuts juridiques \u00e0 choisir dans le cadre de la cr\u00e9ation de votre SAS.\",\"breadcrumb\":{\"@id\":\"https:\/\/eifeil.com\/index.php\/2024\/10\/22\/creer-une-sas-les-mentions-obligatoires-des-statuts-juridiques\/#breadcrumb\"},\"inLanguage\":\"fr-FR\",\"potentialAction\":[{\"@type\":\"ReadAction\",\"target\":[\"https:\/\/eifeil.com\/index.php\/2024\/10\/22\/creer-une-sas-les-mentions-obligatoires-des-statuts-juridiques\/\"]}]},{\"@type\":\"ImageObject\",\"inLanguage\":\"fr-FR\",\"@id\":\"https:\/\/eifeil.com\/index.php\/2024\/10\/22\/creer-une-sas-les-mentions-obligatoires-des-statuts-juridiques\/#primaryimage\",\"url\":\"https:\/\/eifeil.com\/wp-content\/uploads\/2024\/10\/Bannieres-blog-3.png\",\"contentUrl\":\"https:\/\/eifeil.com\/wp-content\/uploads\/2024\/10\/Bannieres-blog-3.png\",\"width\":1640,\"height\":924},{\"@type\":\"BreadcrumbList\",\"@id\":\"https:\/\/eifeil.com\/index.php\/2024\/10\/22\/creer-une-sas-les-mentions-obligatoires-des-statuts-juridiques\/#breadcrumb\",\"itemListElement\":[{\"@type\":\"ListItem\",\"position\":1,\"name\":\"Accueil\",\"item\":\"https:\/\/eifeil.com\/\"},{\"@type\":\"ListItem\",\"position\":2,\"name\":\"Cr\u00e9er une SAS : les mentions obligatoires des statuts juridiques\"}]},{\"@type\":\"WebSite\",\"@id\":\"https:\/\/eifeil.com\/#website\",\"url\":\"https:\/\/eifeil.com\/\",\"name\":\"EIFEIL\",\"description\":\"\u00c9diteurs Ind\u00e9pendants F\u00e9d\u00e9r\u00e9s en France\",\"potentialAction\":[{\"@type\":\"SearchAction\",\"target\":{\"@type\":\"EntryPoint\",\"urlTemplate\":\"https:\/\/eifeil.com\/?s={search_term_string}\"},\"query-input\":{\"@type\":\"PropertyValueSpecification\",\"valueRequired\":true,\"valueName\":\"search_term_string\"}}],\"inLanguage\":\"fr-FR\"},{\"@type\":\"Person\",\"@id\":\"https:\/\/eifeil.com\/#\/schema\/person\/d3398e3af494abb571fb142b5ef074d2\",\"name\":\"admin6173\",\"image\":{\"@type\":\"ImageObject\",\"inLanguage\":\"fr-FR\",\"@id\":\"https:\/\/eifeil.com\/#\/schema\/person\/image\/\",\"url\":\"https:\/\/secure.gravatar.com\/avatar\/af326bdf008db93c146414fceef6a0c32555518597f72f45b2400acfce1c7224?s=96&d=mm&r=g\",\"contentUrl\":\"https:\/\/secure.gravatar.com\/avatar\/af326bdf008db93c146414fceef6a0c32555518597f72f45b2400acfce1c7224?s=96&d=mm&r=g\",\"caption\":\"admin6173\"},\"sameAs\":[\"http:\/\/eifeil.com\/di13089-ovh\"],\"url\":\"https:\/\/eifeil.com\/index.php\/author\/admin6173\/\"}]}<\/script>\n<!-- \/ Yoast SEO plugin. -->","yoast_head_json":{"title":"Cr\u00e9er une SAS : les mentions obligatoires des statuts juridiques - EIFEIL","description":"D\u00e9couvrez les mentions obligatoires des statuts juridiques \u00e0 choisir dans le cadre de la cr\u00e9ation de votre SAS.","robots":{"index":"index","follow":"follow","max-snippet":"max-snippet:-1","max-image-preview":"max-image-preview:large","max-video-preview":"max-video-preview:-1"},"canonical":"https:\/\/eifeil.com\/index.php\/2024\/10\/22\/creer-une-sas-les-mentions-obligatoires-des-statuts-juridiques\/","og_locale":"fr_FR","og_type":"article","og_title":"Cr\u00e9er une SAS : les mentions obligatoires des statuts juridiques - EIFEIL","og_description":"D\u00e9couvrez les mentions obligatoires des statuts juridiques \u00e0 choisir dans le cadre de la cr\u00e9ation de votre SAS.","og_url":"https:\/\/eifeil.com\/index.php\/2024\/10\/22\/creer-une-sas-les-mentions-obligatoires-des-statuts-juridiques\/","og_site_name":"EIFEIL","article_published_time":"2024-10-22T14:27:12+00:00","article_modified_time":"2024-10-22T14:43:23+00:00","og_image":[{"width":1640,"height":924,"url":"https:\/\/eifeil.com\/wp-content\/uploads\/2024\/10\/Bannieres-blog-3.png","type":"image\/png"}],"author":"admin6173","twitter_card":"summary_large_image","twitter_misc":{"\u00c9crit par":"admin6173","Dur\u00e9e de lecture estim\u00e9e":"2 minutes"},"schema":{"@context":"https:\/\/schema.org","@graph":[{"@type":"WebPage","@id":"https:\/\/eifeil.com\/index.php\/2024\/10\/22\/creer-une-sas-les-mentions-obligatoires-des-statuts-juridiques\/","url":"https:\/\/eifeil.com\/index.php\/2024\/10\/22\/creer-une-sas-les-mentions-obligatoires-des-statuts-juridiques\/","name":"Cr\u00e9er une SAS : les mentions obligatoires des statuts juridiques - EIFEIL","isPartOf":{"@id":"https:\/\/eifeil.com\/#website"},"primaryImageOfPage":{"@id":"https:\/\/eifeil.com\/index.php\/2024\/10\/22\/creer-une-sas-les-mentions-obligatoires-des-statuts-juridiques\/#primaryimage"},"image":{"@id":"https:\/\/eifeil.com\/index.php\/2024\/10\/22\/creer-une-sas-les-mentions-obligatoires-des-statuts-juridiques\/#primaryimage"},"thumbnailUrl":"https:\/\/eifeil.com\/wp-content\/uploads\/2024\/10\/Bannieres-blog-3.png","datePublished":"2024-10-22T14:27:12+00:00","dateModified":"2024-10-22T14:43:23+00:00","author":{"@id":"https:\/\/eifeil.com\/#\/schema\/person\/d3398e3af494abb571fb142b5ef074d2"},"description":"D\u00e9couvrez les mentions obligatoires des statuts juridiques \u00e0 choisir dans le cadre de la cr\u00e9ation de votre SAS.","breadcrumb":{"@id":"https:\/\/eifeil.com\/index.php\/2024\/10\/22\/creer-une-sas-les-mentions-obligatoires-des-statuts-juridiques\/#breadcrumb"},"inLanguage":"fr-FR","potentialAction":[{"@type":"ReadAction","target":["https:\/\/eifeil.com\/index.php\/2024\/10\/22\/creer-une-sas-les-mentions-obligatoires-des-statuts-juridiques\/"]}]},{"@type":"ImageObject","inLanguage":"fr-FR","@id":"https:\/\/eifeil.com\/index.php\/2024\/10\/22\/creer-une-sas-les-mentions-obligatoires-des-statuts-juridiques\/#primaryimage","url":"https:\/\/eifeil.com\/wp-content\/uploads\/2024\/10\/Bannieres-blog-3.png","contentUrl":"https:\/\/eifeil.com\/wp-content\/uploads\/2024\/10\/Bannieres-blog-3.png","width":1640,"height":924},{"@type":"BreadcrumbList","@id":"https:\/\/eifeil.com\/index.php\/2024\/10\/22\/creer-une-sas-les-mentions-obligatoires-des-statuts-juridiques\/#breadcrumb","itemListElement":[{"@type":"ListItem","position":1,"name":"Accueil","item":"https:\/\/eifeil.com\/"},{"@type":"ListItem","position":2,"name":"Cr\u00e9er une SAS : les mentions obligatoires des statuts juridiques"}]},{"@type":"WebSite","@id":"https:\/\/eifeil.com\/#website","url":"https:\/\/eifeil.com\/","name":"EIFEIL","description":"\u00c9diteurs Ind\u00e9pendants F\u00e9d\u00e9r\u00e9s en France","potentialAction":[{"@type":"SearchAction","target":{"@type":"EntryPoint","urlTemplate":"https:\/\/eifeil.com\/?s={search_term_string}"},"query-input":{"@type":"PropertyValueSpecification","valueRequired":true,"valueName":"search_term_string"}}],"inLanguage":"fr-FR"},{"@type":"Person","@id":"https:\/\/eifeil.com\/#\/schema\/person\/d3398e3af494abb571fb142b5ef074d2","name":"admin6173","image":{"@type":"ImageObject","inLanguage":"fr-FR","@id":"https:\/\/eifeil.com\/#\/schema\/person\/image\/","url":"https:\/\/secure.gravatar.com\/avatar\/af326bdf008db93c146414fceef6a0c32555518597f72f45b2400acfce1c7224?s=96&d=mm&r=g","contentUrl":"https:\/\/secure.gravatar.com\/avatar\/af326bdf008db93c146414fceef6a0c32555518597f72f45b2400acfce1c7224?s=96&d=mm&r=g","caption":"admin6173"},"sameAs":["http:\/\/eifeil.com\/di13089-ovh"],"url":"https:\/\/eifeil.com\/index.php\/author\/admin6173\/"}]}},"_links":{"self":[{"href":"https:\/\/eifeil.com\/index.php\/wp-json\/wp\/v2\/posts\/6433","targetHints":{"allow":["GET"]}}],"collection":[{"href":"https:\/\/eifeil.com\/index.php\/wp-json\/wp\/v2\/posts"}],"about":[{"href":"https:\/\/eifeil.com\/index.php\/wp-json\/wp\/v2\/types\/post"}],"author":[{"embeddable":true,"href":"https:\/\/eifeil.com\/index.php\/wp-json\/wp\/v2\/users\/1"}],"replies":[{"embeddable":true,"href":"https:\/\/eifeil.com\/index.php\/wp-json\/wp\/v2\/comments?post=6433"}],"version-history":[{"count":4,"href":"https:\/\/eifeil.com\/index.php\/wp-json\/wp\/v2\/posts\/6433\/revisions"}],"predecessor-version":[{"id":6437,"href":"https:\/\/eifeil.com\/index.php\/wp-json\/wp\/v2\/posts\/6433\/revisions\/6437"}],"wp:featuredmedia":[{"embeddable":true,"href":"https:\/\/eifeil.com\/index.php\/wp-json\/wp\/v2\/media\/6438"}],"wp:attachment":[{"href":"https:\/\/eifeil.com\/index.php\/wp-json\/wp\/v2\/media?parent=6433"}],"wp:term":[{"taxonomy":"category","embeddable":true,"href":"https:\/\/eifeil.com\/index.php\/wp-json\/wp\/v2\/categories?post=6433"},{"taxonomy":"post_tag","embeddable":true,"href":"https:\/\/eifeil.com\/index.php\/wp-json\/wp\/v2\/tags?post=6433"}],"curies":[{"name":"wp","href":"https:\/\/api.w.org\/{rel}","templated":true}]}}